{"id":26887,"date":"2020-10-09T09:27:58","date_gmt":"2020-10-09T09:27:58","guid":{"rendered":"https:\/\/redsemlac.com\/semmexico\/?p=26887"},"modified":"2023-07-21T16:35:16","modified_gmt":"2023-07-21T21:35:16","slug":"darina-marquez-en-busca-de-la-presidencia-municipal-de-pachuca","status":"publish","type":"post","link":"https:\/\/redsemlac.com\/semmexico\/darina-marquez-en-busca-de-la-presidencia-municipal-de-pachuca\/","title":{"rendered":"Darina M\u00e1rquez en busca de la presidencia municipal de Pachuca"},"content":{"rendered":"\n<ul class=\"wp-block-list\"><li>Expresiones despectiva y micromachismos presentes en su campa\u00f1a<\/li><li>No voy sola, dice la candidata de Nueva Alianza quien conform\u00f3 una planilla ciudadana<\/li><\/ul>\n\n\n\n<p class=\"wp-block-paragraph\">Lorena Piedad<\/p>\n\n\n\n<p class=\"wp-block-paragraph\">SemM\u00e9xico, Pachuca, Hgo., 9 de octubre, 2020.- \u201cMe considero una feminista y no me puedo imaginar de que ser\u00eda capaz si me quitan a mi hermana, s\u00ed me matan a mi mam\u00e1, si me matan a una sobrina que Dios no lo quiera, hay que empezar por la empat\u00eda, en los zapatos de quienes luchan para poder sentir su dolor\u201d, explic\u00f3 sobre el movimiento feminista Darina M\u00e1rquez, la \u00fanica candidata a la alcald\u00eda de Pachuca en este proceso electoral que culminar\u00e1 el pr\u00f3ximo 18 de octubre, en el que la ciudadan\u00eda elegir\u00e1 84 autoridades municipales.<\/p>\n\n\n\n<p class=\"wp-block-paragraph\">\u201cCreo que estamos priorizando de una manera diferente, no quiero decir que estoy de acuerdo porque para m\u00ed la violencia es el \u00faltimo de los recursos para solucionar algo, creo que fuego con fuego no se puede apagar, pero tambi\u00e9n entiendo que debe haber mesas de discusi\u00f3n, atenci\u00f3n correcta para que no se llegue a ese extremo, debe existir una adecuada comunicaci\u00f3n, no podemos dejar de visibilizar que el problema existe ya que por eso se est\u00e1 manifestando de esta manera\u201d.&nbsp;<\/p>\n\n\n\n<p class=\"wp-block-paragraph\">El partido Nueva Alianza eligi\u00f3 a Darina M\u00e1rquez como su candidata para contender por la alcald\u00eda de la capital de Hidalgo y la violencia pol\u00edtica no se hizo esperar debido a que en el pasado dedic\u00f3 su vida al canto, \u00bfc\u00f3mo da un giro radical a su vida?&nbsp;<\/p>\n\n\n\n<p class=\"wp-block-paragraph\">\u201cLa gente me empezaba a ver desde el lado de la m\u00fasica, trataba de hacer una vinculaci\u00f3n y apoyo al deporte porque he patrocinado equipos de ni\u00f1os desde hace muchos a\u00f1os y cuando he tenido la oportunidad tambi\u00e9n a muchos talentos hidalguenses, he tratado de generarles una oportunidad porque en su momento es algo que tambi\u00e9n alguien hizo por m\u00ed y se trata de generar una cadena para ir sumando, de ah\u00ed alguien me sugiri\u00f3 en una mesa para 2018 y me llamaron para formar parte en las elecciones en donde represent\u00e9 al PAN, al PRD y a Movimiento Ciudadano como candidata al Senado y esa fue mi primera experiencia pol\u00edtica en realidad.<\/p>\n\n\n\n<p class=\"wp-block-paragraph\">\u201cEse mismo a\u00f1o sali\u00f3 una encuesta que inform\u00f3 que yo fui una de las candidatas m\u00e1s agredidas con comentarios como \u2018pinche vieja regr\u00e9sate a cantar\u2019, por mencionar un ejemplo, siempre las etiquetas por delante aunque ya cuando investigas te das cuenta que son perfiles falsos y eso quiere decir que hay manipulaci\u00f3n al respecto porque creo que les dan miedo las voces ciudadanas verdaderas donde no debemos nada a nadie, no tenemos padrinos o no estamos impuestas por alguien, no hay que rendir cuentas m\u00e1s que a la misma gente\u201d.<\/p>\n\n\n\n<p class=\"wp-block-paragraph\">El actual proceso electoral en Hidalgo se ha caracterizado porque el 53 por ciento del total de participantes lo dominan mujeres, aunque Nueva Alianza registr\u00f3 m\u00e1s hombres.<\/p>\n\n\n\n<p class=\"wp-block-paragraph\">Darina M\u00e1rquez mencion\u00f3 sentirse agradecida por la oportunidad, \u201cme parece maravilloso que hayan apostado por m\u00ed para la capital, es la primera vez que va solo por la alcald\u00eda y tiene esta opci\u00f3n para que Pachuca se pinte de turquesa, me parece maravilloso que haya confiado en una voz ciudadana y eso nos hace diferentes a todos los dem\u00e1s, mi planilla es completamente ciudadana algo que tampoco puede decir ninguno de los otros partidos en donde tienen al hijo, al primo, al hermano, al recomendado, o el dedazo. Yo lo que quiero es que se entienda muy bien que no voy sola, que se trata de un proyecto donde todos vamos a ser escuchados\u201d.<\/p>\n\n\n\n<p class=\"wp-block-paragraph\">La candidata destaca sus or\u00edgenes en el coraz\u00f3n de La Espa\u00f1ita, uno de los barrios m\u00e1s antiguos de la Bella Airosa, como un punto importante para entender a la ciudadan\u00eda, \u201cno me tienen que contar del abandono ni de las carencias porque yo crec\u00ed en uno de ellos, entonces nuestra perspectiva es muy diferente de aquellos que no han trabajado, no se han involucrado de alguna manera para ser \u00fatil a su comunidad y desde ah\u00ed se cuenta solo el discurso.&nbsp;<\/p>\n\n\n\n<p class=\"wp-block-paragraph\">\u201cA todos los barrios y colonias donde he ido siempre hay alguien que me recibe con una sonrisa y me cuenta o se queja abiertamente que quiere participar y sumar y de ah\u00ed tienen que venir las reales soluciones porque ning\u00fan experto lo va a hacer mejor que aquel que lo vive cotidianamente entonces que la gobernanza se aplique.<\/p>\n\n\n\n<p class=\"wp-block-paragraph\">\u201cTambi\u00e9n las mujeres pedimos espacios y respeto, no estamos pidiendo nada que no exista por ley, solamente que han decidido no aplicarlas de manera correcta. Desde la presidencia vamos a brindar atenci\u00f3n especializada con expertos a quienes viven violencia y tiene que ser de una manera emp\u00e1tica con el perfil correcto para no revictimizar a las mujeres y lo vemos en todo M\u00e9xico; desde hace tiempo colaboro activamente con guerreras que est\u00e1n constantemente en la lucha y es terrible que tengan miedo de declarar y de alzar la voz porque lejos de recibir ayuda las tratan mal, entonces debemos empezar con el ejemplo\u201d.<\/p>\n\n\n\n<p class=\"wp-block-paragraph\">Sobre su propuesta de mayor peso para la poblaci\u00f3n de Pachuca explic\u00f3 que tiene un principal eje, \u201cla transparencia y rendici\u00f3n de cuentas, de ah\u00ed se desglosan muchas cosas porque se les ha olvidado durante muchas administraciones decir qu\u00e9 es lo que tiene el municipio, de donde entra y porque, en qu\u00e9 se gasta y porqu\u00e9 y que de manera autom\u00e1tica usando la tecnolog\u00eda se encuentre a disposici\u00f3n de cualquier ciudadano o ciudadana que quiera investigar y sabemos que eso no les gusta, pero se nos olvida tambi\u00e9n a nosotros como ciudadanos exigir que se nos rindan cuentas porque es un derecho que no tiene que estar sujeto al gusto de aquel que se encuentra en presidencia. Tiene que haber licitaciones y apostar mucho al consumo local no nada m\u00e1s en cuanto a productos sino a servicios, que el trabajo se quede para los pachuque\u00f1os\u201d.<\/p>\n\n\n\n<p class=\"wp-block-paragraph\">La contienda por la alcald\u00eda de la capital se torna un escenario complicado para Darina M\u00e1rquez, ya que compite solo junto a candidatos, lo que ha generado que sea omitida por los aspirantes o tenga que enfrentar comentarios mis\u00f3ginos:<\/p>\n\n\n\n<p class=\"wp-block-paragraph\">\u201cS\u00ed ha habido el menosprecio en algunas expresiones cuando hemos coincidido en alg\u00fan foro o evento se dirigen a todos como candidatos y a m\u00ed alg\u00fan candidato me dijo \u2018ay, hola, mijita\u2019, ese tipo de micro machismos que por cultura se han vuelto una manera com\u00fan de expresi\u00f3n y que poco a poco tenemos que visibilizar que no es la manera correcta de dirigirse. Generar esa conciencia que yo creo que nos va a costar un poco de trabajo, pero estamos en el camino correcto.<\/p>\n\n\n\n<p class=\"wp-block-paragraph\">Algunos medios de comunicaci\u00f3n locales, como el caso del peri\u00f3dico Criterio, lanzaron encabezados despectivos hacia la aspirante al etiquetarla como \u201cla cantante\u201d por lo que la competencia no solo implica exponer sus propuestas y enfrentarse a las agresiones de los candidatos sino tambi\u00e9n a la de los medios de comunicaci\u00f3n.<\/p>\n\n\n\n<p class=\"wp-block-paragraph\">\u201cConsidero que es una falta de respeto porque estamos en la misma contienda y se refieren solo a los candidatos sin mencionar a la candidata y est\u00e1 presente esa omisi\u00f3n, siempre tratan de poner una etiqueta extra o de omitir, pero la gente afortunadamente se ha dado cuenta de mi trabajo e incluso nos ha etiquetado en algunas encuestas donde no se me incluye o en notas donde no se refieren a mi participaci\u00f3n como candidata y eso est\u00e1 muy bien porque quiere decir que la gente lo est\u00e1 notando y me defiende porque conoce mi trabajo.<\/p>\n\n\n\n<p class=\"wp-block-paragraph\"><strong>\u201c<\/strong>A mis compa\u00f1eras quiero decirles que no se olviden de que somos precursoras, que tenemos que abrir brecha y hacer un excelente papel para que m\u00e1s mujeres se animen a hacerlo y que no sientan que no tienen derecho o la capacidad, invitarlas a que sigamos esta lucha por tener voz y voto para que realmente nos hagan caso. Invitar a la ciudadan\u00eda a que salgan a votar, que no regalen ese voto, que no les d\u00e9 flojera participar y mucho menos que vendan esa gran oportunidad, que no los manipulen y que sepan que si no participan en estas elecciones despu\u00e9s no tenemos derecho a quejarnos, esta voz ciudadana no s\u00e9 en cuantos a\u00f1os vuelva a repetirse y hay que salir a votar con todas las medidas de precauci\u00f3n porque la pandemia es un factor muy importante y hace at\u00edpicas estas elecciones, pero hay que ejercer ese derecho\u201d.<\/p>\n\n\n\n<p class=\"wp-block-paragraph\">SEM\/lp\/sj<\/p>\n","protected":false},"excerpt":{"rendered":"<p>Expresiones despectiva y micromachismos presentes en su campa\u00f1a No voy sola, dice la candidata de Nueva Alianza quien conform\u00f3 una planilla ciudadana Lorena Piedad SemM\u00e9xico, Pachuca, Hgo., 9 de octubre, 2020.- \u201cMe considero una feminista y no me puedo imaginar de que ser\u00eda capaz si me quitan a mi hermana, s\u00ed me matan a mi [&hellip;]<\/p>\n","protected":false},"author":3,"featured_media":26888,"comment_status":"open","ping_status":"open","sticky":false,"template":"","format":"standard","meta":{"_monsterinsights_skip_tracking":false,"footnotes":""},"categories":[691,141],"tags":[],"class_list":["post-26887","post","type-post","status-publish","format-standard","has-post-thumbnail","category-691","category-elecciones-2020-2021"],"_links":{"self":[{"href":"https:\/\/redsemlac.com\/semmexico\/wp-json\/wp\/v2\/posts\/26887","targetHints":{"allow":["GET"]}}],"collection":[{"href":"https:\/\/redsemlac.com\/semmexico\/wp-json\/wp\/v2\/posts"}],"about":[{"href":"https:\/\/redsemlac.com\/semmexico\/wp-json\/wp\/v2\/types\/post"}],"author":[{"embeddable":true,"href":"https:\/\/redsemlac.com\/semmexico\/wp-json\/wp\/v2\/users\/3"}],"replies":[{"embeddable":true,"href":"https:\/\/redsemlac.com\/semmexico\/wp-json\/wp\/v2\/comments?post=26887"}],"version-history":[{"count":0,"href":"https:\/\/redsemlac.com\/semmexico\/wp-json\/wp\/v2\/posts\/26887\/revisions"}],"wp:featuredmedia":[{"embeddable":true,"href":"https:\/\/redsemlac.com\/semmexico\/wp-json\/wp\/v2\/media\/26888"}],"wp:attachment":[{"href":"https:\/\/redsemlac.com\/semmexico\/wp-json\/wp\/v2\/media?parent=26887"}],"wp:term":[{"taxonomy":"category","embeddable":true,"href":"https:\/\/redsemlac.com\/semmexico\/wp-json\/wp\/v2\/categories?post=26887"},{"taxonomy":"post_tag","embeddable":true,"href":"https:\/\/redsemlac.com\/semmexico\/wp-json\/wp\/v2\/tags?post=26887"}],"curies":[{"name":"wp","href":"https:\/\/api.w.org\/{rel}","templated":true}]}}