{"id":26884,"date":"2020-10-08T23:26:07","date_gmt":"2020-10-08T23:26:07","guid":{"rendered":"https:\/\/redsemlac.com\/semmexico\/?p=26884"},"modified":"2023-07-21T16:35:16","modified_gmt":"2023-07-21T21:35:16","slug":"inauguran-en-guerrero-mic-con-perspectiva-de-genero","status":"publish","type":"post","link":"https:\/\/redsemlac.com\/semmexico\/inauguran-en-guerrero-mic-con-perspectiva-de-genero\/","title":{"rendered":"Inauguran en Guerrero MIC con Perspectiva de G\u00e9nero"},"content":{"rendered":"\n<ul class=\"wp-block-list\"><li>Se presentar\u00e1 del 8 al 15 de octubre en 6 ciudades de esa entidad<\/li><li>72 filmes nacionales e internacionales<\/li><\/ul>\n\n\n\n<p class=\"wp-block-paragraph\">Josefina Aguilar Pastor&nbsp;<\/p>\n\n\n\n<p class=\"wp-block-paragraph\">SemM\u00e9xico, Chilpancingo, Gro., 8 de octubre, 2020.- Inici\u00f3 este jueves en Guerrero,&nbsp;la 9\u00aa edici\u00f3n de la Muestra Internacional de Cine con Perspectiva de G\u00e9nero Tour 2020: G\u00e9nero y Confinamiento, el cual es un proyecto cultural que busca acercar los estudios de g\u00e9nero y los derechos humanos a un p\u00fablico diverso para visibilizar y comunicar esta perspectiva por medio de proyecciones de cine (en l\u00ednea y presenciales).<\/p>\n\n\n\n<p class=\"wp-block-paragraph\">La inauguraci\u00f3n se llev\u00f3 a cabo de manera presencial en un evento realizado en el Palacio de Cultura en Chilpancingo, presidido por el Secretario de Cultura, Mauricio Leyva Castrej\u00f3n, y Victoria Cabrera Escobar, Directora MICG\u00e9nero, entre otras funcionarias y funcionarios del gobierno del Estado.<\/p>\n\n\n\n<p class=\"wp-block-paragraph\">Por quinto a\u00f1o consecutivo, MICG\u00e9nero llega al estado de Guerrero, durante la muestra, realizaran proyecciones y actividades presenciales -con p\u00fablico limitado- siguiendo los protocolos de salud del 8 al 15 de octubre en 6 ciudades: Acapulco, Chilpancingo, Tlapa, Iguala, Taxco y Ayutla.<\/p>\n\n\n\n<p class=\"wp-block-paragraph\">Las sedes en ser\u00e1n, en Acapulco, Centro Cultural Acapulco y Faro Zapata. En Chilpancingo,&nbsp;&nbsp;Palacio de la cultura, Ignacio Manuel Altamirano y Foro de la mancha. En Tlapa, en el&nbsp;&nbsp;Centro Veterinario Morales. En el museo de la Bandera y Santuario de la Patria de Iguala; en el Museo de Arte Virreinal de Taxco y las oficinas de SEDATU, en Ayutla de los Libres.&nbsp;<\/p>\n\n\n\n<p class=\"wp-block-paragraph\">MICG\u00e9nero tour 2020, ha agrupado 72 filmes nacionales e internacionales en las siguientes categor\u00edas: vs media; ecofeminismos; movilidad humana y migraci\u00f3n; minoridades en foco; disonancias; etarismo y relaciones intergeneracionales; encierros y reclusi\u00f3n; resiliencia; cuerpo atl\u00e9tico; queer\/cuir y postporno; derechos sexuales y reproductivos; infancias y derechos humanos y g\u00e9nero y confinamiento.<\/p>\n\n\n\n<p class=\"wp-block-paragraph\">El prop\u00f3sito de MICG\u00e9nero es movilizar la conciencia ciudadana y promover un cambio social al dar a conocer el trabajo que directoras y directores de todo el mundo realizan en su af\u00e1n por documentar otro tipo de realidades, as\u00ed como incidir en la construcci\u00f3n de un imaginario colectivo incluyente.<\/p>\n\n\n\n<p class=\"wp-block-paragraph\">En su tour 2020, la muestra est\u00e1 enfocada al tema g\u00e9nero y confinamiento con el prop\u00f3sito de invitar a pensar, a partir del cine, sobre las intersecciones entre g\u00e9nero, raza y clase social, bajo el contexto global de confinamiento por la crisis de salud p\u00fablica. Toda la programaci\u00f3n de MICG\u00e9nero, puede ser consultada en las redes sociales de la secretar\u00eda de cultura de guerrero y en MIG\u00e9nero Guerrero.<\/p>\n\n\n\n<p class=\"wp-block-paragraph\">SEM\/jap\/sj<\/p>\n","protected":false},"excerpt":{"rendered":"<p>Se presentar\u00e1 del 8 al 15 de octubre en 6 ciudades de esa entidad 72 filmes nacionales e internacionales Josefina Aguilar Pastor&nbsp; SemM\u00e9xico, Chilpancingo, Gro., 8 de octubre, 2020.- Inici\u00f3 este jueves en Guerrero,&nbsp;la 9\u00aa edici\u00f3n de la Muestra Internacional de Cine con Perspectiva de G\u00e9nero Tour 2020: G\u00e9nero y Confinamiento, el cual es un [&hellip;]<\/p>\n","protected":false},"author":3,"featured_media":26885,"comment_status":"open","ping_status":"open","sticky":false,"template":"","format":"standard","meta":{"_monsterinsights_skip_tracking":false,"footnotes":""},"categories":[691,51],"tags":[],"class_list":["post-26884","post","type-post","status-publish","format-standard","has-post-thumbnail","category-691","category-ejecutivo"],"_links":{"self":[{"href":"https:\/\/redsemlac.com\/semmexico\/wp-json\/wp\/v2\/posts\/26884","targetHints":{"allow":["GET"]}}],"collection":[{"href":"https:\/\/redsemlac.com\/semmexico\/wp-json\/wp\/v2\/posts"}],"about":[{"href":"https:\/\/redsemlac.com\/semmexico\/wp-json\/wp\/v2\/types\/post"}],"author":[{"embeddable":true,"href":"https:\/\/redsemlac.com\/semmexico\/wp-json\/wp\/v2\/users\/3"}],"replies":[{"embeddable":true,"href":"https:\/\/redsemlac.com\/semmexico\/wp-json\/wp\/v2\/comments?post=26884"}],"version-history":[{"count":0,"href":"https:\/\/redsemlac.com\/semmexico\/wp-json\/wp\/v2\/posts\/26884\/revisions"}],"wp:featuredmedia":[{"embeddable":true,"href":"https:\/\/redsemlac.com\/semmexico\/wp-json\/wp\/v2\/media\/26885"}],"wp:attachment":[{"href":"https:\/\/redsemlac.com\/semmexico\/wp-json\/wp\/v2\/media?parent=26884"}],"wp:term":[{"taxonomy":"category","embeddable":true,"href":"https:\/\/redsemlac.com\/semmexico\/wp-json\/wp\/v2\/categories?post=26884"},{"taxonomy":"post_tag","embeddable":true,"href":"https:\/\/redsemlac.com\/semmexico\/wp-json\/wp\/v2\/tags?post=26884"}],"curies":[{"name":"wp","href":"https:\/\/api.w.org\/{rel}","templated":true}]}}