{"id":26881,"date":"2020-10-08T23:21:39","date_gmt":"2020-10-08T23:21:39","guid":{"rendered":"https:\/\/redsemlac.com\/semmexico\/?p=26881"},"modified":"2023-07-21T16:35:16","modified_gmt":"2023-07-21T21:35:16","slug":"nobel-de-literatura-para-la-poetisa-estadounidense-louise-gluck","status":"publish","type":"post","link":"https:\/\/redsemlac.com\/semmexico\/nobel-de-literatura-para-la-poetisa-estadounidense-louise-gluck\/","title":{"rendered":"Nobel de Literatura: para la poetisa estadounidense Louise Gl\u00fcck"},"content":{"rendered":"\n<ul class=\"wp-block-list\"><li>Ha publicado doce colecciones de poes\u00eda<\/li><li>En 1993, gan\u00f3 el Pulitzer de poes\u00eda por su poemario The Wild Iris&nbsp;<\/li><\/ul>\n\n\n\n<p class=\"wp-block-paragraph\">SemM\u00e9xico, Cd. de M\u00e9xico, 8 de octubre, 2020.-&nbsp;La estadounidense Louise Gl\u00fcck es la ganadora del Premio Nobel de Literatura de este a\u00f1o, \u00abpor su inconfundible voz po\u00e9tica que, con una belleza austera, hace universal la existencia individual\u00bb, anunci\u00f3 la Academia Sueca este jueves.<\/p>\n\n\n\n<p class=\"wp-block-paragraph\">Gl\u00fcck es considerada una de las poetas&nbsp;m\u00e1s destacadas de la literatura contempor\u00e1nea estadounidense, se\u00f1ala la BBC News.<\/p>\n\n\n\n<p class=\"wp-block-paragraph\">La Academia dijo que la premiada se hab\u00eda \u00absorprendido\u00bb cuando recibi\u00f3 la llamada telef\u00f3nica.<\/p>\n\n\n\n<p class=\"wp-block-paragraph\">Desde su debut en 1968 con&nbsp;Firstborn, Gl\u00fcck ha publicado doce colecciones de poes\u00eda y algunos ensayos sobre el g\u00e9nero.<\/p>\n\n\n\n<p class=\"wp-block-paragraph\">Nacida en Nueva York en 1943, tambi\u00e9n es profesora de ingl\u00e9s en la Universidad de Yale, en Connecticut.<\/p>\n\n\n\n<p class=\"wp-block-paragraph\">Ha recibido varios reconocimientos de prestigio, entre ellos el Premio Pulitzer por su poemario&nbsp;The Wild Iris&nbsp;(\u00abEl iris salvaje\u00bb) en1993 y el Premio Nacional del Libro (2014).<\/p>\n\n\n\n<p class=\"wp-block-paragraph\">Su poes\u00eda se centra en la dolorosa realidad del ser humano, y aborda temas como&nbsp;la muerte, la infancia y la vida familiar.<\/p>\n\n\n\n<p class=\"wp-block-paragraph\">Gl\u00fcck \u00abbusca lo universal, y para esto se&nbsp;inspira en los mitos y motivos cl\u00e1sicos, presentes en la mayor\u00eda de sus obras\u00bb, agreg\u00f3 la Academia.<\/p>\n\n\n\n<p class=\"wp-block-paragraph\">Gluck naci\u00f3 en la ciudad de&nbsp;<a href=\"https:\/\/es.wikipedia.org\/wiki\/Nueva_York\">Nueva York<\/a>&nbsp;y creci\u00f3 en&nbsp;<a href=\"https:\/\/es.wikipedia.org\/wiki\/Long_Island\">Long Island<\/a>.&nbsp;Estudi\u00f3 en la Universidad de Columbia.<\/p>\n\n\n\n<p class=\"wp-block-paragraph\">Su obra po\u00e9tica est\u00e1 compuesta por 11 libros: Firstborn&nbsp;(<a href=\"https:\/\/es.wikipedia.org\/w\/index.php?title=New_American_Library&amp;action=edit&amp;redlink=1\">New American Library<\/a>,&nbsp;<a href=\"https:\/\/es.wikipedia.org\/wiki\/1968\">1968<\/a>), The House on Marshland&nbsp;(<a href=\"https:\/\/es.wikipedia.org\/w\/index.php?title=Ecco_Press&amp;action=edit&amp;redlink=1\">Ecco Press<\/a>,&nbsp;<a href=\"https:\/\/es.wikipedia.org\/wiki\/1975\">1975<\/a>), The Garden&nbsp;(Antaeus,&nbsp;<a href=\"https:\/\/es.wikipedia.org\/wiki\/1976\">1976<\/a>), Descending Figure&nbsp;(Ecco Press,&nbsp;<a href=\"https:\/\/es.wikipedia.org\/wiki\/1980\">1980<\/a>), The Triumph of Achilles&nbsp;(Ecco Press,&nbsp;<a href=\"https:\/\/es.wikipedia.org\/wiki\/1985\">1985<\/a>), Ararat&nbsp;(Ecco Press,&nbsp;<a href=\"https:\/\/es.wikipedia.org\/wiki\/1990\">1990<\/a>), The Wild Iris&nbsp;(Ecco Press,&nbsp;<a href=\"https:\/\/es.wikipedia.org\/wiki\/1992\">1992<\/a>), The First Four Books of Poems&nbsp;(Ecco Press,&nbsp;<a href=\"https:\/\/es.wikipedia.org\/wiki\/1995\">1995<\/a>), Meadowlands&nbsp;(Ecco Press,&nbsp;<a href=\"https:\/\/es.wikipedia.org\/wiki\/1997\">1997<\/a>), Vita Nova&nbsp;(Ecco Press,&nbsp;<a href=\"https:\/\/es.wikipedia.org\/wiki\/1999\">1999<\/a>), The Seven Ages&nbsp;(Ecco Press,&nbsp;<a href=\"https:\/\/es.wikipedia.org\/wiki\/2001\">2001<\/a>), y&nbsp;<a href=\"https:\/\/es.wikipedia.org\/w\/index.php?title=Averno_(poetry)&amp;action=edit&amp;redlink=1\">Averno<\/a>&nbsp;(Farrar, Straus and Giroux,&nbsp;<a href=\"https:\/\/es.wikipedia.org\/wiki\/2006\">2006<\/a>).<\/p>\n\n\n\n<p class=\"wp-block-paragraph\">SEM-BBC News<\/p>\n","protected":false},"excerpt":{"rendered":"<p>Ha publicado doce colecciones de poes\u00eda En 1993, gan\u00f3 el Pulitzer de poes\u00eda por su poemario The Wild Iris&nbsp; SemM\u00e9xico, Cd. de M\u00e9xico, 8 de octubre, 2020.-&nbsp;La estadounidense Louise Gl\u00fcck es la ganadora del Premio Nobel de Literatura de este a\u00f1o, \u00abpor su inconfundible voz po\u00e9tica que, con una belleza austera, hace universal la existencia [&hellip;]<\/p>\n","protected":false},"author":3,"featured_media":26882,"comment_status":"open","ping_status":"open","sticky":false,"template":"","format":"standard","meta":{"_monsterinsights_skip_tracking":false,"footnotes":""},"categories":[691,53],"tags":[],"class_list":["post-26881","post","type-post","status-publish","format-standard","has-post-thumbnail","category-691","category-internacional"],"_links":{"self":[{"href":"https:\/\/redsemlac.com\/semmexico\/wp-json\/wp\/v2\/posts\/26881","targetHints":{"allow":["GET"]}}],"collection":[{"href":"https:\/\/redsemlac.com\/semmexico\/wp-json\/wp\/v2\/posts"}],"about":[{"href":"https:\/\/redsemlac.com\/semmexico\/wp-json\/wp\/v2\/types\/post"}],"author":[{"embeddable":true,"href":"https:\/\/redsemlac.com\/semmexico\/wp-json\/wp\/v2\/users\/3"}],"replies":[{"embeddable":true,"href":"https:\/\/redsemlac.com\/semmexico\/wp-json\/wp\/v2\/comments?post=26881"}],"version-history":[{"count":0,"href":"https:\/\/redsemlac.com\/semmexico\/wp-json\/wp\/v2\/posts\/26881\/revisions"}],"wp:featuredmedia":[{"embeddable":true,"href":"https:\/\/redsemlac.com\/semmexico\/wp-json\/wp\/v2\/media\/26882"}],"wp:attachment":[{"href":"https:\/\/redsemlac.com\/semmexico\/wp-json\/wp\/v2\/media?parent=26881"}],"wp:term":[{"taxonomy":"category","embeddable":true,"href":"https:\/\/redsemlac.com\/semmexico\/wp-json\/wp\/v2\/categories?post=26881"},{"taxonomy":"post_tag","embeddable":true,"href":"https:\/\/redsemlac.com\/semmexico\/wp-json\/wp\/v2\/tags?post=26881"}],"curies":[{"name":"wp","href":"https:\/\/api.w.org\/{rel}","templated":true}]}}