{"id":26875,"date":"2020-10-08T23:20:04","date_gmt":"2020-10-08T23:20:04","guid":{"rendered":"https:\/\/redsemlac.com\/semmexico\/?p=26875"},"modified":"2023-07-21T16:35:16","modified_gmt":"2023-07-21T21:35:16","slug":"lucero-marquez-las-cosas-no-han-cambiado-mucho","status":"publish","type":"post","link":"https:\/\/redsemlac.com\/semmexico\/lucero-marquez-las-cosas-no-han-cambiado-mucho\/","title":{"rendered":"Lucero M\u00e1rquez: las cosas no han cambiado mucho"},"content":{"rendered":"\n<ul class=\"wp-block-list\"><li>Los hombres pasan encima de los acuerdos y leyes y \u201cnos utilizan\u201d<\/li><li>Advierte que hay sectores en la sociedad a quienes no les gustan las mujeres como pol\u00edticas<\/li><li>67 Aniversario del Voto universal de las mujeres<\/li><\/ul>\n\n\n\n<p class=\"wp-block-paragraph\">Georgina C\u00e1rdenas<\/p>\n\n\n\n<p class=\"wp-block-paragraph\">SemM\u00e9xico, Cd. de M\u00e9xico, 8 de octubre, 2020.- M\u00faltiples han sido sus acciones y partidos. Fue diputada federal suplente. En 1997 diputada local en la Asamblea de Representantes del entonces Distrito Federal por el Parido Humanista. Es antigua activista universitaria, fue la primera presidenta de la Comisi\u00f3n de Equidad y G\u00e9nero en aquella asamblea. Antes en 1994 fue diputada federal suplente.<\/p>\n\n\n\n<p class=\"wp-block-paragraph\">Su voz es clara. Las mujeres en la vida pol\u00edtica, antes de la paridad, era compleja. Hoy no es muy diferente. Las<strong>&nbsp;<\/strong>e mujeres involucradas en la vida pol\u00edtica del pa\u00eds se encuentra relativamente en el mismo rango que antes de 2014 \u2013cuando se decret\u00f3 la paridad electoral- , no s\u00f3lo por el n\u00famero. \u201cCuando yo fui diputada suplente en la C\u00e1mara era 15 por ciento diputadas y 85 por ciento hombres; en el Senado 12.5 por ciento de mujeres contra 87.5 por ciento e hombres en el Senado.<\/p>\n\n\n\n<p class=\"wp-block-paragraph\">Lucero M\u00e1rquez particip\u00f3 como conductora en ABC Radio con el programa espacio en Libertad (2001-2009) difundiendo t\u00f3picos sociales, econ\u00f3micos y de coyuntura pol\u00edtica. Luego el programa la M en la Web, Un Pensamiento Libre, en la radio social Ventana P\u00fablica, divulgando temas de salud p\u00fablica, derechos humanos, educaci\u00f3n y el entorno socioecon\u00f3mico del pa\u00eds. En 2007 fungi\u00f3 como Mayordoma del medio en el pueblo de Iztapalapa, Atlalilco, de la imagen de San Lucas Evangelista.<\/p>\n\n\n\n<p class=\"wp-block-paragraph\">De esa \u00e9poca, considera que los contrastes, son parecidos. Num\u00e9ricamente&nbsp;hay un avance importante en materia de paridad, ya no hay la diferencia porcentual tan abismal. Esto dice tiene una lectura muy clara: los puestos m\u00e1s cotizados en el poder legislativo siguen estando m\u00e1s al alcance de los hombres que de mujeres.&nbsp;<\/p>\n\n\n\n<p class=\"wp-block-paragraph\">Tiene que ver con la organizaci\u00f3n de los partidos pol\u00edticos, siguen eligiendo internamente<strong>&nbsp;<\/strong>a los candidatos y candidatas.\u201d Reconozco que jur\u00eddicamente han existido esfuerzos para reducir la brecha de g\u00e9nero en el \u00e1mbito pol\u00edtico, como es el caso del acuerdo en materia de paridad de g\u00e9nero para la postulaci\u00f3n de diputadas y diputados\u201d, en apego a normatividades internacionales se promueve y garantiza la paridad de postulaciones pero tambi\u00e9n es cierto que aun que este esfuerzo deriva de muchos a\u00f1os de lucha precedentes los grandes intelectuales pol\u00edticos han ideado la manera de utilizar y minimizar la participaci\u00f3n de la mujer por encima de acuerdos como lo son la paridad&nbsp;&nbsp;de g\u00e9nero.&nbsp;<\/p>\n\n\n\n<p class=\"wp-block-paragraph\">Para hacer m\u00e1s claro este fen\u00f3meno \u201cme gustar\u00eda traer a colaci\u00f3n un caso pr\u00e1ctico, en 1997 la primera cuota de g\u00e9nero se estableci\u00f3 como una sugerencia para los partidos pero no fue sino<strong>&nbsp;<\/strong>hasta 2003 que se hizo obligatoria, no obstante, para el 2009 los partidos cumplieron con el porcentaje de mujeres postuladas y dentro de las mujeres electas al menos 10 diputadas renunciaron al cargo para dar paso a su suplente, es decir, una mujer era electa, renunciaba y un hombre se quedaba con el cargo y por la similitud que existi\u00f3 con el caso Acosta \u2013 Brugada se les nombr\u00f3 \u201clas juanitas\u201d; despu\u00e9s de esto el TRIFE decidi\u00f3 actuar y homologar el sexo de quienes se postulaban para candidatos o candidatas respetando el porcentaje de cuota de g\u00e9nero.&nbsp;<\/p>\n\n\n\n<p class=\"wp-block-paragraph\">Eso hace&nbsp;<strong>claro que en lo que respecta a cargos de elecci\u00f3n popular en el legislativo el mensaje sigue siendo que los hombres ambicionan quedarse con los puestos, pero gracias a que muchas hemos levantado<\/strong>&nbsp;la voz se han logrado sentar las bases de una democracia para hacer efectiva la paridad de g\u00e9nero aunque todav\u00eda falta mucho por avanzar.&nbsp;<\/p>\n\n\n\n<p class=\"wp-block-paragraph\"><strong>\u00bfQu\u00e9 cambi\u00f3 y qu\u00e9 no?<\/strong><\/p>\n\n\n\n<p class=\"wp-block-paragraph\">Cambi\u00f3 la forma en la que los partidos eligen a sus candidatos y candidatas y aun que no precisamente por iniciativa propia sino por apegarse a la normatividad que ha desarrollado para visibilizar a las mujeres, sin embargo, considero que en general el papel de la mujer en la pol\u00edtica no ha cambiado mucho. Hay que tener cuidado ya que entre&nbsp;&nbsp;la&nbsp;&nbsp;ciudadan\u00eda existen sectores que rechazan la idea de que una mujer sea su representante, lo mismo se replica en algunos partidos pol\u00edticos que lo demuestran utilizando la imagen femenina solo como forma de cumplir las reglas y atraer votantes.&nbsp;<\/p>\n\n\n\n<p class=\"wp-block-paragraph\">SEM\/gc\/sj<\/p>\n","protected":false},"excerpt":{"rendered":"<p>Los hombres pasan encima de los acuerdos y leyes y \u201cnos utilizan\u201d Advierte que hay sectores en la sociedad a quienes no les gustan las mujeres como pol\u00edticas 67 Aniversario del Voto universal de las mujeres Georgina C\u00e1rdenas SemM\u00e9xico, Cd. de M\u00e9xico, 8 de octubre, 2020.- M\u00faltiples han sido sus acciones y partidos. Fue diputada [&hellip;]<\/p>\n","protected":false},"author":3,"featured_media":26878,"comment_status":"open","ping_status":"open","sticky":false,"template":"","format":"standard","meta":{"_monsterinsights_skip_tracking":false,"footnotes":""},"categories":[691,195,194],"tags":[],"class_list":["post-26875","post","type-post","status-publish","format-standard","has-post-thumbnail","category-691","category-mujeres-electas-las-voces-de-la-historia","category-voto-femenino-en-mexico"],"_links":{"self":[{"href":"https:\/\/redsemlac.com\/semmexico\/wp-json\/wp\/v2\/posts\/26875","targetHints":{"allow":["GET"]}}],"collection":[{"href":"https:\/\/redsemlac.com\/semmexico\/wp-json\/wp\/v2\/posts"}],"about":[{"href":"https:\/\/redsemlac.com\/semmexico\/wp-json\/wp\/v2\/types\/post"}],"author":[{"embeddable":true,"href":"https:\/\/redsemlac.com\/semmexico\/wp-json\/wp\/v2\/users\/3"}],"replies":[{"embeddable":true,"href":"https:\/\/redsemlac.com\/semmexico\/wp-json\/wp\/v2\/comments?post=26875"}],"version-history":[{"count":0,"href":"https:\/\/redsemlac.com\/semmexico\/wp-json\/wp\/v2\/posts\/26875\/revisions"}],"wp:featuredmedia":[{"embeddable":true,"href":"https:\/\/redsemlac.com\/semmexico\/wp-json\/wp\/v2\/media\/26878"}],"wp:attachment":[{"href":"https:\/\/redsemlac.com\/semmexico\/wp-json\/wp\/v2\/media?parent=26875"}],"wp:term":[{"taxonomy":"category","embeddable":true,"href":"https:\/\/redsemlac.com\/semmexico\/wp-json\/wp\/v2\/categories?post=26875"},{"taxonomy":"post_tag","embeddable":true,"href":"https:\/\/redsemlac.com\/semmexico\/wp-json\/wp\/v2\/tags?post=26875"}],"curies":[{"name":"wp","href":"https:\/\/api.w.org\/{rel}","templated":true}]}}