{"id":26851,"date":"2020-10-08T20:19:50","date_gmt":"2020-10-08T20:19:50","guid":{"rendered":"https:\/\/redsemlac.com\/semmexico\/?p=26851"},"modified":"2023-07-21T16:35:17","modified_gmt":"2023-07-21T21:35:17","slug":"exigen-alto-a-la-violencia-politica-de-genero-en-hidalgo","status":"publish","type":"post","link":"https:\/\/redsemlac.com\/semmexico\/exigen-alto-a-la-violencia-politica-de-genero-en-hidalgo\/","title":{"rendered":"Exigen alto a la violencia pol\u00edtica de g\u00e9nero en Hidalgo"},"content":{"rendered":"\n<ul class=\"wp-block-list\"><li>A las mujeres nada nos detiene, nada nos detendr\u00e1: Ompri<\/li><li>Alerta en Hidalgo por amenazas de muerte a una candidata<\/li><\/ul>\n\n\n\n<p class=\"wp-block-paragraph\">Lorena Piedad<\/p>\n\n\n\n<p class=\"wp-block-paragraph\">SemM\u00e9xico, Pachuca, Hgo., 8 de octubre, 2020.- El Organismo Nacional de Mujeres Priistas (Onmpri) en Hidalgo, presidido por Paola Jazm\u00edn Dom\u00ednguez, exigi\u00f3 un alto a la violencia pol\u00edtica de g\u00e9nero, luego que durante el fin de semana la candidata Erika Saab Lara fue amenazada de muerte en San Felipe Orizatl\u00e1n.<\/p>\n\n\n\n<p class=\"wp-block-paragraph\">El Onmpri dijo que las amenazas hacia Erika Saab no son asumidas como una simple causa para protestar, \u201csino tambi\u00e9n en defensa de la propia esencia de nuestra lucha: la libertad. Causa que como partido adoptamos, no s\u00f3lo para nuestra militancia, sino para todas las mujeres hidalguenses, sin distinci\u00f3n partidista, pero s\u00ed unidas en una sola voz y un solo grito; \u00a1A las mujeres nada nos detiene, y nada nos detendr\u00e1!\u201d, se\u00f1al\u00f3.<\/p>\n\n\n\n<p class=\"wp-block-paragraph\">Paola Jazm\u00edn Dom\u00ednguez dio su respaldo y solidaridad a la candidata, \u201cdebemos manifestar fuerte y claro: alto a la violencia pol\u00edtica de g\u00e9nero\u201d.&nbsp;<\/p>\n\n\n\n<p class=\"wp-block-paragraph\">En tanto, las activistas Otilia S\u00e1nchez y Reyna Torres, integrantes del Observatorio de Participaci\u00f3n Pol\u00edtica de las Mujeres de Hidalgo, coincidieron en se\u00f1alar que la agresi\u00f3n cumple con los criterios de raz\u00f3n de g\u00e9nero, ya que tiene la intenci\u00f3n de que desista de su candidatura y ha extendido la amenaza a sus familiares, por lo que exigieron cumplimiento total de las autoridades para protegerla y sancionar el hecho.<\/p>\n\n\n\n<p class=\"wp-block-paragraph\">Reiteraron que la atenci\u00f3n debe centrarse en la responsabilidad de las personas que agredieron y no en los cargos, perfiles o posibles. Ambas destacaron que en este y cualquier otro proceso no debe haber tolerancia a la violencia y debe garantizarse en ese caso la sanci\u00f3n a los culpables, ya que la reforma m\u00e1s reciente a esa ley, tipifica varias conductas entre ellos las amenazas.<\/p>\n\n\n\n<p class=\"wp-block-paragraph\">En ese contexto, la dirigenta estatal del Partido Encuentro Social Hidalgo (PESH), Sharon Madeleine Montiel S\u00e1nchez, afirm\u00f3 que aunque en ese instituto pol\u00edtico las candidatas no han reportado ataques o amenazas directas s\u00ed han detectado agresiones en redes sociales.<\/p>\n\n\n\n<p class=\"wp-block-paragraph\">Llam\u00f3 a que sea desde los partidos que se cimente entre las estructuras la erradicaci\u00f3n de la violencia pol\u00edtica de g\u00e9nero, pues dijo: \u201cAs\u00ed como desde casa se forman valores, los institutos deben infundir la educaci\u00f3n de respetar a nuestros adversarios\u201d.<\/p>\n\n\n\n<p class=\"wp-block-paragraph\">La dirigenta del PESH y candidatos del partido firmaron una carta compromiso con la Fundaci\u00f3n Mujeres Transformando M\u00e9xico, que preside Selene Olvera Nieto para erradicar la violencia contra las ni\u00f1as y mujeres.<\/p>\n\n\n\n<p class=\"wp-block-paragraph\">En su mensaje, Selene Olvera afirm\u00f3 que el convenio contempla el buen uso de pol\u00edticas p\u00fablicas y pedag\u00f3gicas que sirvan para sensibilizar sobre la gravedad de esta situaci\u00f3n en todos los \u00e1mbitos.<\/p>\n\n\n\n<p class=\"wp-block-paragraph\">*Con informaci\u00f3n del Independiente de Hidalgo, El Sol de Hidalgo y Criterio<\/p>\n\n\n\n<p class=\"wp-block-paragraph\">SEM\/lp\/sj<\/p>\n","protected":false},"excerpt":{"rendered":"<p>A las mujeres nada nos detiene, nada nos detendr\u00e1: Ompri Alerta en Hidalgo por amenazas de muerte a una candidata Lorena Piedad SemM\u00e9xico, Pachuca, Hgo., 8 de octubre, 2020.- El Organismo Nacional de Mujeres Priistas (Onmpri) en Hidalgo, presidido por Paola Jazm\u00edn Dom\u00ednguez, exigi\u00f3 un alto a la violencia pol\u00edtica de g\u00e9nero, luego que durante [&hellip;]<\/p>\n","protected":false},"author":3,"featured_media":26852,"comment_status":"open","ping_status":"open","sticky":false,"template":"","format":"standard","meta":{"_monsterinsights_skip_tracking":false,"footnotes":""},"categories":[691,141],"tags":[],"class_list":["post-26851","post","type-post","status-publish","format-standard","has-post-thumbnail","category-691","category-elecciones-2020-2021"],"_links":{"self":[{"href":"https:\/\/redsemlac.com\/semmexico\/wp-json\/wp\/v2\/posts\/26851","targetHints":{"allow":["GET"]}}],"collection":[{"href":"https:\/\/redsemlac.com\/semmexico\/wp-json\/wp\/v2\/posts"}],"about":[{"href":"https:\/\/redsemlac.com\/semmexico\/wp-json\/wp\/v2\/types\/post"}],"author":[{"embeddable":true,"href":"https:\/\/redsemlac.com\/semmexico\/wp-json\/wp\/v2\/users\/3"}],"replies":[{"embeddable":true,"href":"https:\/\/redsemlac.com\/semmexico\/wp-json\/wp\/v2\/comments?post=26851"}],"version-history":[{"count":0,"href":"https:\/\/redsemlac.com\/semmexico\/wp-json\/wp\/v2\/posts\/26851\/revisions"}],"wp:featuredmedia":[{"embeddable":true,"href":"https:\/\/redsemlac.com\/semmexico\/wp-json\/wp\/v2\/media\/26852"}],"wp:attachment":[{"href":"https:\/\/redsemlac.com\/semmexico\/wp-json\/wp\/v2\/media?parent=26851"}],"wp:term":[{"taxonomy":"category","embeddable":true,"href":"https:\/\/redsemlac.com\/semmexico\/wp-json\/wp\/v2\/categories?post=26851"},{"taxonomy":"post_tag","embeddable":true,"href":"https:\/\/redsemlac.com\/semmexico\/wp-json\/wp\/v2\/tags?post=26851"}],"curies":[{"name":"wp","href":"https:\/\/api.w.org\/{rel}","templated":true}]}}