{"id":26841,"date":"2020-10-08T19:57:47","date_gmt":"2020-10-08T19:57:47","guid":{"rendered":"https:\/\/redsemlac.com\/semmexico\/?p=26841"},"modified":"2023-07-21T16:35:17","modified_gmt":"2023-07-21T21:35:17","slug":"dia-mundial-contra-el-cancer-de-mama-2020-aumento-23-por-ciento-la-mortandad","status":"publish","type":"post","link":"https:\/\/redsemlac.com\/semmexico\/dia-mundial-contra-el-cancer-de-mama-2020-aumento-23-por-ciento-la-mortandad\/","title":{"rendered":"D\u00eda Mundial contra el C\u00e1ncer de Mama 2020: aument\u00f3 23 por ciento la mortandad"},"content":{"rendered":"\n<ul class=\"wp-block-list\"><li><strong>Por desabasto, disminuci\u00f3n y desatenci\u00f3n, las enfermas han quedado desplazadas por la pandemia<\/strong><\/li><li><strong>Mueren entre 10 y 18 mujeres todos los d\u00edas por el padecimiento\u00a0<\/strong><\/li><\/ul>\n\n\n\n<p class=\"wp-block-paragraph\"><strong>Sara Lovera<\/strong><\/p>\n\n\n\n<p class=\"wp-block-paragraph\">SemM\u00e9xico, Cd. de M\u00e9xico, 8 de octubre, 2020.- En el marco del D\u00eda Internacional de la lucha contra el C\u00e1ncer de Mama la informaci\u00f3n de distintas fuentes y portales informativos se\u00f1alan que este padecimiento es la primera causa de muerte en mujeres productivas; la atenci\u00f3n baj\u00f3 el dos por ciento en el Instituto Mexicano del Seguro Social; no hay suficientes equipos de tamizaje, hay escasez de medicamentos, la disminuci\u00f3n de m\u00e9dicos y camas lo ha impactado en forma negativa. Mueren hasta entre 10 y 18 mujeres todos los d\u00edas.<\/p>\n\n\n\n<p class=\"wp-block-paragraph\"><strong>De cara a la crisis sanitaria y la disminuci\u00f3n de recursos y atenci\u00f3n hospitalaria y de los servicios de salud en todo el sistema la Fundaci\u00f3n<\/strong>&nbsp;CIMA, informa que este a\u00f1o los problemas de desabasto de medicamentos ha empeorado gravemente la situaci\u00f3n de las mujeres con c\u00e1ncer de mama y a esto se agrega que, a pesar de ser uno de los grupos m\u00e1s vulnerables ante el COVID-19, sus necesidades han quedado desplazadas por la pandemia.<\/p>\n\n\n\n<p class=\"wp-block-paragraph\">La informaci\u00f3n&nbsp;m\u00e1s reciente del INEGI revela un crecimiento de decesos derivados de los c\u00e1nceres femeninos, estimado en los \u00faltimos dos a\u00f1os en 23.2 por ciento, y sostiene que el c\u00e1ncer m\u00e1s frecuente en el pa\u00eds es el de mama, con 27 mil 500 casos por a\u00f1o, mientras que el c\u00e1ncer cervicouterino cobr\u00f3 la vida de siete mil 870 mujeres.<\/p>\n\n\n\n<p class=\"wp-block-paragraph\">Seg\u00fan inform\u00f3 a Semmexico director general del Instituto Nacional de Cancerolog\u00eda (INCan), Abelardo Meneses Garc\u00eda, el c\u00e1ncer de mam\u00e1 es el que m\u00e1s ha crecido en los \u00faltimos a\u00f1os, agudizado por la reducci\u00f3n de presupuestos y los escases de medicamentos.&nbsp;<\/p>\n\n\n\n<p class=\"wp-block-paragraph\">Durante el primer a\u00f1o de gobierno de L\u00f3pez Obrador, el Instituto Mexicano del Seguro Social (IMSS) sufri\u00f3 una asfixia presupuestal que impact\u00f3 en la atenci\u00f3n a los derechohabientes y dej\u00f3 a la instituci\u00f3n debilitada ante el golpe de la pandemia de Covid en 2020.<\/p>\n\n\n\n<p class=\"wp-block-paragraph\">Informaci\u00f3n del portal del IMSS 2019 se\u00f1ala que fue&nbsp;<strong>el peor a\u00f1o, compar\u00e1ndolo con los \u00faltimos cuatro, la baja fue en pr\u00e1cticamente todos los servicios<\/strong>&nbsp;que ofrece el Instituto: hubo menos personal m\u00e9dico, se atendi\u00f3 a menos personas con padecimientos, se vacun\u00f3 a menos personas.<\/p>\n\n\n\n<p class=\"wp-block-paragraph\"><strong>As\u00ed los entre padecimientos cuya atenci\u00f3n disminuy\u00f3 se encuentran&nbsp;<\/strong>la diabetes y la hipertensi\u00f3n; la detecci\u00f3n de enfermedades graves, como el c\u00e1ncer mamario y el c\u00e9rvico uterino; tanto como las acciones de prevenci\u00f3n en los m\u00f3dulos PREVENIMSS. Por c\u00e1ncer de mama el servicio cay\u00f3 dos por ciento en 2019 y en los primeros 10 meses de 2020 hasta 35 por ciento.<\/p>\n\n\n\n<p class=\"wp-block-paragraph\">Seg\u00fan la Radiograf\u00eda \u00edndice GLAC-El Financiero hasta octubre del 2019,&nbsp;<strong>la tasa acumulada de muertes de mujeres por c\u00e1ncer de mama<\/strong>&nbsp;fue de 20.9, equivalente a 11 mil 252 casos totales. Este comportamiento se\u00f1ala una tendencia creciente que, de continuar, podr\u00eda superar las cifras de 2018, uno de los peores a\u00f1os.<\/p>\n\n\n\n<p class=\"wp-block-paragraph\">De acuerdo a la&nbsp;<strong>Radiograf\u00eda&nbsp;<\/strong>en M\u00e9xico 10 mujeres pierden diariamente la vida debido al c\u00e1ncer de mama, considerada la primera causa de muerte por tumores malignos entre la poblaci\u00f3n femenina de 25 a\u00f1os y m\u00e1s.<\/p>\n\n\n\n<p class=\"wp-block-paragraph\">El&nbsp;<strong>INEGI reporta,<\/strong>&nbsp;<strong>el c\u00e1ncer de mama por tumores malignos<\/strong>&nbsp;afecta principalmente a mujeres de entre 30 a 59 a\u00f1os, detr\u00e1s del c\u00e1ncer en \u00f3rganos digestivos y en \u00f3rganos genitales. De cada 10 fallecimientos femeninos por c\u00e1ncer, dos son por incidencia en mama.<\/p>\n\n\n\n<p class=\"wp-block-paragraph\">En 2019,<strong>&nbsp;<\/strong>Morelos y Colima&nbsp;fueron las entidades con mayor tasa de c\u00e1ncer de mama, mientras que Guerrero y Guanajuato registraron las m\u00e1s bajas del pa\u00eds.<\/p>\n\n\n\n<p class=\"wp-block-paragraph\">El informe destaca que<strong>&nbsp;la evoluci\u00f3n hist\u00f3rica de esta enfermedad<\/strong>&nbsp;ha mantenido una tendencia al alza durante los \u00faltimos 16 a\u00f1os.<\/p>\n\n\n\n<p class=\"wp-block-paragraph\">En 2003, la tasa de c\u00e1ncer de mama fue de 10.8 por cada 100 mil mujeres, equivalente a cuatro mil 455 casos totales; en 2010 se increment\u00f3 al registrar una tasa de 17.8, equivalente a 8 mil 385 casos totales, y para 2018 el registro fue de 25.3 por cada 100 mil mujeres, equivalente a 13 mil 428 casos totales.<\/p>\n\n\n\n<p class=\"wp-block-paragraph\">Durante la \u00faltima semana de octubre 2019, la Seguridad con Bienestar del pa\u00eds fue impactada negativamente por la incidencia de c\u00e1ncer de mama. Seg\u00fan CIMA ello fue superado en los \u00faltimos nueve meses.<\/p>\n\n\n\n<p class=\"wp-block-paragraph\">M\u00e9dicos de la Secretar\u00eda de Salud confirmaron, seg\u00fan la&nbsp;<strong>Radiograf\u00eda<\/strong>&nbsp;que este padecimiento se mantiene como primera causa de muerte en M\u00e9xico y la prevenci\u00f3n es la \u00fanica manera para detectarlo a tiempo, adem\u00e1s de que los h\u00e1bitos de vida son factores determinantes en su incremento.<\/p>\n\n\n\n<p class=\"wp-block-paragraph\">Sus estad\u00edsticas revelan que el 21 por ciento de las muertes por c\u00e1ncer de mama registradas son atribuibles al&nbsp;<strong>consumo de alcohol, el sobrepeso, obesidad y la falta de actividad f\u00edsica<\/strong>.<\/p>\n\n\n\n<p class=\"wp-block-paragraph\">En cuanto al desempe\u00f1o institucional, destac\u00f3 que de acuerdo con el Primer Informe de Gobierno del presidente Andr\u00e9s Manuel L\u00f3pez Obrador, en los primeros 10 meses de 2019 se report\u00f3 la cifra m\u00e1s alta de fallecimientos a causa de esta enfermedad, lo que deriv\u00f3 principalmente de una disminuci\u00f3n en estudios de detecci\u00f3n, por falta de equipo.<\/p>\n\n\n\n<p class=\"wp-block-paragraph\"><strong>La Fundaci\u00f3n CIMA<\/strong><strong><\/strong><\/p>\n\n\n\n<p class=\"wp-block-paragraph\">De acuerdo a la Fundaci\u00f3n CIMA \u2013organizaci\u00f3n no gubernamental- en M\u00e9xico mueren&nbsp;aproximadamente 18 mujeres al d\u00eda por c\u00e1ncer de mama; s\u00f3lo una de cada tres mujeres es diagnosticada en una etapa temprana de la enfermedad; de las&nbsp;18 mujeres que&nbsp;mueren al d\u00eda por c\u00e1ncer de mama,&nbsp;el 95 por ciento de ellas podr\u00eda haberse salvado&nbsp;si se hubiera detectado a tiempo y recibido el tratamiento adecuado.<\/p>\n\n\n\n<p class=\"wp-block-paragraph\">Esta organizaci\u00f3n se\u00f1ala que desde 2006 el c\u00e1ncer de mama es la primera causa de muerte por c\u00e1ncer en la mujer. Informa en su portal que en los \u00faltimos meses ha visto reducidos sus recursos, atribuible a la pandemia Covid-19, y afirma que sin importar las circunstancias seguir\u00e1 en pie de lucha y hoy m\u00e1s que nunca necesita del apoyo de todos.<\/p>\n\n\n\n<h4 class=\"has-text-align-center wp-block-heading\"><em>Los c\u00e1nceres en M\u00e9xico son la tercera causa de muerte en el pa\u00eds y estad\u00edsticas muestran que las mujeres son quien m\u00e1s lo padecen.<\/em><\/h4>\n\n\n\n<p class=\"wp-block-paragraph\">Por iniciativa de la Organizaci\u00f3n Mundial de la Salud (OMS) el 19 de octubre se conmemora mundialmente el D\u00eda Internacional de la Lucha contra el C\u00e1ncer de Mama con el objetivo de crear conciencia y promover que cada vez m\u00e1s mujeres accedan a controles, diagn\u00f3sticos y tratamientos oportunos y efectivos.<\/p>\n\n\n\n<p class=\"wp-block-paragraph\"><strong>De cara a la crisis sanitaria y la disminuci\u00f3n de recursos y atenci\u00f3n hospitalaria y de los servicios de salud en todo el sistema la Fundaci\u00f3n<\/strong>&nbsp;CIMA, se\u00f1ala que ha ayudado a m\u00e1s de 500 mil mujeres, a trav\u00e9s de donaci\u00f3n de insumos, estudios de diagn\u00f3stico, capacitaciones, apoyo emocional o pl\u00e1ticas testimoniales.<\/p>\n\n\n\n<p class=\"wp-block-paragraph\">Este a\u00f1o de 2020 presenta retos muy complicados para la fundaci\u00f3n creada por Alejandra de Cima: las necesidades de las mujeres con c\u00e1ncer de mama en M\u00e9xico siguen siendo las mismas, el desabasto de medicamentos ha empeorado gravemente la situaci\u00f3n de las pacientes y a esto se agrega que, a pesar de ser uno de los grupos m\u00e1s vulnerables ante la Covid-19, sus necesidades han quedado desplazadas por la pandemia.&nbsp;<\/p>\n\n\n\n<p class=\"wp-block-paragraph\">Hace algunos d\u00edas, Fundaci\u00f3n CIMA present\u00f3 los logros alcanzados durante el primer semestre del a\u00f1o, evidenciando el apoyo a m\u00e1s de cino mil mujeres, destac\u00e1ndose los siguientes resultados: 240 personas canalizadas para la realizaci\u00f3n de estudios de diagn\u00f3stico o recepci\u00f3n de medicamentos; 984 personas han recibido apoyo emocional y 325 mastograf\u00edas realizadas.<\/p>\n\n\n\n<p class=\"wp-block-paragraph\">Entrega de insumos como pr\u00f3tesis de mama externas, mangas de linfedema, pelucas, adem\u00e1s de caretas protectoras, cubre bocas y despensas para las pacientes y sus familias.<\/p>\n\n\n\n<p class=\"wp-block-paragraph\"><em>&nbsp;\u201c<\/em><strong><em>El c\u00e1ncer no espera ni se detiene, queremos seguir ayudando a las mujeres que contra todo siguen tratando de vencer esta enfermedad. Nos angustia que ahora n<\/em><\/strong><em>o hemos alcanzado ni el 30 por ciento de lo que normalmente recaudamos para estas fechas en a\u00f1os anteriores. Tenemos programas en diferentes lugares del pa\u00eds, es indispensable no bajar la guardia o tendremos un aumento dram\u00e1tico en la mortandad que provoca el c\u00e1ncer de mama en M\u00e9xico<\/em><strong><em>\u201d,&nbsp;<\/em><\/strong><strong>declar\u00f3 Alejandra de Cima, Presidenta de la Fundaci\u00f3n.<\/strong><strong><\/strong><\/p>\n\n\n\n<p class=\"wp-block-paragraph\"><strong>Estudiado y advertido<\/strong><\/p>\n\n\n\n<p class=\"wp-block-paragraph\">En 2008 Felicia Marie Knaul, Gustavo Nigeda, Rafael Lozano, H\u00e9ctor Areola-Orleans, Ana Lager y Julio Frenk realizaron un estudio denominado<strong>: C\u00e1ncer<\/strong>&nbsp;de mama en M\u00e9xico: una prioridad apremiante, en el cual delinean qu\u00e9 hacer.&nbsp;&nbsp;Este art\u00edculo fue publicado en Reproductive Health Matters 2008.<\/p>\n\n\n\n<p class=\"wp-block-paragraph\">Este estudio fue posible gracias al apoyo financiero de Instituto Carso de la Salud y el Consejo Promotor Competitividad y Salud de la Fundaci\u00f3n Mexicana para la Salud.<\/p>\n\n\n\n<p class=\"wp-block-paragraph\">Entonces sostuvieron que el c\u00e1ncer de mama es una grave amenaza para la salud de las mujeres a nivel mundial y constituye una prioridad no reconocida en los pa\u00edses de ingresos medios, como M\u00e9xico.<\/p>\n\n\n\n<p class=\"wp-block-paragraph\">El trabajo presenta datos de M\u00e9xico y revela que desde 2006 el c\u00e1ncer de mama es causante de un mayor n\u00famero de muertes que el c\u00e1ncer c\u00e9rvicouterino. Esta afecci\u00f3n es la segunda causa de muerte en mujeres de 30 a 54 a\u00f1os de edad y amenaza a todos los grupos socioecon\u00f3micos.<\/p>\n\n\n\n<p class=\"wp-block-paragraph\">Los datos sobre detecci\u00f3n, si bien subreportados, muestran que hubo 6 mil nuevos casos en 1990 y se estima un incremento cercano a 16 mil 500 nuevos casos anuales para 2020.&nbsp;<\/p>\n\n\n\n<p class=\"wp-block-paragraph\">M\u00e1s a\u00fan, la mayor\u00eda de los casos se auto detecta y s\u00f3lo 10 por ciento de todos los casos se identifica en la primera etapa.<\/p>\n\n\n\n<p class=\"wp-block-paragraph\">Ya entonces afirman que la seguridad social en M\u00e9xico cubre alrededor de 40 a 45 por ciento de la poblaci\u00f3n e incluye tratamiento del c\u00e1ncer de mama. A partir de 2007, la poblaci\u00f3n sin seguridad social tiene derecho a tratamiento de c\u00e1ncer de mama a trav\u00e9s del Seguro Popular de Salud. Hoy desaparecido.<\/p>\n\n\n\n<p class=\"wp-block-paragraph\">A pesar de esto, los servicios escasean y las intervenciones de detecci\u00f3n temprana, en particular la mamograf\u00eda, son muy limitadas. En 2006, s\u00f3lo 22 por ciento de las mujeres de 40 a 69 a\u00f1os se someti\u00f3 a una mamograf\u00eda. Entre 2019 y 2020, la cifra disminuy\u00f3 a 20 por ciento, dijo Julio Frenk recientemente en el programa de televisi\u00f3n de El Financiero.<\/p>\n\n\n\n<p class=\"wp-block-paragraph\">Existen barreras tanto en la demanda como en la oferta. El cabildeo, la educaci\u00f3n, la creaci\u00f3n de conciencia y una respuesta articulada de pol\u00edticas son importantes para garantizar una mayor cobertura, acceso y aceptaci\u00f3n tanto del tratamiento como de la detecci\u00f3n temprana, advirtieron.<\/p>\n\n\n\n<figure class=\"wp-block-image size-large\"><img decoding=\"async\" src=\"https:\/\/redsemlac.com\/semmexico\/wp-content\/uploads\/2020\/10\/Captura-de-Pantalla-2020-10-08-a-las-15.01.22-726x1024.png\" alt=\"\" class=\"wp-image-26842\"\/><\/figure>\n\n\n\n<figure class=\"wp-block-image size-large\"><img loading=\"lazy\" decoding=\"async\" width=\"692\" height=\"640\" src=\"https:\/\/redsemlac.com\/semmexico\/wp-content\/uploads\/2020\/10\/Captura-de-Pantalla-2020-10-08-a-las-15.01.27.png\" alt=\"\" class=\"wp-image-26843\"\/><\/figure>\n\n\n\n<figure class=\"wp-block-image size-large\"><img loading=\"lazy\" decoding=\"async\" width=\"826\" height=\"960\" src=\"https:\/\/redsemlac.com\/semmexico\/wp-content\/uploads\/2020\/10\/Captura-de-Pantalla-2020-10-08-a-las-15.01.32.png\" alt=\"\" class=\"wp-image-26844\"\/><\/figure>\n\n\n\n<figure class=\"wp-block-image size-large\"><img loading=\"lazy\" decoding=\"async\" width=\"832\" height=\"516\" src=\"https:\/\/redsemlac.com\/semmexico\/wp-content\/uploads\/2020\/10\/Captura-de-Pantalla-2020-10-08-a-las-15.01.35.png\" alt=\"\" class=\"wp-image-26845\"\/><\/figure>\n\n\n\n<figure class=\"wp-block-image size-large\"><img decoding=\"async\" src=\"https:\/\/redsemlac.com\/semmexico\/wp-content\/uploads\/2020\/10\/Captura-de-Pantalla-2020-10-08-a-las-15.01.42-743x1024.png\" alt=\"\" class=\"wp-image-26846\"\/><\/figure>\n","protected":false},"excerpt":{"rendered":"<p>El desabasto de medicamentos ha empeorado gravemente la situaci\u00f3n de las mujeres con c\u00e1ncer de mama<\/p>\n","protected":false},"author":3,"featured_media":26979,"comment_status":"open","ping_status":"open","sticky":false,"template":"","format":"standard","meta":{"_monsterinsights_skip_tracking":false,"footnotes":""},"categories":[691,51],"tags":[],"class_list":["post-26841","post","type-post","status-publish","format-standard","has-post-thumbnail","category-691","category-ejecutivo"],"_links":{"self":[{"href":"https:\/\/redsemlac.com\/semmexico\/wp-json\/wp\/v2\/posts\/26841","targetHints":{"allow":["GET"]}}],"collection":[{"href":"https:\/\/redsemlac.com\/semmexico\/wp-json\/wp\/v2\/posts"}],"about":[{"href":"https:\/\/redsemlac.com\/semmexico\/wp-json\/wp\/v2\/types\/post"}],"author":[{"embeddable":true,"href":"https:\/\/redsemlac.com\/semmexico\/wp-json\/wp\/v2\/users\/3"}],"replies":[{"embeddable":true,"href":"https:\/\/redsemlac.com\/semmexico\/wp-json\/wp\/v2\/comments?post=26841"}],"version-history":[{"count":0,"href":"https:\/\/redsemlac.com\/semmexico\/wp-json\/wp\/v2\/posts\/26841\/revisions"}],"wp:featuredmedia":[{"embeddable":true,"href":"https:\/\/redsemlac.com\/semmexico\/wp-json\/wp\/v2\/media\/26979"}],"wp:attachment":[{"href":"https:\/\/redsemlac.com\/semmexico\/wp-json\/wp\/v2\/media?parent=26841"}],"wp:term":[{"taxonomy":"category","embeddable":true,"href":"https:\/\/redsemlac.com\/semmexico\/wp-json\/wp\/v2\/categories?post=26841"},{"taxonomy":"post_tag","embeddable":true,"href":"https:\/\/redsemlac.com\/semmexico\/wp-json\/wp\/v2\/tags?post=26841"}],"curies":[{"name":"wp","href":"https:\/\/api.w.org\/{rel}","templated":true}]}}