{"id":26833,"date":"2020-10-08T18:33:17","date_gmt":"2020-10-08T18:33:17","guid":{"rendered":"https:\/\/redsemlac.com\/semmexico\/?p=26833"},"modified":"2023-07-21T16:35:17","modified_gmt":"2023-07-21T21:35:17","slug":"la-beca-el-pri-y-la-caja-chica","status":"publish","type":"post","link":"https:\/\/redsemlac.com\/semmexico\/la-beca-el-pri-y-la-caja-chica\/","title":{"rendered":"La beca, el PRI y la caja chica"},"content":{"rendered":"\n<p class=\"wp-block-paragraph\">Mois\u00e9s S\u00e1nchez Lim\u00f3n<\/p>\n\n\n\n<p class=\"wp-block-paragraph\">SemM\u00e9xico, 8 de octubre, 2020.- Las disertaciones presidenciales matutinas tienen esa caracter\u00edstica del mensaje propagand\u00edstico bien aprendido que, de tanto remacharse, se asume verdad absoluta s\u00f3lo porque la dice el licenciado presidente, un ciudadano autodefinido honesto y austero que despreci\u00f3 la residencia oficial de Los Pinos y opt\u00f3 por el Palacio Nacional como vivienda privada.<\/p>\n\n\n\n<p class=\"wp-block-paragraph\">Pero el licenciado L\u00f3pez Obrador cotidianamente miente, insulta, blofea, advierte, amenaza, presume y se burla del sentido com\u00fan ciudadano; a quienes asisten a sus homil\u00edas los trata como escolapios que deben adivinar sus pueriles preguntas y, mimetizados con la l\u00ednea mercenaria, festejan gracejadas, aunque \u00e9stas denigren a quienes no tienen el mismo nivel de proscenio para defenderse. Veamos.<\/p>\n\n\n\n<p class=\"wp-block-paragraph\">&#8211;\u00bfQu\u00e9 es privatizar? \u2014 pregunt\u00f3 Andr\u00e9s Manuel a los asistentes a la ma\u00f1anera, en el corolario de la disertaci\u00f3n de mi\u00e9rcoles, aunque la interrogante iba destinada al presidente municipal de Villahermosa y el gobernador de Tabasco. Pero\u2026<\/p>\n\n\n\n<p class=\"wp-block-paragraph\">&#8211;B\u00fasquenlo en el diccionario \u2013instruy\u00f3 a su audiencia&#8211;.<\/p>\n\n\n\n<p class=\"wp-block-paragraph\">Y, docto en el manejo del lenguaje, aunque suele decir&nbsp;<strong>hubieron<\/strong>&nbsp;en lugar de&nbsp;<strong>hubo<\/strong>, les ahorr\u00f3 ir al tumbaburros:<\/p>\n\n\n\n<p class=\"wp-block-paragraph\">&#8211;(\u2026) es convertir lo p\u00fablico en privado, lo que es de todos pasa por un tiempo o por siempre\u2026 por lo que por general dicen: \u2018No, sigue siendo propiedad de la naci\u00f3n\u2019, s\u00ed, nada m\u00e1s que es una concesi\u00f3n por 50 a\u00f1os, por 100 a\u00f1os, por el tiempo que sea.<\/p>\n\n\n\n<p class=\"wp-block-paragraph\">\u00bfY?, los pocos reporteros y m\u00e1s cabilderos disfrazados de periodistas rieron con desenfado; total, ya son cuates de Andr\u00e9s Manuel.&nbsp;<\/p>\n\n\n\n<p class=\"wp-block-paragraph\">Hay un enorme espacio de impunidad en ese proceder del licenciado que deriva en impunidad y lo asume, dec\u00eda, honesto y due\u00f1o de la verdad.<\/p>\n\n\n\n<p class=\"wp-block-paragraph\">Dos temas llaman la atenci\u00f3n en el escenario. Uno en la educaci\u00f3n del licenciado presidente y, otro, relacionado con el encubrimiento y la impunidad bajo la que han transitado durante dos a\u00f1os responsables de los fideicomisos que se enfilan a su desaparici\u00f3n, una vez que la mayor\u00eda oficialista en C\u00e1mara de Diputados aprob\u00f3 el paquete de reformas legales y cuya minuta habr\u00e1 de atender el Senado de la Rep\u00fablica, \u00faltima aduana para estos organismos a los que L\u00f3pez Obrador considera fuente de corrupci\u00f3n.<\/p>\n\n\n\n<p class=\"wp-block-paragraph\">Veamos. En mayo pasado, en ocasi\u00f3n del festejo del D\u00eda del Maestro, L\u00f3pez Obrador se sincer\u00f3 Y dijo que en su \u00e9poca de estudiante en la Facultad de Ciencias Pol\u00edticas y Sociales, en la UNAM, le \u201cera muy dif\u00edcil estudiar\u201d y por eso no le dieron menci\u00f3n honor\u00edfica cuando present\u00f3 su tesis de licenciatura porque su promedio era de 7.8, aunque en realidad era de 7.72.<\/p>\n\n\n\n<p class=\"wp-block-paragraph\">Margen aparte de que su paso por la UNAM tiene claroscuros, como decir que concluy\u00f3 la licenciatura en 1976 cuando en realidad fue en 1978, de acuerdo con el plan de estudios de la \u00e9poca que era de diez semestres, el hecho es que no estudi\u00f3 apoyado por una beca porque \u00e9sta se otorga a estudiantes con promedio de 9 y 10. Pero\u2026 Lea usted lo que dijo esta semana el se\u00f1orpresidente:<\/p>\n\n\n\n<p class=\"wp-block-paragraph\">\u201cSi no fuese por las becas, much\u00edsimos no podr\u00edan estudiar. Yo estoy aqu\u00ed, llegu\u00e9 a ser presidente porque estudi\u00e9 con una beca, si no, no hubiese yo terminado la escuela, la termin\u00e9 de milagro y eso por el apoyo.<\/p>\n\n\n\n<p class=\"wp-block-paragraph\">\u201cImag\u00ednense, viv\u00eda yo en la Casa del Estudiante Tabasque\u00f1o y nos daban hospedaje y nos daban alimentaci\u00f3n, nos llevaban comida, la leche, el pan, costales de pan, carne que dec\u00edamos que era de caballo en unos paquetes y una cocina aqu\u00ed en la colonia Guerrero, una casa grande, viv\u00edamos 80 y nos daban hospedaje, comida (\u2026)\u201d.<\/p>\n\n\n\n<p class=\"wp-block-paragraph\">Resulta que en esos d\u00edas, Andr\u00e9s Manuel estaba empecinado en ser un distinguido priista, e incluso desde 1970 se incorpor\u00f3 al PRI en Tabasco. En 1976, cuando supuestamente concluy\u00f3 la licenciatura de diez semestres iniciados en 1973, form\u00f3 parte del equipo del poeta Carlos Pellicer, que hac\u00eda campa\u00f1a al Senado. \u00bfBeca?, sin duda el apoyo del PRI, o el que le aportaba Ignacio Ovalle Fern\u00e1ndez.<\/p>\n\n\n\n<p class=\"wp-block-paragraph\">Andr\u00e9s Manuel, en ese papel de honesto, honesto y \u00e9mulo del ind\u00edgena de Guelatao que lleg\u00f3 a ser Presidente, elabora su carta curricular como le viene en gana, miente, oculta, trampea fechas, omite tiempos oscuros de, por ejemplo, su paso por la Casa del Estudiante Tabasque\u00f1o y el trabajo que desempe\u00f1aba con Carlos Pellicer, que sol\u00eda pagar con largueza. \u00bfBeca para un pobre estudiante de Macuspana?&nbsp;<\/p>\n\n\n\n<p class=\"wp-block-paragraph\"><strong>Y, vaya en el tema de los Fideicomisos, es apenas elemental que el auditorio a modo de la ma\u00f1anera no haya preguntado&nbsp;<\/strong>a L\u00f3pez Obrador \u00bfd\u00f3nde est\u00e1n los actuales y pasados directores o responsables de esos organismos que, acusa, corrieron durante a\u00f1os en espacios de la corrupci\u00f3n, la opacidad y tr\u00e1fico de influencias?<\/p>\n\n\n\n<p class=\"wp-block-paragraph\">Ocurre que, por ejemplo, el licenciado presidente acus\u00f3 al FONDEN de haber sido la caja chica de funcionarios de gobiernos pasados, \u00bfs\u00f3lo de los pasados? \u00bfPor qu\u00e9 hasta estos d\u00edas, es decir, dos a\u00f1os despu\u00e9s, de pronto se dio cuenta de lo que ocurr\u00eda en los fideicomisos? Am\u00e9n de que, con tabla rasa, los acusa de manejos oscuros, de corrupci\u00f3n y, por ende, los directores o responsables de dichos entes son corruptos.<\/p>\n\n\n\n<p class=\"wp-block-paragraph\">\u00bfY los funcionarios responsables, nombrados en y a partir de diciembre de 2018, no son corruptos, no se dieron cuenta de lo que ocurr\u00eda y s\u00f3lo hasta que hubo falta de dineros en las arcas p\u00fablicas el licenciado presidente registr\u00f3 el problema?<\/p>\n\n\n\n<p class=\"wp-block-paragraph\">Cierto, en las administraciones pasadas, gobiernos priistas y panistas, el deporte de la corrupci\u00f3n se practic\u00f3 con denuedo, fueron f\u00e1bricas de nuevos millonarios y multimillonarios, de funcionarios que transaron en oficinas de todo tama\u00f1o en la libertad que otorga aquello de lo que hace la mano hace la tras.<\/p>\n\n\n\n<p class=\"wp-block-paragraph\">Pero, cerrar los ojos frente a la galopante corrupci\u00f3n de los nuevos due\u00f1os del poder en M\u00e9xico, es un delito que transita entre la complicidad y la omisi\u00f3n. Y Andr\u00e9s Manuel incurre en ambos cargos o, d\u00edgame usted c\u00f3mo se le llama al evidente perd\u00f3n presidencial a P\u00edo L\u00f3pez Obrador, a David Le\u00f3n que le entregaba dineros salidos de Palacio de Gobierno de Tuxtla Guti\u00e9rrez, Chiapas, a los funcionarios de la Secretar\u00eda de Agricultura que hicieron negocio millonario con fertilizante y semillas echadas a perder en Guerrero y, en fin\u2026<\/p>\n\n\n\n<p class=\"wp-block-paragraph\">El licenciado L\u00f3pez Obrador argument\u00f3:<\/p>\n\n\n\n<p class=\"wp-block-paragraph\">\u201cS\u00ed, pues repito lo que estoy sosteniendo desde hace mucho tiempo, es parte de uno de los compromisos (\u2026) la de desaparecer fideicomisos y tambi\u00e9n fondos que se manejan de manera discrecional, sin transparencia.<\/p>\n\n\n\n<p class=\"wp-block-paragraph\">\u201cFideicomisos para todo, con aparatos burocr\u00e1ticos, muchos de ellos, en donde se queda el dinero, no le llega el apoyo a la gente, son aparatos que se fueron creando en el tiempo para duplicar funciones de la administraci\u00f3n p\u00fablica, para no tener ning\u00fan control o tener manga ancha y poder manejar los recursos sin fiscalizaci\u00f3n; en algunos casos, entregar recursos a quienes no los necesitan, s\u00f3lo por ser allegados a quienes mandan o deciden en el gobierno.<\/p>\n\n\n\n<p class=\"wp-block-paragraph\">\u201cEntonces, vamos a poner orden. Son m\u00e1s de 100 fideicomisos los creados por ley, pero hay otro tanto igual, no creados por ley, pero creados por acuerdos del Ejecutivo, estamos hablando como de 200 o un poco m\u00e1s de fideicomisos (\u2026).<\/p>\n\n\n\n<p class=\"wp-block-paragraph\"><strong>\u201c\u00bfPor qu\u00e9 vamos a desaparecer el FONDEN?<\/strong><\/p>\n\n\n\n<p class=\"wp-block-paragraph\"><strong>Porque hay elementos suficientes para sostener que era una especie de caja chica, bueno, ni tan chica, para funcionarios que compraban de todo aprovechando que hab\u00eda una emergencia sin licitar. Miles de millones de pesos en catres, en l\u00e1minas de zinc, en todo, a precios elevad\u00edsimos. Hay gente que viv\u00eda de venderle a Gobernaci\u00f3n, de venderle al Fonden, que hac\u00eda jugosos negocios; bueno, eso no tiene nada que ver con el hecho de que nosotros tenemos que apoyar a damnificados\u201d.<\/strong><\/p>\n\n\n\n<p class=\"wp-block-paragraph\">\u00bfY qui\u00e9n manej\u00f3 en los dos a\u00f1os recientes esa caja chica? \u00bfCu\u00e1l fue el destino de los dineros presupuestados en 2019 y 2020 para esa caja chica que es el FONDEN? \u00bfSe investigar\u00e1 a los actuales directores y responsables de los fideicomisos en v\u00edas de extinci\u00f3n para que respondan de todo lo que acusa L\u00f3pez Obrador?&nbsp;<\/p>\n\n\n\n<p class=\"wp-block-paragraph\">\u00a1Ah!, el justiciero que estudi\u00f3 con la beca del PRI. Porque debi\u00f3 haber sido una beca &#8211;pese a su calificaci\u00f3n de 7.72&#8211; del gobierno priista de su estado natal y vivi\u00f3 gratis en la Casa del Estudiante Tabasque\u00f1o que pagaba el gobierno de Tabasco, entonces encabezado por Mario Trujillo Garc\u00eda, de filiaci\u00f3n priista. \u00bfY el apoyo del gobernador Leandro Rovirosa Wade, distinguido priista? Enorme beca del PRI que disfrut\u00f3 hasta que quiso ser gobernador y el tricolor no se lo concedi\u00f3. \u00a1Vaya beca! Conste.<\/p>\n\n\n\n<p class=\"wp-block-paragraph\"><a href=\"mailto:sanchezlimon@gmail.com\">sanchezlimon@gmail.com<\/a><\/p>\n\n\n\n<p class=\"wp-block-paragraph\"><a href=\"http:\/\/www.entresemana.mx\/\">www.entresemana.mx<\/a><\/p>\n\n\n\n<p class=\"wp-block-paragraph\">@msanchezlimon<\/p>\n\n\n\n<p class=\"wp-block-paragraph\">+++++++++++++++<\/p>\n","protected":false},"excerpt":{"rendered":"<p>Mois\u00e9s S\u00e1nchez Lim\u00f3n SemM\u00e9xico, 8 de octubre, 2020.- Las disertaciones presidenciales matutinas tienen esa caracter\u00edstica del mensaje propagand\u00edstico bien aprendido que, de tanto remacharse, se asume verdad absoluta s\u00f3lo porque la dice el licenciado presidente, un ciudadano autodefinido honesto y austero que despreci\u00f3 la residencia oficial de Los Pinos y opt\u00f3 por el Palacio Nacional [&hellip;]<\/p>\n","protected":false},"author":3,"featured_media":15805,"comment_status":"open","ping_status":"open","sticky":false,"template":"","format":"standard","meta":{"_monsterinsights_skip_tracking":false,"footnotes":""},"categories":[691,105,83],"tags":[],"class_list":["post-26833","post","type-post","status-publish","format-standard","has-post-thumbnail","category-691","category-entresemana","category-moises-sanchez-limon"],"_links":{"self":[{"href":"https:\/\/redsemlac.com\/semmexico\/wp-json\/wp\/v2\/posts\/26833","targetHints":{"allow":["GET"]}}],"collection":[{"href":"https:\/\/redsemlac.com\/semmexico\/wp-json\/wp\/v2\/posts"}],"about":[{"href":"https:\/\/redsemlac.com\/semmexico\/wp-json\/wp\/v2\/types\/post"}],"author":[{"embeddable":true,"href":"https:\/\/redsemlac.com\/semmexico\/wp-json\/wp\/v2\/users\/3"}],"replies":[{"embeddable":true,"href":"https:\/\/redsemlac.com\/semmexico\/wp-json\/wp\/v2\/comments?post=26833"}],"version-history":[{"count":0,"href":"https:\/\/redsemlac.com\/semmexico\/wp-json\/wp\/v2\/posts\/26833\/revisions"}],"wp:featuredmedia":[{"embeddable":true,"href":"https:\/\/redsemlac.com\/semmexico\/wp-json\/wp\/v2\/media\/15805"}],"wp:attachment":[{"href":"https:\/\/redsemlac.com\/semmexico\/wp-json\/wp\/v2\/media?parent=26833"}],"wp:term":[{"taxonomy":"category","embeddable":true,"href":"https:\/\/redsemlac.com\/semmexico\/wp-json\/wp\/v2\/categories?post=26833"},{"taxonomy":"post_tag","embeddable":true,"href":"https:\/\/redsemlac.com\/semmexico\/wp-json\/wp\/v2\/tags?post=26833"}],"curies":[{"name":"wp","href":"https:\/\/api.w.org\/{rel}","templated":true}]}}