{"id":2683,"date":"2018-04-24T04:25:00","date_gmt":"2018-04-24T04:25:00","guid":{"rendered":"https:\/\/redsemlac.com\/semmexico\/?p=2683"},"modified":"2023-07-21T14:31:08","modified_gmt":"2023-07-21T19:31:08","slug":"las-representantes-de-mujeres-con-anaya-hicieron-un-llamado-a-las-mujeres-de-mexico-a-sumarse-a-la-campana-de-ricardo-anaya","status":"publish","type":"post","link":"https:\/\/redsemlac.com\/semmexico\/las-representantes-de-mujeres-con-anaya-hicieron-un-llamado-a-las-mujeres-de-mexico-a-sumarse-a-la-campana-de-ricardo-anaya\/","title":{"rendered":"Las representantes de Mujeres con Anaya hicieron un llamado a las mujeres de M\u00e9xico a sumarse a la campa\u00f1a de Ricardo Anaya."},"content":{"rendered":"\n<p class=\"wp-block-paragraph\"><a href=\"https:\/\/www.semmexico.com\/gallery-post.php?id=4621#\">Lizbeth \u00c1lvarez<\/a><\/p>\n\n\n\n<p class=\"wp-block-paragraph\">SemM\u00e9xico. Cd. de M\u00e9xico. 24 de abril de 2018.- La Coordinaci\u00f3n Nacional Colegiada de Mujeres con Anaya anunci\u00f3 el compromiso de la Coalici\u00f3n Por M\u00e9xico al Frente y de su candidato a la Presidencia de la Rep\u00fablica, Ricardo Anaya Cort\u00e9s, de aprobar los convenios 189, 183 y 156 de la Organizaci\u00f3n Internacional del Trabajo (OIT).<br><br>Marcela Torres Peimbert, coordinadora Nacional de Mujeres del PAN, se\u00f1al\u00f3 que hacen suya la causa de varios colectivos que a nivel nacional han exigido igualdad para las mujeres en todos los \u00e1mbitos de su vida cotidiana.<br><br>\u201cUno de los planteamientos del Frente ha sido que empoderar a las mujeres es empoderar a las familias, y empoderar a las familias es empoderar a M\u00e9xico, a la sociedad. Por ello resulta fundamental la adopci\u00f3n del Convenio 156 de la OIT\u201d, expuso Torres Peimbert.<br><br>En \u00e9l, explic\u00f3, se establecen medidas orientadas a garantizar el ejercicio pleno del derecho al trabajo de las personas con responsabilidades familiares, para lograr el menor conflicto posible entre estas responsabilidades y las profesionales, para que las familias mexicanas vivan mejor.<br><br>Por su parte, Ang\u00e9lica de la Pe\u00f1a G\u00f3mez, coordinadora Nacional Mujeres del PRD, apunt\u00f3 que una de las causas que m\u00e1s las han distinguido, incluso antes de que se conformara el Frente, ha sido la defensa de las y los trabajadores del hogar.<br><br>\u201cDesde el Senado de la Rep\u00fablica impulsamos en diversas ocasiones la aprobaci\u00f3n del Convenio 189 de la OIT para garantizarles seguridad social a quienes no son reconocidos como parte de la fuerza laboral\u00bb, detall\u00f3 de la Pe\u00f1a G\u00f3mez.<br><br>Teresa Ochoa Mej\u00eda, integrante de la comisi\u00f3n Operativa Nacional de Movimiento Ciudadano, coment\u00f3 que en el Convenio 183 de la OIT se establecen medidas orientadas a la protecci\u00f3n de la maternidad de las mujeres trabajadoras.<br>Entre las medidas destac\u00f3: la prohibici\u00f3n de las actividades peligrosas durante el embarazo; el incremento de la duraci\u00f3n de la licencia de maternidad a 14 semanas (98 d\u00edas); descanso postnatal de al menos 6 semanas (42 d\u00edas), que ser\u00e1n tomados en cuenta en el tiempo de la licencia por maternidad; y en caso de retraso del parto, el tiempo de descanso postnatal no se reduce.<br><br>Finalmente, las representantes de Mujeres con Anaya hicieron un llamado a las mujeres de M\u00e9xico a sumarse a la campa\u00f1a de Ricardo Anaya, el \u00fanico candidato comprometido con los derechos de las mexicanas y capaz de hacer del pa\u00eds un lugar donde las mujeres puedan crear, en absoluta libertad, su propio futuro.<br><\/p>\n","protected":false},"excerpt":{"rendered":"<p>Lizbeth \u00c1lvarez SemM\u00e9xico. Cd. de M\u00e9xico. 24 de abril de 2018.- La Coordinaci\u00f3n Nacional Colegiada de Mujeres con Anaya anunci\u00f3 el compromiso de la Coalici\u00f3n Por M\u00e9xico al Frente y de su candidato a la Presidencia de la Rep\u00fablica, Ricardo Anaya Cort\u00e9s, de aprobar los convenios 189, 183 y 156 de la Organizaci\u00f3n Internacional del [&hellip;]<\/p>\n","protected":false},"author":3,"featured_media":2684,"comment_status":"open","ping_status":"open","sticky":false,"template":"","format":"standard","meta":{"_monsterinsights_skip_tracking":false,"footnotes":""},"categories":[689,33],"tags":[],"class_list":["post-2683","post","type-post","status-publish","format-standard","has-post-thumbnail","category-689","category-elecciones-2018"],"_links":{"self":[{"href":"https:\/\/redsemlac.com\/semmexico\/wp-json\/wp\/v2\/posts\/2683","targetHints":{"allow":["GET"]}}],"collection":[{"href":"https:\/\/redsemlac.com\/semmexico\/wp-json\/wp\/v2\/posts"}],"about":[{"href":"https:\/\/redsemlac.com\/semmexico\/wp-json\/wp\/v2\/types\/post"}],"author":[{"embeddable":true,"href":"https:\/\/redsemlac.com\/semmexico\/wp-json\/wp\/v2\/users\/3"}],"replies":[{"embeddable":true,"href":"https:\/\/redsemlac.com\/semmexico\/wp-json\/wp\/v2\/comments?post=2683"}],"version-history":[{"count":0,"href":"https:\/\/redsemlac.com\/semmexico\/wp-json\/wp\/v2\/posts\/2683\/revisions"}],"wp:featuredmedia":[{"embeddable":true,"href":"https:\/\/redsemlac.com\/semmexico\/wp-json\/wp\/v2\/media\/2684"}],"wp:attachment":[{"href":"https:\/\/redsemlac.com\/semmexico\/wp-json\/wp\/v2\/media?parent=2683"}],"wp:term":[{"taxonomy":"category","embeddable":true,"href":"https:\/\/redsemlac.com\/semmexico\/wp-json\/wp\/v2\/categories?post=2683"},{"taxonomy":"post_tag","embeddable":true,"href":"https:\/\/redsemlac.com\/semmexico\/wp-json\/wp\/v2\/tags?post=2683"}],"curies":[{"name":"wp","href":"https:\/\/api.w.org\/{rel}","templated":true}]}}