{"id":26800,"date":"2020-10-08T00:13:41","date_gmt":"2020-10-08T00:13:41","guid":{"rendered":"https:\/\/redsemlac.com\/semmexico\/?p=26800"},"modified":"2023-07-21T16:35:18","modified_gmt":"2023-07-21T21:35:18","slug":"muere-mario-molina","status":"publish","type":"post","link":"https:\/\/redsemlac.com\/semmexico\/muere-mario-molina\/","title":{"rendered":"Muere Mario Molina, Premio Nobel de Qu\u00edmica 1955"},"content":{"rendered":"\n<p class=\"wp-block-paragraph\"><strong>Redacci\u00f3n\u00a0<\/strong><\/p>\n\n\n\n<p class=\"wp-block-paragraph\">SemM\u00e9xico. Cd. de M\u00e9xico. 7 de octubre de 2020.- La Universidad&nbsp;Nacional Aut\u00f3noma de M\u00e9xico di\u00f3 a conocer el &nbsp;fallecimiento del Dr. Mario Molina, Premio Nobel de Qu\u00edmica 1995, ocurrido este 7 de octubre en la Ciudad de M\u00e9xico.&nbsp;<\/p>\n\n\n\n<p class=\"wp-block-paragraph\">El cient\u00edfico mexicano destac\u00f3 por su trabajo sobre la capa de ozono, fue uno de los pioneros en investigar la qu\u00edmica atmosf\u00e9rica y junto con F. Sherwood Rowland y Paul Crutzen realizaron el descubrimiento de que los gases CFC (clorofluorocarbonos) eran los culpables de acabar con el ozono que protege al planeta de los rayos solares ultravioletas.<\/p>\n\n\n\n<p class=\"wp-block-paragraph\">Sus investigaciones y publicaciones sobre el tema condujeron al Protocolo de Montreal de las Naciones Unidas, el primer acuerdo ambiental internacional que logr\u00f3 ratificaci\u00f3n universal con la meta de eliminar el uso de sustancias que agotan la capa de ozono (SAO). Desde su adopci\u00f3n en 1987 y a partir de finales de 2014, se ha eliminado con \u00e9xito m\u00e1s del 98% de las SAO controladas, lo que ha ayudado a revertir los da\u00f1os a la capa de ozono.&nbsp;<\/p>\n\n\n\n<p class=\"wp-block-paragraph\">Molina naci\u00f3 en la Ciudad de M\u00e9xico en 1943 y fue ingeniero qu\u00edmico egresado de la Universidad Nacional Aut\u00f3noma de M\u00e9xico (1965); posteriormente realiz\u00f3 estudios de posgrado en la Universidad de Friburgo, Alemania (1967) y recibi\u00f3 un doctorado en Fisicoqu\u00edmica de la Universidad de California, Berkeley, en Estados Unidos (1972).&nbsp;<\/p>\n\n\n\n<p class=\"wp-block-paragraph\">Molina era tambi\u00e9n investigador de la Universidad de California en San Diego, y del Instituto de Oceanograf\u00eda SCRIPPS, una de las instituciones l\u00edderes en la investigaci\u00f3n de los fen\u00f3menos asociados al Cambio Clim\u00e1tico.<\/p>\n\n\n\n<p class=\"wp-block-paragraph\">En M\u00e9xico, presidi\u00f3 desde 2005 el Centro Mario Molina, donde hizo estudios estrat\u00e9gicos sobre energ\u00eda y medio ambiente, particularmente en los campos de cambio clim\u00e1tico y calidad del aire.<\/p>\n","protected":false},"excerpt":{"rendered":"<p>En M\u00e9xico, presidi\u00f3 desde 2005 el Centro Mario Molina, donde hizo estudios estrat\u00e9gicos sobre energ\u00eda y medio ambiente<\/p>\n","protected":false},"author":3,"featured_media":26801,"comment_status":"open","ping_status":"open","sticky":false,"template":"","format":"standard","meta":{"_monsterinsights_skip_tracking":false,"footnotes":""},"categories":[691,52],"tags":[],"class_list":["post-26800","post","type-post","status-publish","format-standard","has-post-thumbnail","category-691","category-hombres"],"_links":{"self":[{"href":"https:\/\/redsemlac.com\/semmexico\/wp-json\/wp\/v2\/posts\/26800","targetHints":{"allow":["GET"]}}],"collection":[{"href":"https:\/\/redsemlac.com\/semmexico\/wp-json\/wp\/v2\/posts"}],"about":[{"href":"https:\/\/redsemlac.com\/semmexico\/wp-json\/wp\/v2\/types\/post"}],"author":[{"embeddable":true,"href":"https:\/\/redsemlac.com\/semmexico\/wp-json\/wp\/v2\/users\/3"}],"replies":[{"embeddable":true,"href":"https:\/\/redsemlac.com\/semmexico\/wp-json\/wp\/v2\/comments?post=26800"}],"version-history":[{"count":0,"href":"https:\/\/redsemlac.com\/semmexico\/wp-json\/wp\/v2\/posts\/26800\/revisions"}],"wp:featuredmedia":[{"embeddable":true,"href":"https:\/\/redsemlac.com\/semmexico\/wp-json\/wp\/v2\/media\/26801"}],"wp:attachment":[{"href":"https:\/\/redsemlac.com\/semmexico\/wp-json\/wp\/v2\/media?parent=26800"}],"wp:term":[{"taxonomy":"category","embeddable":true,"href":"https:\/\/redsemlac.com\/semmexico\/wp-json\/wp\/v2\/categories?post=26800"},{"taxonomy":"post_tag","embeddable":true,"href":"https:\/\/redsemlac.com\/semmexico\/wp-json\/wp\/v2\/tags?post=26800"}],"curies":[{"name":"wp","href":"https:\/\/api.w.org\/{rel}","templated":true}]}}