{"id":26794,"date":"2020-10-07T21:50:02","date_gmt":"2020-10-07T21:50:02","guid":{"rendered":"https:\/\/redsemlac.com\/semmexico\/?p=26794"},"modified":"2023-07-21T16:35:18","modified_gmt":"2023-07-21T21:35:18","slug":"emergencia-covid19","status":"publish","type":"post","link":"https:\/\/redsemlac.com\/semmexico\/emergencia-covid19\/","title":{"rendered":"La inversi\u00f3n insuficiente en salud tiene un impacto devastador en las sociedades y la econom\u00eda: Guterres"},"content":{"rendered":"\n<p class=\"wp-block-paragraph\"><strong>Redacci\u00f3n\u00a0<\/strong><br>SemM\u00e9xico\/Noticias ONU. 7 de octubre de 2020.- El Secretario General\u00a0de las Naciones Unidas subray\u00f3 este mi\u00e9rcoles la importancia de fortalecer los sistemas sanitarios y alcanzar la cobertura universal de salud.<\/p>\n\n\n\n<p class=\"wp-block-paragraph\">En su Informe de Pol\u00edticas sobre el COVID-19 y la Cobertura Sanitaria Universal, Ant\u00f3nio Guterres destac\u00f3 la rapidez con la que el coronavirus se propag\u00f3 por el mundo causando m\u00e1s de un mill\u00f3n de muertes, m\u00e1s de 30 millones de contagios y una aguda crisis econ\u00f3mica&nbsp;<strong>a apenas nueve meses<\/strong>&nbsp;de haber aparecido por primera vez en los humanos.<\/p>\n\n\n\n<p class=\"wp-block-paragraph\">Con alarma, Guterres remarc\u00f3 que&nbsp;<strong>las infecciones van en aumento<\/strong>&nbsp;y que hay se\u00f1ales preocupantes de nuevas oleadas.<\/p>\n\n\n\n<p class=\"wp-block-paragraph\">Se\u00f1al\u00f3 que esta pandemia ha revelado&nbsp;<strong>m\u00faltiples fragilidades fundamentales<\/strong>&nbsp;de la sociedades y las econom\u00edas, entre los que resalt\u00f3&nbsp;<strong>sistemas de salud inadecuados<\/strong>, enormes brechas en la protecci\u00f3n social, grandes desigualdades estructurales dentro y entre los pa\u00edses.<\/p>\n\n\n\n<p class=\"wp-block-paragraph\">Pero, sobre todo, el titular de la ONU cit\u00f3 \u201c<strong>lo mal preparado que est\u00e1 el mundo<\/strong>\u201d para hacer frente a una emergencia sanitaria de esta magnitud.<\/p>\n\n\n\n<p class=\"wp-block-paragraph\">\u201cNunca los sistemas de salud fuertes y resilientes han sido m\u00e1s cruciales, lo que ha dado&nbsp;<strong>mayor urgencia<\/strong>&nbsp;a la b\u00fasqueda de la cobertura sanitaria universal\u201d, dijo.<\/p>\n\n\n\n<h2 class=\"wp-block-heading\"><strong>Costos y retrocesos<\/strong><\/h2>\n\n\n\n<p class=\"wp-block-paragraph\">Advirti\u00f3 que la inversi\u00f3n insuficiente en el sector sanitario puede tener un impacto devastador en las sociedades y las econom\u00edas, como bien se ha observado con los&nbsp;<strong>375.000 millones de d\u00f3lares mensuales que le cuesta a la econom\u00eda mundial<\/strong>&nbsp;la pandemia de COVID-19.<\/p>\n\n\n\n<p class=\"wp-block-paragraph\">Guterres mencion\u00f3 tambi\u00e9n los&nbsp;<strong>500 millones de puestos de trabajo perdidos&nbsp;<\/strong>y el retroceso del desarrollo humano.<\/p>\n\n\n\n<p class=\"wp-block-paragraph\">Dado este panorama, insisti\u00f3 en que la salud es un derecho humano y en que la cobertura sanitaria universal es una herramienta fundamental para lograr la salud para todas las personas.<\/p>\n\n\n\n<p class=\"wp-block-paragraph\">\u201cSin embargo, al menos&nbsp;<strong>la mitad de la poblaci\u00f3n mundial todav\u00eda no tiene una cobertura<\/strong>&nbsp;completa de los servicios de sanidad esenciales y m\u00e1s de 800 millones de personas gastan un m\u00ednimo del 10% de sus presupuestos familiares para pagar los gastos de salud\u201d, recalc\u00f3.<\/p>\n\n\n\n<p class=\"wp-block-paragraph\">Record\u00f3 que todos los pa\u00edses acordaron trabajar para alcanzar la cobertura universal de salud como parte de la&nbsp;<a href=\"https:\/\/onunoticias.us4.list-manage.com\/track\/click?u=4818fde9fa44352c65c9b6ae8&amp;id=1cd1a67772&amp;e=826b3998a1\" target=\"_blank\" rel=\"noreferrer noopener\">Agenda 2030 de Desarrollo Sostenible<\/a>&nbsp;y que hace un a\u00f1o respaldaron la primera Declaraci\u00f3n Pol\u00edtica General sobre Cobertura Universal de Salud y el compromiso con la salud para todas las personas. Sin embargo, ahora&nbsp;<strong>esos compromisos est\u00e1n amenazados por la pandemia<\/strong>.<\/p>\n\n\n\n<h2 class=\"wp-block-heading\"><strong>Recomendaciones<\/strong><\/h2>\n\n\n\n<p class=\"wp-block-paragraph\">El informe de pol\u00edticas incluye cinco recomendaciones:<\/p>\n\n\n\n<p class=\"wp-block-paragraph\"><strong>Controlar<\/strong>&nbsp;la transmisi\u00f3n de COVID-19 a trav\u00e9s de medidas de salud p\u00fablica comprobadas y una respuesta global coordinada.<\/p>\n\n\n\n<p class=\"wp-block-paragraph\"><strong>Proteger&nbsp;<\/strong>la prestaci\u00f3n de otros servicios de salud esenciales durante la pandemia. La pandemia ha interrumpido la prestaci\u00f3n de intervenciones diarias esenciales necesarias para abordar las enfermedades infecciosas y el c\u00e1ncer, las enfermedades card\u00edacas y otras enfermedades no transmisibles. El acceso a los servicios de salud mental y los programas de salud sexual y reproductiva no puede verse comprometido.<\/p>\n\n\n\n<p class=\"wp-block-paragraph\"><strong>Garantizar&nbsp;<\/strong>que todas las personas, en todas partes, tengan acceso a futuras vacunas, pruebas y tratamientos contra el COVID-19. Financiar el&nbsp;<em>Acelerador ACT<\/em>&nbsp;es la forma m\u00e1s r\u00e1pida de poner fin a la pandemia.<\/p>\n\n\n\n<p class=\"wp-block-paragraph\"><strong>Alcanzar&nbsp;<\/strong>la cobertura sanitaria universal. Esto requiere que los gobiernos aumenten la inversi\u00f3n en bienes comunes para la salud, como la vigilancia, la cadena de suministro y adquisiciones, as\u00ed como las comunicaciones de riesgos. Tambi\u00e9n precisa que los programas de salud p\u00fablica sean inclusivos y equitativos. El acceso a los servicios de salud no debe depender del estado financiero.<\/p>\n\n\n\n<p class=\"wp-block-paragraph\"><strong>Fortalecer&nbsp;<\/strong>la preparaci\u00f3n y respuesta ante una pandemia, considerando estas estrategias como un bien p\u00fablico mundial. Para esto hacen falta inversiones a gran escala tanto nacionales como mundiales y se necesita la participaci\u00f3n de todos los sectores de la sociedad.<\/p>\n","protected":false},"excerpt":{"rendered":"<p>Importancia de fortalecer los sistemas sanitarios y alcanzar la cobertura universal de salud.<\/p>\n","protected":false},"author":3,"featured_media":26795,"comment_status":"open","ping_status":"open","sticky":false,"template":"","format":"standard","meta":{"_monsterinsights_skip_tracking":false,"footnotes":""},"categories":[691,135],"tags":[],"class_list":["post-26794","post","type-post","status-publish","format-standard","has-post-thumbnail","category-691","category-emergencia-sanitaria-covid-19"],"_links":{"self":[{"href":"https:\/\/redsemlac.com\/semmexico\/wp-json\/wp\/v2\/posts\/26794","targetHints":{"allow":["GET"]}}],"collection":[{"href":"https:\/\/redsemlac.com\/semmexico\/wp-json\/wp\/v2\/posts"}],"about":[{"href":"https:\/\/redsemlac.com\/semmexico\/wp-json\/wp\/v2\/types\/post"}],"author":[{"embeddable":true,"href":"https:\/\/redsemlac.com\/semmexico\/wp-json\/wp\/v2\/users\/3"}],"replies":[{"embeddable":true,"href":"https:\/\/redsemlac.com\/semmexico\/wp-json\/wp\/v2\/comments?post=26794"}],"version-history":[{"count":0,"href":"https:\/\/redsemlac.com\/semmexico\/wp-json\/wp\/v2\/posts\/26794\/revisions"}],"wp:featuredmedia":[{"embeddable":true,"href":"https:\/\/redsemlac.com\/semmexico\/wp-json\/wp\/v2\/media\/26795"}],"wp:attachment":[{"href":"https:\/\/redsemlac.com\/semmexico\/wp-json\/wp\/v2\/media?parent=26794"}],"wp:term":[{"taxonomy":"category","embeddable":true,"href":"https:\/\/redsemlac.com\/semmexico\/wp-json\/wp\/v2\/categories?post=26794"},{"taxonomy":"post_tag","embeddable":true,"href":"https:\/\/redsemlac.com\/semmexico\/wp-json\/wp\/v2\/tags?post=26794"}],"curies":[{"name":"wp","href":"https:\/\/api.w.org\/{rel}","templated":true}]}}