{"id":26789,"date":"2020-10-07T21:37:08","date_gmt":"2020-10-07T21:37:08","guid":{"rendered":"https:\/\/redsemlac.com\/semmexico\/?p=26789"},"modified":"2023-07-21T16:35:18","modified_gmt":"2023-07-21T21:35:18","slug":"demandan-liberacion-de-acusado-de-violacion","status":"publish","type":"post","link":"https:\/\/redsemlac.com\/semmexico\/demandan-liberacion-de-acusado-de-violacion\/","title":{"rendered":"Demandan liberaci\u00f3n de acusado de violaci\u00f3n e intento de feminicidio"},"content":{"rendered":"\n<ul class=\"wp-block-list\"><li><strong>\u00a0Se trata de uno de los dirigentes de una organizaci\u00f3n en Oaxaca<\/strong><\/li><\/ul>\n\n\n\n<ul class=\"wp-block-list\"><li><strong>Toman carreteras en diversas partes de la entidad, y calles de la capital oaxaque\u00f1a<\/strong><\/li><\/ul>\n\n\n\n<p class=\"wp-block-paragraph\"><strong>Patricia Brise\u00f1o<\/strong><\/p>\n\n\n\n<p class=\"wp-block-paragraph\">SemM\u00e9xico, Oaxaca, 7 de octubre, 2020.- Integrantes del Comit\u00e9 de Defensa de los Derechos del Pueblo (Codep) bloquearon distintos puntos de Oaxaca para exigir la liberaci\u00f3n de uno de sus dirigentes, Ernesto L\u00f3pez, presunto responsable de los delitos de intento de violaci\u00f3n y tentativa de feminicidio en contra de una de sus compa\u00f1eras de la organizaci\u00f3n, el pasado 27 de marzo.<\/p>\n\n\n\n<p class=\"wp-block-paragraph\">Adheridos en la Alianza de los Pueblos por la Justicia Social y la Asamblea de Pueblos en Defensa del Territorio, la Educaci\u00f3n P\u00fablica, Gratuita y los Derechos Humanos, los manifestantes del Codep cerraron carreteras como medida de presi\u00f3n a la Fiscal\u00eda General del Estado y al Poder Judicial del Estado para conseguir la liberaci\u00f3n Ernesto L\u00f3pez, tras conseguir que la agraviada otorgar\u00e1 el perd\u00f3n. Incluso, la agraviada \u2013identificada como Nohem\u00ed&#8211; tambi\u00e9n participa en la movilizaci\u00f3n por la liberaci\u00f3n de L\u00f3pez.<\/p>\n\n\n\n<p class=\"wp-block-paragraph\">Sin embargo, al tratarse de un delito que se persigue de oficio, por la gravedad, el imputado sigue su proceso en prisi\u00f3n preventiva, hasta la siguiente audiencia prevista en fecha pr\u00f3xima.<\/p>\n\n\n\n<p class=\"wp-block-paragraph\">En la ciudad de Oaxaca fueron denunciados en redes sociales por tomar fotograf\u00edas a mujeres j\u00f3venes que pasan cerca del bloqueo, a quienes, adem\u00e1s molestas.<\/p>\n\n\n\n<p class=\"wp-block-paragraph\">Las y los miembros de Codep cerraron las carreteras federales 178, 200 y 175 en Cuacnopalan-Oaxaca, Pinotepa Nacional y Miahuatl\u00e1n de Porfirio D\u00edaz, respectivamente.<\/p>\n\n\n\n<p class=\"wp-block-paragraph\">En la regi\u00f3n del Istmo impidieron el paso en la carretera 185, entre Juchit\u00e1n y Tehuantepec, asimismo, cerraron el paso en la v\u00eda Ciudad Alem\u00e1n, Veracruz \u2013 Tuxtepec, Oaxaca, en el tramo del puente Caracol, en la Cuenca del Papaloapan. En la capital del estado cercaron varias avenidas y calles.&nbsp;<\/p>\n\n\n\n<p class=\"wp-block-paragraph\">Los activistas con el rostro cubierto, provistos de garrotes y machetes atravesaron camiones del servicio concesionado de pasajeros y repartidores de alimentos, que fueron saqueados.<\/p>\n\n\n\n<p class=\"wp-block-paragraph\">En la v\u00edspera, la alcaldesa de Asunci\u00f3n Nochixtl\u00e1n, Lizbeth Victoria Huerta demand\u00f3 la intervenci\u00f3n del gobierno federal para que persuada a los manifestantes de Codep de apartarse de la carretera de cuota, debido a que afectan a sus gobernados, quienes intentan recuperar su econom\u00eda.<\/p>\n\n\n\n<p class=\"wp-block-paragraph\"><strong>Quiz\u00e1 te interese leer:<\/strong><\/p>\n\n\n\n<figure class=\"wp-block-embed-wordpress wp-block-embed is-type-wp-embed is-provider-semmexico\"><div class=\"wp-block-embed__wrapper\">\n<blockquote class=\"wp-embedded-content\" data-secret=\"wBlpkave9o\"><a href=\"https:\/\/redsemlac.com\/semmexico\/oaxaca-164\/\">No voy a denunciar, no me viol\u00f3, dice mujer agredida por dirigente del CODEP<\/a><\/blockquote><iframe loading=\"lazy\" class=\"wp-embedded-content\" sandbox=\"allow-scripts\" security=\"restricted\" style=\"position: absolute; visibility: hidden;\" title=\"\u00abNo voy a denunciar, no me viol\u00f3, dice mujer agredida por dirigente del CODEP\u00bb \u2014 SemM\u00e9xico\" src=\"https:\/\/redsemlac.com\/semmexico\/oaxaca-164\/embed\/#?secret=MWSvijCzxp#?secret=wBlpkave9o\" data-secret=\"wBlpkave9o\" width=\"600\" height=\"338\" frameborder=\"0\" marginwidth=\"0\" marginheight=\"0\" scrolling=\"no\"><\/iframe>\n<\/div><\/figure>\n\n\n\n<figure class=\"wp-block-embed-wordpress wp-block-embed is-type-wp-embed is-provider-semmexico\"><div class=\"wp-block-embed__wrapper\">\n<blockquote class=\"wp-embedded-content\" data-secret=\"sq5WarrXYd\"><a href=\"https:\/\/redsemlac.com\/semmexico\/oaxaca-166\/\">Vinculan a proceso a dirigente de CODEP en Oaxaca<\/a><\/blockquote><iframe loading=\"lazy\" class=\"wp-embedded-content\" sandbox=\"allow-scripts\" security=\"restricted\" style=\"position: absolute; visibility: hidden;\" title=\"\u00abVinculan a proceso a dirigente de CODEP en Oaxaca\u00bb \u2014 SemM\u00e9xico\" src=\"https:\/\/redsemlac.com\/semmexico\/oaxaca-166\/embed\/#?secret=1YgQdJZd8X#?secret=sq5WarrXYd\" data-secret=\"sq5WarrXYd\" width=\"600\" height=\"338\" frameborder=\"0\" marginwidth=\"0\" marginheight=\"0\" scrolling=\"no\"><\/iframe>\n<\/div><\/figure>\n\n\n\n<p class=\"wp-block-paragraph\">SEM\/pb\/sj<\/p>\n","protected":false},"excerpt":{"rendered":"<p> Se trata de uno de los dirigentes de una organizaci\u00f3n en Oaxaca<\/p>\n","protected":false},"author":3,"featured_media":26790,"comment_status":"open","ping_status":"open","sticky":false,"template":"","format":"standard","meta":{"_monsterinsights_skip_tracking":false,"footnotes":""},"categories":[691,47,48],"tags":[],"class_list":["post-26789","post","type-post","status-publish","format-standard","has-post-thumbnail","category-691","category-no-mas-impunidad","category-no-mas-impunidad-no-mas-impunidad"],"_links":{"self":[{"href":"https:\/\/redsemlac.com\/semmexico\/wp-json\/wp\/v2\/posts\/26789","targetHints":{"allow":["GET"]}}],"collection":[{"href":"https:\/\/redsemlac.com\/semmexico\/wp-json\/wp\/v2\/posts"}],"about":[{"href":"https:\/\/redsemlac.com\/semmexico\/wp-json\/wp\/v2\/types\/post"}],"author":[{"embeddable":true,"href":"https:\/\/redsemlac.com\/semmexico\/wp-json\/wp\/v2\/users\/3"}],"replies":[{"embeddable":true,"href":"https:\/\/redsemlac.com\/semmexico\/wp-json\/wp\/v2\/comments?post=26789"}],"version-history":[{"count":0,"href":"https:\/\/redsemlac.com\/semmexico\/wp-json\/wp\/v2\/posts\/26789\/revisions"}],"wp:featuredmedia":[{"embeddable":true,"href":"https:\/\/redsemlac.com\/semmexico\/wp-json\/wp\/v2\/media\/26790"}],"wp:attachment":[{"href":"https:\/\/redsemlac.com\/semmexico\/wp-json\/wp\/v2\/media?parent=26789"}],"wp:term":[{"taxonomy":"category","embeddable":true,"href":"https:\/\/redsemlac.com\/semmexico\/wp-json\/wp\/v2\/categories?post=26789"},{"taxonomy":"post_tag","embeddable":true,"href":"https:\/\/redsemlac.com\/semmexico\/wp-json\/wp\/v2\/tags?post=26789"}],"curies":[{"name":"wp","href":"https:\/\/api.w.org\/{rel}","templated":true}]}}