{"id":26702,"date":"2020-10-06T18:39:00","date_gmt":"2020-10-06T18:39:00","guid":{"rendered":"https:\/\/redsemlac.com\/semmexico\/?p=26702"},"modified":"2023-07-21T16:35:20","modified_gmt":"2023-07-21T21:35:20","slug":"impacto-de-consumir-ropa","status":"publish","type":"post","link":"https:\/\/redsemlac.com\/semmexico\/impacto-de-consumir-ropa\/","title":{"rendered":"El impacto de consumir ropa a toda velocidad"},"content":{"rendered":"\n<ul class=\"wp-block-list\"><li><strong>Carro de Combate lanza un \u2019crowdfunding\u2019 para investigar la industria de la #ModaBasura<\/strong><\/li><\/ul>\n\n\n\n<p class=\"wp-block-paragraph\"><strong>Por Gloria L\u00f3pez<\/strong><\/p>\n\n\n\n<p class=\"wp-block-paragraph\">SemM\u00e9xico\/AmecoPress. Madrid, 06 oct. 20. Cuando el edificio Rana Plaza, Bangladesh, se desplom\u00f3, en 2013, saltaron a las portadas de los peri\u00f3dicos las trabajadoras y trabajadores textiles y sus derechos. En estos siete a\u00f1os que han pasado desde el derrumbe que acab\u00f3 con la vida de 1134 personas, la mayor\u00eda mujeres, y dej\u00f3 heridas a m\u00e1s de 2500, voces expertas y alguna prensa especializada tratan de crear conciencia acerca de lo que hay detr\u00e1s de la industria de la moda. Pero todav\u00eda la informaci\u00f3n que nos llega es poca, parcial e insuficiente. Carro de Combate ha lanzado el proyecto&nbsp;ModaBasura, mediante el que pretenden investigar el impacto socioambiental del textil, al completo. En estos momentos, se encuentran en mitad de la campa\u00f1a de \u00abcrowdfunding\u00bb en Goteo para conseguir la financiaci\u00f3n necesaria. Hablamos con Aurora Moreno Alcojor, una de las periodistas que forma parte de este colectivo que defiende que \u201cconsumir es un acto pol\u00edtico\u201d.<\/p>\n\n\n\n<p class=\"wp-block-paragraph\">La industria de la ropa ha sido considerada la segunda m\u00e1s contaminante del mundo, s\u00f3lo por detr\u00e1s de los combustibles f\u00f3siles. Y aunque esta afirmaci\u00f3n ha sido cuestionada \u2013 la sostenibilidad es muy compleja y es casi imposible hacer rankings de ese tipo \u2013 el impacto de nuestra manera de consumir ropa es innegable. \u201cQueremos investigar lo que ocurre a lo largo de toda la cadena\u201d, explica Aurora Moreno, \u201cdesde los cultivos y la extracci\u00f3n de materias primas, hasta los innumerables desechos, pasando por la confecci\u00f3n, los acabados, el transporte de ropa, su distribuci\u00f3n, venta y uso. La industria textil est\u00e1 construida sobre la explotaci\u00f3n, pero eso va m\u00e1s all\u00e1 de lo que conocemos hasta ahora, que son las condiciones precarias en las que trabajan las mujeres -en su mayor\u00eda- que confeccionan nuestra ropa, detr\u00e1s de la industria de la moda hay un mont\u00f3n de actores y situaciones invisibles, sobre los que queremos poner luz\u201d.<\/p>\n\n\n\n<p class=\"wp-block-paragraph\">El impacto medioambiental tiene a su vez un impacto social. La contaminaci\u00f3n que deja la industria de la moda afecta a millones de personas. En realidad, a todo el planeta. La moda es la segunda industria m\u00e1s demandante de agua, y genera alrededor del 20% de las aguas residuales del mundo, liberando anualmente medio mill\u00f3n de microfibras al oc\u00e9ano. Naciones Unidas calcula que la industria de la moda supone hasta un 10% de las emisiones de gases de efecto invernadero totales. \u201cQue todo ello tiene un impacto sobre nuestras vidas es evidente. Queremos saber tambi\u00e9n qu\u00e9 pasa en los pa\u00edses en los que se produce de este modo, qu\u00e9 consecuencias tiene sobre el agua que beben y cocinan esas personas, qu\u00e9 pasa con los cultivos, qu\u00e9 pasa con la producci\u00f3n de algod\u00f3n, donde ha habido muchas denuncias de esclavitud y explotaci\u00f3n infantil, c\u00f3mo se elabora el poli\u00e9ster, los te\u00f1idos, los residuos, c\u00f3mo contribuye la industria textil a la crisis clim\u00e1tica que vivimos\u2026\u201d, explica la periodista.<\/p>\n\n\n\n<p class=\"wp-block-paragraph\">En Rana Plaza se produc\u00eda ropa para varias compa\u00f1\u00edas internacionales, incluidas espa\u00f1olas. Realizadas por las manos de mujeres que trabajan bajo condiciones miserables. Bangladesh no es el \u00fanico pa\u00eds donde esto ocurre ni se trata de una pr\u00e1ctica ocasional. Estamos hablando de una estructura, de multinacionales que deslocalizan su producci\u00f3n para lograr el m\u00e1ximo beneficio sabiendo que ello implica la explotaci\u00f3n laboral de hombres, mujeres y ni\u00f1as. Sobre todo, mujeres. \u201cLo normal es que trabajen para talleres textiles subcontratados en los que hay muy poco control sobre las condiciones laborales. Los salarios son \u00ednfimos y las jornadas enormes. Como el modelo es de la subcontrataci\u00f3n, las marcas no suelen hacerse responsables de ning\u00fan problema que pueda surgir, se desentienden. Es sabido que con la pandemia muchas mujeres fueron despedidas, por ejemplo, se han dejado millones de d\u00f3lares sin pagar por contratos cancelados en \u00faltimo momento&#8230;pero, \u00bfqui\u00e9n responde?\u201d<\/p>\n\n\n\n<p class=\"wp-block-paragraph\">La soluci\u00f3n no pasa por comprar prendas de ropa caras, como a menudo se simplifica. Hay marcas de lujo que emplean los mismos procedimientos que las cadenas de ropa barata, donde es posible adquirir una camiseta por tres euros. Tampoco resulta cre\u00edble ese lavado de responsabilidad por el que optan algunas firmas con etiquetas que aseguran una producci\u00f3n \u201cecol\u00f3gica\u201d o \u201cmoda sostenible\u201d. \u201cHay acuerdos de la propia industria que a veces permite, por ejemplo, que una gran marca cree una peque\u00f1a l\u00ednea \u201csostenible\u201d, pero esto no es correcto, no puede ser as\u00ed si el conjunto de tu producci\u00f3n no lo es\u201d. La investigaci\u00f3n tiene tambi\u00e9n el objetivo de revisar propuestas que empiezan a emerger, como el reciclaje, lo sostenible, dentro de la industria textil para saber si realmente son una alternativa o se dirigen sencillamente a crear un \u201cnuevo nicho de mercado\u201d. Parece que la soluciones que se requieren son mucho m\u00e1s estructurales.<\/p>\n\n\n\n<p class=\"wp-block-paragraph\"><strong>Consumismo desmedido de una industria que es la segunda m\u00e1s contaminante del mundo<\/strong><\/p>\n\n\n\n<p class=\"wp-block-paragraph\">Hay que consumir menos. Esa es clave. Carro de Combate lo explica muy bien. Una de las principales razones por las que la industria textil contamina tanto es que fabrica para tirar. Cada a\u00f1o se producen al menos 100.000 millones de prendas, es decir, unas 13 prendas por persona y a\u00f1o. Por supuesto, el reparto no es equitativo y el consumo en pa\u00edses del norte es mucho mayor que en pa\u00edses del sur. Y para consumir tantas prendas, tenemos que cambiarlas r\u00e1pido. As\u00ed, se estima que muchas piezas de ropa se desechan tras s\u00f3lo siete o diez usos. Y que m\u00e1s del 30% de la ropa que engrosa los armarios europeos no se ha usado en, al menos, un a\u00f1o. Otras muchas prendas, aproximadamente un 2%, nunca llegan a ser vendidas y acaban en incineradoras.<\/p>\n\n\n\n<p class=\"wp-block-paragraph\">En la actualidad el ciudadano y la ciudadana media compra un 60% m\u00e1s de ropa que hace 15 a\u00f1os. \u201cSiempre reducir y reusar es la clave. Hay que reducir la compra. La industria se ha reorganizado de tal manera que ahora hay 6 temporadas, cada 2 meses cambia el escaparate de las tiendas y se crea la necesidad de consumir para no utilizar\u201d. Por eso, \u201cconsumir es un acto pol\u00edtico\u201d. Y si el consumo es un acto pol\u00edtico, entonces, \u201cla primera batalla es la de la informaci\u00f3n\u201d.<\/p>\n\n\n\n<p class=\"wp-block-paragraph\">Para ello surge el proyecto #ModaBasura, para \u201csensibilizar en torno a los impactos socioambientales de la industria textil, a fin de evidenciar la necesidad de cambios estructurales en el sector, que vayan m\u00e1s all\u00e1 de los cambios individuales y aborden las problem\u00e1ticas sist\u00e9micas\u201d. \u201cLo que queremos, fundamentalmente, es que esa conversaci\u00f3n tambi\u00e9n se ponga sobre la mesa para que las empresas empiecen a tomar acciones serias que vayan m\u00e1s all\u00e1 del burdo \u00abgreenwashing\u00bb que est\u00e1n haciendo ahora. Y para que esa conversaci\u00f3n pueda darse, necesitamos recoger datos, viajar a los centros de producci\u00f3n y documentar esos impactos\u201d.<\/p>\n","protected":false},"excerpt":{"rendered":"<p>Carro de Combate lanza un \u2019crowdfunding\u2019 para investigar la industria de la #ModaBasura<\/p>\n","protected":false},"author":3,"featured_media":26703,"comment_status":"open","ping_status":"open","sticky":false,"template":"","format":"standard","meta":{"_monsterinsights_skip_tracking":false,"footnotes":""},"categories":[691,53],"tags":[],"class_list":["post-26702","post","type-post","status-publish","format-standard","has-post-thumbnail","category-691","category-internacional"],"_links":{"self":[{"href":"https:\/\/redsemlac.com\/semmexico\/wp-json\/wp\/v2\/posts\/26702","targetHints":{"allow":["GET"]}}],"collection":[{"href":"https:\/\/redsemlac.com\/semmexico\/wp-json\/wp\/v2\/posts"}],"about":[{"href":"https:\/\/redsemlac.com\/semmexico\/wp-json\/wp\/v2\/types\/post"}],"author":[{"embeddable":true,"href":"https:\/\/redsemlac.com\/semmexico\/wp-json\/wp\/v2\/users\/3"}],"replies":[{"embeddable":true,"href":"https:\/\/redsemlac.com\/semmexico\/wp-json\/wp\/v2\/comments?post=26702"}],"version-history":[{"count":0,"href":"https:\/\/redsemlac.com\/semmexico\/wp-json\/wp\/v2\/posts\/26702\/revisions"}],"wp:featuredmedia":[{"embeddable":true,"href":"https:\/\/redsemlac.com\/semmexico\/wp-json\/wp\/v2\/media\/26703"}],"wp:attachment":[{"href":"https:\/\/redsemlac.com\/semmexico\/wp-json\/wp\/v2\/media?parent=26702"}],"wp:term":[{"taxonomy":"category","embeddable":true,"href":"https:\/\/redsemlac.com\/semmexico\/wp-json\/wp\/v2\/categories?post=26702"},{"taxonomy":"post_tag","embeddable":true,"href":"https:\/\/redsemlac.com\/semmexico\/wp-json\/wp\/v2\/tags?post=26702"}],"curies":[{"name":"wp","href":"https:\/\/api.w.org\/{rel}","templated":true}]}}