{"id":26695,"date":"2020-10-06T17:40:27","date_gmt":"2020-10-06T17:40:27","guid":{"rendered":"https:\/\/redsemlac.com\/semmexico\/?p=26695"},"modified":"2023-07-21T16:35:20","modified_gmt":"2023-07-21T21:35:20","slug":"guerra-sucia-en-tulancingo","status":"publish","type":"post","link":"https:\/\/redsemlac.com\/semmexico\/guerra-sucia-en-tulancingo\/","title":{"rendered":"Denuncia candidata del PRD guerra sucia en Tulancingo"},"content":{"rendered":"\n<p class=\"wp-block-paragraph\"><strong>Ignacio Garc\u00eda\u00a0<\/strong><\/p>\n\n\n\n<p class=\"wp-block-paragraph\">SemM\u00e9xico. Hidalgo. 6 de octubre de 2020.- La candidata del Partido de la Revoluci\u00f3n Democr\u00e1tica (PRD) a la alcald\u00eda de Tulancingo, Melina Ibarra, denunci\u00f3 haber sido v\u00edctima de violencia pol\u00edtica de g\u00e9nero y guerra sucia durante la actual campa\u00f1a electoral, luego de que en redes sociales circularon mensajes en los que presuntamente declinaba de sus aspiraciones pol\u00edticas.<\/p>\n\n\n\n<p class=\"wp-block-paragraph\">La aspirante refiri\u00f3 que ha hecho una campa\u00f1a de propuestas en las que ha buscado el contacto con la ciudadan\u00eda para conocer sus necesidades y por ello se ha alejado de las versiones en redes sociales en las que se atacan constantemente a los candidatos a gobernar Tulancingo.<\/p>\n\n\n\n<p class=\"wp-block-paragraph\">De acuerdo con la abanderada del PRD en Tulancingo, deben existir condiciones favorables para el desarrollo de las contiendas electorales, y por ello sostuvo que continuar\u00e1 con sus labores proselitistas durante los siguientes d\u00edas para conocer las necesidades de la poblaci\u00f3n en los barrios, colonias y comunidades del municipio.<\/p>\n\n\n\n<p class=\"wp-block-paragraph\">Al respecto, el dirigente nacional del PRD, Jes\u00fas Zambrano, se\u00f1al\u00f3 que existe una guerra sucia en contra de la candidata del sol azteca, por lo que acudir\u00e1n ante las instancias electorales correspondientes para que se desarrollen las indagatorias y se eviten este tipo de ataques.<\/p>\n\n\n\n<p class=\"wp-block-paragraph\">Agreg\u00f3 que \u201clos malosos\u201d pretenden desacreditarla con versiones falsas que circulan en redes sociales y por ello enfatiz\u00f3 que continuar\u00e1 con su labor para obtener el apoyo de los ciudadanos durante los siguientes d\u00edas y con ello se obtengan los resultados esperados el pr\u00f3ximo 18 de octubre.<\/p>\n\n\n\n<p class=\"wp-block-paragraph\">El ex legislador federal pidi\u00f3 al gobierno de Hidalgo y a la Procuradur\u00eda General de Justicia del Estado de Hidalgo (PGJEH) que investiguen el caso, ya que afirm\u00f3 que tambi\u00e9n han identificado otras versiones de ataques a candidatas del PRD en otros municipios con perfiles falsos en redes sociales.<\/p>\n\n\n\n<p class=\"wp-block-paragraph\">Destac\u00f3 que los ataques que se han generado en contra de Melina Ibarra han sido para desacreditarla, ya que se ha posicionado en la confianza de la ciudadan\u00eda en los \u00faltimos d\u00edas y por ello encabeza, dijo, las preferencias electorales en Tulancingo, uno de los municipios m\u00e1s importantes del estado.<\/p>\n\n\n\n<p class=\"wp-block-paragraph\">La semana pasada el dirigente estatal del PRD, H\u00e9ctor Ch\u00e1vez Ruiz, denunci\u00f3 que se han presentado casos de violencia pol\u00edtica de g\u00e9nero contra cuatro candidatas del partido en distintos municipios, por lo que acudir\u00e1n ante la Fiscal\u00eda Especializada en Delitos Electorales (Fedeh) para que se den a conocer los avances de las indagatorias.<\/p>\n","protected":false},"excerpt":{"rendered":"<p>La candidata del Partido de la Revoluci\u00f3n Democr\u00e1tica (PRD) a la alcald\u00eda de Tulancingo, Melina Ibarra, denunci\u00f3 haber sido v\u00edctima de violencia pol\u00edtica de g\u00e9nero y guerra sucia<\/p>\n","protected":false},"author":3,"featured_media":26696,"comment_status":"open","ping_status":"open","sticky":false,"template":"","format":"standard","meta":{"_monsterinsights_skip_tracking":false,"footnotes":""},"categories":[691,141],"tags":[],"class_list":["post-26695","post","type-post","status-publish","format-standard","has-post-thumbnail","category-691","category-elecciones-2020-2021"],"_links":{"self":[{"href":"https:\/\/redsemlac.com\/semmexico\/wp-json\/wp\/v2\/posts\/26695","targetHints":{"allow":["GET"]}}],"collection":[{"href":"https:\/\/redsemlac.com\/semmexico\/wp-json\/wp\/v2\/posts"}],"about":[{"href":"https:\/\/redsemlac.com\/semmexico\/wp-json\/wp\/v2\/types\/post"}],"author":[{"embeddable":true,"href":"https:\/\/redsemlac.com\/semmexico\/wp-json\/wp\/v2\/users\/3"}],"replies":[{"embeddable":true,"href":"https:\/\/redsemlac.com\/semmexico\/wp-json\/wp\/v2\/comments?post=26695"}],"version-history":[{"count":0,"href":"https:\/\/redsemlac.com\/semmexico\/wp-json\/wp\/v2\/posts\/26695\/revisions"}],"wp:featuredmedia":[{"embeddable":true,"href":"https:\/\/redsemlac.com\/semmexico\/wp-json\/wp\/v2\/media\/26696"}],"wp:attachment":[{"href":"https:\/\/redsemlac.com\/semmexico\/wp-json\/wp\/v2\/media?parent=26695"}],"wp:term":[{"taxonomy":"category","embeddable":true,"href":"https:\/\/redsemlac.com\/semmexico\/wp-json\/wp\/v2\/categories?post=26695"},{"taxonomy":"post_tag","embeddable":true,"href":"https:\/\/redsemlac.com\/semmexico\/wp-json\/wp\/v2\/tags?post=26695"}],"curies":[{"name":"wp","href":"https:\/\/api.w.org\/{rel}","templated":true}]}}