{"id":26687,"date":"2020-10-06T17:28:54","date_gmt":"2020-10-06T17:28:54","guid":{"rendered":"https:\/\/redsemlac.com\/semmexico\/?p=26687"},"modified":"2023-07-21T16:35:21","modified_gmt":"2023-07-21T21:35:21","slug":"oit-publica-guia-de-orientaciones-de-seguridad-y-salud-en-el-trabajo-frente-a-la-covid-19-para-personas-empleadoras-y-trabajadoras-del-hogar","status":"publish","type":"post","link":"https:\/\/redsemlac.com\/semmexico\/oit-publica-guia-de-orientaciones-de-seguridad-y-salud-en-el-trabajo-frente-a-la-covid-19-para-personas-empleadoras-y-trabajadoras-del-hogar\/","title":{"rendered":"OIT publica Gu\u00eda de orientaciones de Seguridad y Salud en el Trabajo frente a la COVID-19 para personas empleadoras y trabajadoras del hogar"},"content":{"rendered":"\n<p class=\"wp-block-paragraph\"><strong>Redacci\u00f3n\u00a0<\/strong><\/p>\n\n\n\n<p class=\"wp-block-paragraph\">SemM\u00e9xico.&nbsp;&nbsp;Cd. de M\u00e9xico. 6 de octubre de 2020.- La oficina de la OIT para M\u00e9xico y Cuba ha hecho p\u00fablica una Gu\u00eda de orientaciones de Seguridad y Salud en el Trabajo frente a la COVID-19 para personas empleadoras y trabajadoras del hogar.<\/p>\n\n\n\n<p class=\"wp-block-paragraph\">La gu\u00eda -que se publica en el marco del retorno de actividades por el levantamiento progresivo de las restricciones y medidas de confinamiento- tiene como objetivos orientar a las personas trabajadoras del hogar y a quienes las emplean sobre medidas de eliminaci\u00f3n y prevenci\u00f3n del riesgo de contagio de la COVID-19 y otros asociados a la pandemia, promover entre ambas partes el di\u00e1logo social y la negociaci\u00f3n en materia de seguridad y salud en el trabajo e incentivar pr\u00e1cticas que promuevan el bienestar e integridad de la persona trabajadora, tanto en el \u00e1mbito f\u00edsico como en el psicosocial.<\/p>\n\n\n\n<p class=\"wp-block-paragraph\">Este documento contiene recomendaciones generales aplicables no solamente a M\u00e9xico sino a diversos pa\u00edses de Am\u00e9rica Latina y fue elaborada con el apoyo y los comentarios de diversas y diversos especialistas de la OIT en la regi\u00f3n y en la sede, adem\u00e1s de haber contado con la colaboraci\u00f3n directa del Sindicato Nacional de Trabajadoras y Trabajadores del Hogar y el Centro de Apoyo Capacitaci\u00f3n de Empleadas del Hogar, quienes, entre otras cosas, contribuyeron a la aplicaci\u00f3n de una encuesta en l\u00ednea sobre seguridad y salud en el trabajo que fue respondida por m\u00e1s de 200 personas trabajadoras del hogar en M\u00e9xico.<\/p>\n\n\n\n<p class=\"wp-block-paragraph\">En consonancia con la Herramienta de 10 pasos para un retorno al trabajo seguro y saludable en tiempos de COVID-19 de la OIT, la Gu\u00eda prioriza las medidas de eliminaci\u00f3n de riesgos de contagio de la enfermedad, como puede ser en este caso la licencia con goce de sueldo, las medidas organizativas, como pueden ser la flexibilizaci\u00f3n de horarios de entrada y salida o la reducci\u00f3n de d\u00edas de trabajo a la semana, para finalmente, hacer \u00e9nfasis en las medidas de protecci\u00f3n personal, como el uso de cubrebocas, mascarillas y guantes.<\/p>\n\n\n\n<p class=\"wp-block-paragraph\">De igual forma, sus recomendaciones buscan abordar el efecto de la pandemia sobre los factores de riesgo psicosocial y reconoce el incremento en el riesgo de exposici\u00f3n al acoso, el estr\u00e9s y la sobrecarga de trabajo derivada de una presencia m\u00e1s intensa en el hogar de los integrantes de la familia del o la empleadora, como resultado del confinamiento, de la suspensi\u00f3n de clases presenciales, entre otras circunstancias.<\/p>\n\n\n\n<p class=\"wp-block-paragraph\"><strong>Informaci\u00f3n adicional\u00a0<\/strong><\/p>\n\n\n\n<p class=\"wp-block-paragraph\">La \u201cGu\u00eda de orientaciones de Seguridad y Salud en el Trabajo frente a la COVID-19 para personas empleadoras y trabajadoras del hogar\u201d se elabor\u00f3&nbsp;&nbsp;el marco del programa conjunto \u201cCerrando brechas: protecci\u00f3n social para las mujeres en M\u00e9xico\u201d, financiado por el Fondo Conjunto de las Naciones Unidas para los Objetivos de Desarrollo Sostenible.<\/p>\n\n\n\n<p class=\"wp-block-paragraph\">Este material ha sido complementado por tres c\u00e1psulas audiovisuales en lenguas ind\u00edgenas de M\u00e9xico, las cuales pueden ser reproducidas aqu\u00ed:<\/p>\n\n\n\n<p class=\"wp-block-paragraph\"><strong>C\u00e1psula en tsotsil<\/strong><\/p>\n\n\n\n<p class=\"wp-block-paragraph\"><a href=\"https:\/\/drive.google.com\/file\/d\/18ZLUFx4K0hEiXZWNlsedSvBMyzNRruio\/view?usp=sharing\">https:\/\/drive.google.com\/file\/d\/18ZLUFx4K0hEiXZWNlsedSvBMyzNRruio\/view?usp=sharing<\/a><\/p>\n\n\n\n<p class=\"wp-block-paragraph\"><strong>C\u00e1psula n\u00e1huatl<\/strong><\/p>\n\n\n\n<p class=\"wp-block-paragraph\"><a href=\"https:\/\/drive.google.com\/file\/d\/1g7fwbRyzJ_BCZ_Ng0PHe5rgqr3lJi3cX\/view?usp=sharing\">https:\/\/drive.google.com\/file\/d\/1g7fwbRyzJ_BCZ_Ng0PHe5rgqr3lJi3cX\/view?usp=sharing<\/a><\/p>\n\n\n\n<p class=\"wp-block-paragraph\"><strong>C\u00e1psula mixteco<\/strong><\/p>\n\n\n\n<p class=\"wp-block-paragraph\"><a href=\"https:\/\/drive.google.com\/file\/d\/1mkbS_IUxWB_G6C-gMAITH2BmlGK9WwiZ\/view?usp=sharing\">https:\/\/drive.google.com\/file\/d\/1mkbS_IUxWB_G6C-gMAITH2BmlGK9WwiZ\/view?usp=sharing<\/a><\/p>\n","protected":false},"excerpt":{"rendered":"<p>Tiene como objetivos orientar a las personas trabajadoras del hogar y a quienes las emplean sobre medidas de eliminaci\u00f3n y prevenci\u00f3n del riesgo de contagio de la COVID-19 y otros asociados a la pandemia.<\/p>\n","protected":false},"author":3,"featured_media":26688,"comment_status":"open","ping_status":"open","sticky":false,"template":"","format":"standard","meta":{"_monsterinsights_skip_tracking":false,"footnotes":""},"categories":[691,135],"tags":[],"class_list":["post-26687","post","type-post","status-publish","format-standard","has-post-thumbnail","category-691","category-emergencia-sanitaria-covid-19"],"_links":{"self":[{"href":"https:\/\/redsemlac.com\/semmexico\/wp-json\/wp\/v2\/posts\/26687","targetHints":{"allow":["GET"]}}],"collection":[{"href":"https:\/\/redsemlac.com\/semmexico\/wp-json\/wp\/v2\/posts"}],"about":[{"href":"https:\/\/redsemlac.com\/semmexico\/wp-json\/wp\/v2\/types\/post"}],"author":[{"embeddable":true,"href":"https:\/\/redsemlac.com\/semmexico\/wp-json\/wp\/v2\/users\/3"}],"replies":[{"embeddable":true,"href":"https:\/\/redsemlac.com\/semmexico\/wp-json\/wp\/v2\/comments?post=26687"}],"version-history":[{"count":0,"href":"https:\/\/redsemlac.com\/semmexico\/wp-json\/wp\/v2\/posts\/26687\/revisions"}],"wp:featuredmedia":[{"embeddable":true,"href":"https:\/\/redsemlac.com\/semmexico\/wp-json\/wp\/v2\/media\/26688"}],"wp:attachment":[{"href":"https:\/\/redsemlac.com\/semmexico\/wp-json\/wp\/v2\/media?parent=26687"}],"wp:term":[{"taxonomy":"category","embeddable":true,"href":"https:\/\/redsemlac.com\/semmexico\/wp-json\/wp\/v2\/categories?post=26687"},{"taxonomy":"post_tag","embeddable":true,"href":"https:\/\/redsemlac.com\/semmexico\/wp-json\/wp\/v2\/tags?post=26687"}],"curies":[{"name":"wp","href":"https:\/\/api.w.org\/{rel}","templated":true}]}}