{"id":26683,"date":"2020-10-06T17:17:35","date_gmt":"2020-10-06T17:17:35","guid":{"rendered":"https:\/\/redsemlac.com\/semmexico\/?p=26683"},"modified":"2023-07-21T16:35:21","modified_gmt":"2023-07-21T21:35:21","slug":"consorcio-oaxaca-continua-campana-por-el-acceso-real-al-aborto-legal","status":"publish","type":"post","link":"https:\/\/redsemlac.com\/semmexico\/consorcio-oaxaca-continua-campana-por-el-acceso-real-al-aborto-legal\/","title":{"rendered":"Consorcio Oaxaca contin\u00faa campa\u00f1a por el acceso real al aborto legal"},"content":{"rendered":"\n<p class=\"wp-block-paragraph\"><strong>Redacci\u00f3n\u00a0<\/strong><\/p>\n\n\n\n<p class=\"wp-block-paragraph\">SemM\u00e9xico. Oaxaca. 6 de octubre de 2020.- La organizaci\u00f3n feminista Consorcio Oaxaca pone en circulaci\u00f3n en esta ciudad una serie de anuncios en el transporte p\u00fablico con el objetivo de informar a las mujeres que el acceso al aborto es un derecho en Oaxaca hasta las 12 semanas.&nbsp;<\/p>\n\n\n\n<p class=\"wp-block-paragraph\">Como parte de la campa\u00f1a, Consorcio Oaxaca, comenz\u00f3 a difundir una serie de v\u00eddeos que llevan por t\u00edtulo: \u201cPersonal m\u00e9dico a favor del derecho a decidir\u201d.<\/p>\n\n\n\n<p class=\"wp-block-paragraph\">En una primera entrega, la ginecologa Mercedes Ballest\u00e9 lanza el mensaje al personal de salud: \u201cahora que en el estado de Oaxaca se despenaliz\u00f3 el aborto, creo que los compa\u00f1eros m\u00e9dicos tienen la obligaci\u00f3n de poder atender a estas mujeres y evitar que estas ellas recurran a las pr\u00e1ctcias clandestinas&nbsp;&nbsp;y que pongan en riesgo&nbsp;&nbsp;su salud. Nosotros sabemos que a nivel m\u00e9dico son pr\u00e1cticas de bajo riesgo, de f\u00e1cil aprendizaje para los m\u00e9dicos que no est\u00e9n capacitados\u201d.<\/p>\n\n\n\n<p class=\"wp-block-paragraph\">Tambi\u00e9n invita al personal m\u00e9dico \u201cno juzgar a las mujeres cuando decidan interrumpir\u201d y hace un llamado para \u201cpoder atenderlas y que puedan salir de esta situaci\u00f3n de la mejor manera posible\u201d.&nbsp;<\/p>\n\n\n\n<p class=\"wp-block-paragraph\">Consorcio para el Di\u00e1logo Parlamentario y la Equidad Oaxaca, impulsa la campa\u00f1a&nbsp;<strong><em>Acceso real al aborto legal<\/em><\/strong>&nbsp;en el marco del primer aniversario de la Reforma al C\u00f3digo Penal del Estado para despenalizar el aborto en Oaxaca y del&nbsp;D\u00eda de Acci\u00f3n Global por un Aborto Legal y Seguro.<\/p>\n\n\n\n<p class=\"wp-block-paragraph\">Esta campa\u00f1a comprende del 21 de septiembre al 30 de octubre en formato digital por la actual contingencia sanitaria.\u00a0\u00a0Se puede conocer m\u00e1s en las redes sociales de la organizaci\u00f3n, Consorcio Oaxaca en Facebook, Instagram y Twitter.\u00a0<\/p>\n\n\n\n<figure class=\"wp-block-embed-youtube wp-block-embed is-type-video is-provider-youtube wp-embed-aspect-16-9 wp-has-aspect-ratio\"><div class=\"wp-block-embed__wrapper\">\n<iframe loading=\"lazy\" title=\"Acceso Real Al Aborto Legal\" width=\"696\" height=\"392\" src=\"https:\/\/www.youtube.com\/embed\/G46iu2LW3_w?feature=oembed&#038;enablejsapi=1\" frameborder=\"0\" allow=\"accelerometer; autoplay; clipboard-write; encrypted-media; gyroscope; picture-in-picture; web-share\" referrerpolicy=\"strict-origin-when-cross-origin\" allowfullscreen><\/iframe>\n<\/div><\/figure>\n","protected":false},"excerpt":{"rendered":"<p>Como parte de la campa\u00f1a, Consorcio Oaxaca, comenz\u00f3 a difundir una serie de v\u00eddeos que llevan por t\u00edtulo: \u201cPersonal m\u00e9dico a favor del derecho a decidir\u201d.<\/p>\n","protected":false},"author":3,"featured_media":26684,"comment_status":"open","ping_status":"open","sticky":false,"template":"","format":"standard","meta":{"_monsterinsights_skip_tracking":false,"footnotes":""},"categories":[691,54],"tags":[],"class_list":["post-26683","post","type-post","status-publish","format-standard","has-post-thumbnail","category-691","category-mujeres"],"_links":{"self":[{"href":"https:\/\/redsemlac.com\/semmexico\/wp-json\/wp\/v2\/posts\/26683","targetHints":{"allow":["GET"]}}],"collection":[{"href":"https:\/\/redsemlac.com\/semmexico\/wp-json\/wp\/v2\/posts"}],"about":[{"href":"https:\/\/redsemlac.com\/semmexico\/wp-json\/wp\/v2\/types\/post"}],"author":[{"embeddable":true,"href":"https:\/\/redsemlac.com\/semmexico\/wp-json\/wp\/v2\/users\/3"}],"replies":[{"embeddable":true,"href":"https:\/\/redsemlac.com\/semmexico\/wp-json\/wp\/v2\/comments?post=26683"}],"version-history":[{"count":0,"href":"https:\/\/redsemlac.com\/semmexico\/wp-json\/wp\/v2\/posts\/26683\/revisions"}],"wp:featuredmedia":[{"embeddable":true,"href":"https:\/\/redsemlac.com\/semmexico\/wp-json\/wp\/v2\/media\/26684"}],"wp:attachment":[{"href":"https:\/\/redsemlac.com\/semmexico\/wp-json\/wp\/v2\/media?parent=26683"}],"wp:term":[{"taxonomy":"category","embeddable":true,"href":"https:\/\/redsemlac.com\/semmexico\/wp-json\/wp\/v2\/categories?post=26683"},{"taxonomy":"post_tag","embeddable":true,"href":"https:\/\/redsemlac.com\/semmexico\/wp-json\/wp\/v2\/tags?post=26683"}],"curies":[{"name":"wp","href":"https:\/\/api.w.org\/{rel}","templated":true}]}}