{"id":26671,"date":"2020-10-06T01:16:50","date_gmt":"2020-10-06T01:16:50","guid":{"rendered":"https:\/\/redsemlac.com\/semmexico\/?p=26671"},"modified":"2023-07-21T16:35:22","modified_gmt":"2023-07-21T21:35:22","slug":"procede-desafuero-de-diputado-morelense-acusado-de-violacion","status":"publish","type":"post","link":"https:\/\/redsemlac.com\/semmexico\/procede-desafuero-de-diputado-morelense-acusado-de-violacion\/","title":{"rendered":"Procede desafuero de diputado morelense, acusado de violaci\u00f3n"},"content":{"rendered":"\n<p class=\"wp-block-paragraph\">\u2022 Debe enfrentar la justicia, se\u00f1alan las y los legisladores locales<br>\u2022 La v\u00edctima difunde hoy un video, donde se\u00f1ala nuevamente a Zapotitla como su agresor<\/p>\n\n\n\n<p class=\"wp-block-paragraph\">Estrella Pedroza<br>SemM\u00e9xico, Cuernavaca, Mor., 5 de octubre, 2020.- Integrantes de la Junta Pol\u00edtica y de Gobierno (JPyG) del Congreso del Morelos declararon procedente iniciar el juicio de desafuero en contra del diputado Marcos Zapotitla Becerro, para que enfrente el proceso jur\u00eddico iniciado en su contra presunto delito de violaci\u00f3n sexual cometido contra una de sus ex colaboradoras.<\/p>\n\n\n\n<p class=\"wp-block-paragraph\">Este lunes, diputadas y diputados sesionaron en el \u00d3rgano Interno del Poder Legislativo para analizar la solicitud de juicio de procedencia solicitado por la Fiscal\u00eda General Estatal (FGE) y por mayor\u00eda de votos determinaron la procedencia por considerar que existen elementos para iniciar el juicio del coloquialmente conocido desafuero.<\/p>\n\n\n\n<p class=\"wp-block-paragraph\">El Dictamen de Declaraci\u00f3n de Formaci\u00f3n de Causa en contra del legislador Zapotitla Becerro fue turnado a la Comisi\u00f3n de Gobernaci\u00f3n y Gran Jurado, presidida por el diputado independiente Jos\u00e9 Casas, para que se inicie el juicio y analicen los elementos presentados por la FGE en contra del legislador se\u00f1alado.<br>Para, posteriormente, presentarlo ante el Pleno Legislativo donde los las 14 diputadas y cinco diputados voten a favor o en contra del desafuero.<\/p>\n\n\n\n<p class=\"wp-block-paragraph\">En su mayor\u00eda las diputadas y diputados, hasta ahora, consideran que si el diputado es inocente debe probarlo en un proceso jur\u00eddico como cualquier ciudadano sin el respaldo de la curul.<\/p>\n\n\n\n<p class=\"wp-block-paragraph\">Esta misma ma\u00f1ana la v\u00edctima difundi\u00f3 un video donde rompi\u00f3 el silencio y por primera vez habl\u00f3 se la situaci\u00f3n que enfrenta.<\/p>\n\n\n\n<figure class=\"wp-block-video\"><video height=\"480\" style=\"aspect-ratio: 848 \/ 480;\" width=\"848\" controls src=\"https:\/\/redsemlac.com\/semmexico\/wp-content\/uploads\/2020\/10\/VID-20201005-WA0019.mp4\"><\/video><\/figure>\n\n\n\n<p class=\"wp-block-paragraph\">\u00abYo si te creo son las palabras que me dieron la fuerza para enfrentar y reconocer que hab\u00eda sufrido una violaci\u00f3n\u00bb, sostuvo.<\/p>\n\n\n\n<p class=\"wp-block-paragraph\">Asegur\u00f3 que este no es un asunto pol\u00edtico y tampoco recibi\u00f3 dinero, mucho menos es un asunto fabricado por la Fiscal\u00eda.<\/p>\n\n\n\n<p class=\"wp-block-paragraph\">Y advierte que teme por su integridad \u201ctengo miedo a ser callada, desaparecida y por las amenazas que sufra mi familia\u201d.<\/p>\n\n\n\n<p class=\"wp-block-paragraph\">En el mismo video, que dura 59 segundos, pidi\u00f3 que si alguna persona la reconoce o se filtra en alg\u00fan momento una fotograf\u00eda suya no la revictimicen.<br>Gibran Haro, abogado de la v\u00edctima, denunci\u00f3 que a trav\u00e9s de 21 perfiles en redes sociales, desde donde son atacadas personas que no concuerdan con el Gobierno de Morelos, se ha impulsado una campa\u00f1a para revictimizar a si defendida.<br>Destac\u00f3 que dichas cuentas son operadas a trav\u00e9s del \u00e1rea de Comunicaci\u00f3n Social.<\/p>\n\n\n\n<p class=\"wp-block-paragraph\">Indic\u00f3 que tambi\u00e9n se ha presentado una denuncia en contra del presidente de la Mesa Directiva del Congreso local, Alfonso de Jes\u00fas Sotelo Mart\u00ednez por extraviar documentos como la solicitud de desafuero.<\/p>\n\n\n\n<p class=\"wp-block-paragraph\">SEM\/ep\/sj<\/p>\n","protected":false},"excerpt":{"rendered":"<p> Debe enfrentar la justicia, se\u00f1alan las y los legisladores locales<\/p>\n","protected":false},"author":3,"featured_media":26672,"comment_status":"open","ping_status":"open","sticky":false,"template":"","format":"standard","meta":{"_monsterinsights_skip_tracking":false,"footnotes":""},"categories":[691,50],"tags":[],"class_list":["post-26671","post","type-post","status-publish","format-standard","has-post-thumbnail","category-691","category-congreso"],"_links":{"self":[{"href":"https:\/\/redsemlac.com\/semmexico\/wp-json\/wp\/v2\/posts\/26671","targetHints":{"allow":["GET"]}}],"collection":[{"href":"https:\/\/redsemlac.com\/semmexico\/wp-json\/wp\/v2\/posts"}],"about":[{"href":"https:\/\/redsemlac.com\/semmexico\/wp-json\/wp\/v2\/types\/post"}],"author":[{"embeddable":true,"href":"https:\/\/redsemlac.com\/semmexico\/wp-json\/wp\/v2\/users\/3"}],"replies":[{"embeddable":true,"href":"https:\/\/redsemlac.com\/semmexico\/wp-json\/wp\/v2\/comments?post=26671"}],"version-history":[{"count":0,"href":"https:\/\/redsemlac.com\/semmexico\/wp-json\/wp\/v2\/posts\/26671\/revisions"}],"wp:featuredmedia":[{"embeddable":true,"href":"https:\/\/redsemlac.com\/semmexico\/wp-json\/wp\/v2\/media\/26672"}],"wp:attachment":[{"href":"https:\/\/redsemlac.com\/semmexico\/wp-json\/wp\/v2\/media?parent=26671"}],"wp:term":[{"taxonomy":"category","embeddable":true,"href":"https:\/\/redsemlac.com\/semmexico\/wp-json\/wp\/v2\/categories?post=26671"},{"taxonomy":"post_tag","embeddable":true,"href":"https:\/\/redsemlac.com\/semmexico\/wp-json\/wp\/v2\/tags?post=26671"}],"curies":[{"name":"wp","href":"https:\/\/api.w.org\/{rel}","templated":true}]}}