{"id":26665,"date":"2020-10-06T01:10:59","date_gmt":"2020-10-06T01:10:59","guid":{"rendered":"https:\/\/redsemlac.com\/semmexico\/?p=26665"},"modified":"2023-07-21T16:35:22","modified_gmt":"2023-07-21T21:35:22","slug":"suilma-sanchez-con-tuunik-abre-su-camino-en-el-diseno-de-modas","status":"publish","type":"post","link":"https:\/\/redsemlac.com\/semmexico\/suilma-sanchez-con-tuunik-abre-su-camino-en-el-diseno-de-modas\/","title":{"rendered":"Suilma S\u00e1nchez con Tuunik abre su camino en el dise\u00f1o de modas"},"content":{"rendered":"\n<p class=\"wp-block-paragraph\">\u2022<strong> El color de la grana cochinilla y del caracol p\u00farpura estuvieron en el Intermoda Guadalajara<br>\u2022 De origen Ayuuk o mixe sostiene que en su tierra todas las mujeres son dise\u00f1adoras<\/strong><\/p>\n\n\n\n<p class=\"wp-block-paragraph\"><strong>Patricia Brise\u00f1o<\/strong><br>SemM\u00e9xico, Oaxaca, 5 de octubre, 2020.- Suilma S\u00e1nchez Mart\u00ednez es ind\u00edgena mixe originaria de San Miguel Quetzaltepec, Oaxaca, es dise\u00f1adora y lleg\u00f3 por primera vez a la Intermoda Guadalajara, el pasado mes de septiembre, con 11 piezas inspiradas en la cultura mixteca y los detalles prehisp\u00e1nicos en seda silvestre, pieles artesanales como amuzgo y triqui, e hilados a mano con malacate y tonos coloridos provenientes de la grana cochinilla, as\u00ed como del caracol p\u00farpura.<\/p>\n\n\n\n<p class=\"wp-block-paragraph\">Ella es una joven emprendedora que impulsa su propia marca \u201cTuunik\u201d, acompa\u00f1ada por su mentor, el dise\u00f1ador mixteco, Juan Manuel Bautista, originario de Huajuapan de Le\u00f3n.<\/p>\n\n\n\n<p class=\"wp-block-paragraph\">\u201cTuunik\u201d significa brisa, en lengua mixe, \u201cla eleg\u00ed por lo que significa para m\u00ed en el pensamiento, brisar la tierra para provocar esta fermentaci\u00f3n de la abundancia y la fertilidad\u201d, coment\u00f3.<\/p>\n\n\n\n<p class=\"wp-block-paragraph\">Suilma S\u00e1nchez Mart\u00ednez cambi\u00f3 de residencia en la adolescencia, dej\u00f3 su lugar de origen asentado en la Sierra Norte, migr\u00f3 a la ciudad de Oaxaca en el a\u00f1o 2009, para estudiar la secundaria e iniciar su trabajo como asistente de Bautista, quien descubri\u00f3 en ella un talento innato para el dise\u00f1o de moda.<\/p>\n\n\n\n<figure class=\"wp-block-gallery columns-3 is-cropped wp-block-gallery-1 is-layout-flex wp-block-gallery-is-layout-flex\"><ul class=\"blocks-gallery-grid\"><li class=\"blocks-gallery-item\"><figure><img decoding=\"async\" src=\"https:\/\/redsemlac.com\/semmexico\/wp-content\/uploads\/2020\/10\/WhatsApp-Image-2020-10-05-at-3.55.48-PM-717x1024.jpeg\" alt=\"\" data-id=\"26667\" data-link=\"https:\/\/redsemlac.com\/semmexico\/?attachment_id=26667\" class=\"wp-image-26667\"\/><\/figure><\/li><li class=\"blocks-gallery-item\"><figure><img loading=\"lazy\" decoding=\"async\" width=\"640\" height=\"960\" src=\"https:\/\/redsemlac.com\/semmexico\/wp-content\/uploads\/2020\/10\/WhatsApp-Image-2020-10-05-at-3.55.47-PM.jpeg\" alt=\"\" data-id=\"26668\" data-link=\"https:\/\/redsemlac.com\/semmexico\/?attachment_id=26668\" class=\"wp-image-26668\"\/><\/figure><\/li><li class=\"blocks-gallery-item\"><figure><img decoding=\"async\" src=\"https:\/\/redsemlac.com\/semmexico\/wp-content\/uploads\/2020\/10\/WhatsApp-Image-2020-10-05-at-3.51.57-PM-682x1024.jpeg\" alt=\"\" data-id=\"26669\" data-full-url=\"https:\/\/redsemlac.com\/semmexico\/wp-content\/uploads\/2020\/10\/WhatsApp-Image-2020-10-05-at-3.51.57-PM.jpeg\" data-link=\"https:\/\/redsemlac.com\/semmexico\/?attachment_id=26669\" class=\"wp-image-26669\"\/><\/figure><\/li><\/ul><\/figure>\n\n\n\n<p class=\"wp-block-paragraph\">Al entrar cada vez m\u00e1s en el mundo del dise\u00f1o, la joven eligi\u00f3 profesionalizarse al graduarse en la licenciatura de Dise\u00f1o de Modas, a la par de contar con su propia marca de textiles.<\/p>\n\n\n\n<p class=\"wp-block-paragraph\">\u201cSer una emprendedora es demasiado dif\u00edcil, m\u00e1s para una mujer ind\u00edgena, porque siempre hay discriminaci\u00f3n, porque no todos creen en ti\u201d, coment\u00f3 en entrevista.<\/p>\n\n\n\n<p class=\"wp-block-paragraph\">Sin embargo, Suilma S\u00e1nchez Mart\u00ednez se vio motivada por las mujeres de su comunidad, \u00aball\u00e1, en la zona mixe, son dise\u00f1adoras natas, hacen un trabajo textil discreto y poco valorado; por lo que las blusas que confeccionan han sido objeto de plagio por dise\u00f1adores internacionales\u201d.<\/p>\n\n\n\n<p class=\"wp-block-paragraph\">S\u00e1nchez Mart\u00ednez es reconocida por su propuesta de dise\u00f1os \u00fanicos y textiles artesanales aplicados. \u201cEsto ha sido posible por la colaboraci\u00f3n de artistas populares y los artesanos de las ocho regiones de Oaxaca, quienes me han ofrecido su confianza, lo que me ha permitido abrir nuevos caminos y oportunidades\u201d.<\/p>\n\n\n\n<p class=\"wp-block-paragraph\">\u201cTengo la plena confianza en que una mujer ind\u00edgena que conserva su lengua y origen, puede y debe estar no solo en el mundo de la moda, tambi\u00e9n es posible, en el arte\u201d.<\/p>\n\n\n\n<p class=\"wp-block-paragraph\">Acerca de su participaci\u00f3n en el evento internacional de moda, el m\u00e1s importante en Latinoam\u00e9rica, Intermoda Guadalajara, que se llev\u00f3 acabo el mes pasado, la dise\u00f1adora coment\u00f3 que \u201cno fue f\u00e1cil competir entre m\u00e1s de 200 dise\u00f1adores, pero consider\u00f3 que el reconocimiento que consigui\u00f3 de sus pares tuvo mucho que ver el proyecto que ella impulsa denominado \u201cLa Mixteca Pasado y Presente\u201d.<\/p>\n\n\n\n<p class=\"wp-block-paragraph\">Once piezas inspiradas en la cultura mixteca y los detalles prehisp\u00e1nicos en seda silvestre, pieles artesanales como amuzgo y triqui, e hilados a mano con malacate y tonos coloridos provenientes de la grana cochinilla o el caracol p\u00farpura.<\/p>\n\n\n\n<p class=\"wp-block-paragraph\">\u201cLas piezas, en conjunto, nos cuentan a trav\u00e9s del tejido la forma de pensar y manera de ver la vida, esa parte de la fe y deseos, y la cosmovisi\u00f3n de los pueblos originarios de Oaxaca\u201d.<\/p>\n\n\n\n<p class=\"wp-block-paragraph\">SEM\/pb\/sj<\/p>\n","protected":false},"excerpt":{"rendered":"<p>De origen Ayuuk o mixe sostiene que en su tierra todas las mujeres son dise\u00f1adoras<\/p>\n","protected":false},"author":3,"featured_media":26666,"comment_status":"open","ping_status":"open","sticky":false,"template":"","format":"standard","meta":{"_monsterinsights_skip_tracking":false,"footnotes":""},"categories":[691,54],"tags":[],"class_list":["post-26665","post","type-post","status-publish","format-standard","has-post-thumbnail","category-691","category-mujeres"],"_links":{"self":[{"href":"https:\/\/redsemlac.com\/semmexico\/wp-json\/wp\/v2\/posts\/26665","targetHints":{"allow":["GET"]}}],"collection":[{"href":"https:\/\/redsemlac.com\/semmexico\/wp-json\/wp\/v2\/posts"}],"about":[{"href":"https:\/\/redsemlac.com\/semmexico\/wp-json\/wp\/v2\/types\/post"}],"author":[{"embeddable":true,"href":"https:\/\/redsemlac.com\/semmexico\/wp-json\/wp\/v2\/users\/3"}],"replies":[{"embeddable":true,"href":"https:\/\/redsemlac.com\/semmexico\/wp-json\/wp\/v2\/comments?post=26665"}],"version-history":[{"count":0,"href":"https:\/\/redsemlac.com\/semmexico\/wp-json\/wp\/v2\/posts\/26665\/revisions"}],"wp:featuredmedia":[{"embeddable":true,"href":"https:\/\/redsemlac.com\/semmexico\/wp-json\/wp\/v2\/media\/26666"}],"wp:attachment":[{"href":"https:\/\/redsemlac.com\/semmexico\/wp-json\/wp\/v2\/media?parent=26665"}],"wp:term":[{"taxonomy":"category","embeddable":true,"href":"https:\/\/redsemlac.com\/semmexico\/wp-json\/wp\/v2\/categories?post=26665"},{"taxonomy":"post_tag","embeddable":true,"href":"https:\/\/redsemlac.com\/semmexico\/wp-json\/wp\/v2\/tags?post=26665"}],"curies":[{"name":"wp","href":"https:\/\/api.w.org\/{rel}","templated":true}]}}