{"id":26662,"date":"2020-10-06T01:06:31","date_gmt":"2020-10-06T01:06:31","guid":{"rendered":"https:\/\/redsemlac.com\/semmexico\/?p=26662"},"modified":"2023-07-21T16:35:22","modified_gmt":"2023-07-21T21:35:22","slug":"scjn-invalido-reformas-de-violencia-politica-y-paridad-en-morelos","status":"publish","type":"post","link":"https:\/\/redsemlac.com\/semmexico\/scjn-invalido-reformas-de-violencia-politica-y-paridad-en-morelos\/","title":{"rendered":"SCJN invalid\u00f3 reformas de violencia pol\u00edtica y paridad, en Morelos"},"content":{"rendered":"\n<p class=\"wp-block-paragraph\"><strong>\u2022 Fueron realizadas fuera de tiempo dice el m\u00e1ximo tribunal<br>\u2022 Se\u00f1ala legisladora que el PES condicion\u00f3 las reformas y las consecuencias ser\u00e1n para las morelenses<\/strong><\/p>\n\n\n\n<p class=\"wp-block-paragraph\"><strong>Estrella Pedroza<\/strong><br>SemM\u00e9xico, Cuernavaca, Mor., 5 de octubre, 2020.- Por unanimidad, el Pleno de la Suprema Corte de Justicia de la Naci\u00f3n (SCJN) invalid\u00f3 en su totalidad la reforma electoral en materia de violencia pol\u00edtica contra las mujeres en raz\u00f3n de g\u00e9nero y paridad para esta entidad, \u201cporque el Decreto fue emitido y publicado en periodo de veda electoral\u201d, sostuvieron los ministros. En tanto, la diputada Alejandra Flores, advirti\u00f3 que la medida tendr\u00e1 una consecuencia grave para las mujeres.<\/p>\n\n\n\n<p class=\"wp-block-paragraph\">Con el Decreto 690, que fue emitido por el Congreso Local y publicado por el Poder Ejecutivo en el Peri\u00f3dico Oficial el 8 de junio de 2020, se reforman, adicionan y derogan diversas disposiciones del C\u00f3digo de Instituciones y Procedimientos Electorales y de la Ley de Acceso de las Mujeres a una Vida Libre de Violencia, en materia de violencia pol\u00edtica contra las mujeres en raz\u00f3n de g\u00e9nero y paridad, ambas de esta entidad.<\/p>\n\n\n\n<p class=\"wp-block-paragraph\">En sesi\u00f3n virtual, los ministros consideraron que con la promulgaci\u00f3n y expedici\u00f3n de dicho decreto se viol\u00f3 el art\u00edculo 105, fracci\u00f3n II, pen\u00faltimo p\u00e1rrafo, de la Constituci\u00f3n Federal, donde se establece que las leyes electorales, federal y estatal, deber\u00e1n promulgarse y publicarse por lo menos 90 d\u00edas antes de que inicie el proceso electoral y que durante el mismo no podr\u00e1 haber modificaciones legales fundamentales, por lo que la SCJN decidi\u00f3 invalidarlo.<\/p>\n\n\n\n<p class=\"wp-block-paragraph\">Sin embargo, a fin de no crear un vac\u00edo jur\u00eddico, el Pleno de la SCJN decret\u00f3 la reviviscencia de la legislaci\u00f3n anterior, lo que significa que ser\u00e1 aquella la que se aplique al proceso electoral en curso.<\/p>\n\n\n\n<p class=\"wp-block-paragraph\"><strong>\u00bfQui\u00e9nes impugnaron y por qu\u00e9?<\/strong><\/p>\n\n\n\n<p class=\"wp-block-paragraph\">Lo anterior, luego de que los partidos pol\u00edticos Socialdem\u00f3crata de Morelos(PSD), de la Revoluci\u00f3n Democr\u00e1tica (PRD) y Movimiento Ciudadano promovieron por separado acci\u00f3n de inconstitucionalidad (139\/2020 y sus acumuladas 142\/2020, 223\/2020 y 226\/2020) demandando la invalidez porque se contemplan modificaciones al C\u00f3digo de Instituciones y Procedimientos Electorales (Codipem) que no obedec\u00edan al tema de violencia pol\u00edtica ni paridad de g\u00e9nero.<\/p>\n\n\n\n<p class=\"wp-block-paragraph\">Entre los puntos de inconformidad: aumentar cuatro por ciento para la asignaci\u00f3n de plurinominales y la generaci\u00f3n de dos listas para crear una lista definitiva denominadas A y B (hombre y mujeres). Es decir, se modifica la forma de asignaci\u00f3n de plurinominales.<\/p>\n\n\n\n<p class=\"wp-block-paragraph\">Mientras que en el Art\u00edculo 17, en el caso de los presidentes y las presidentas municipales que quieran reelegirse que sean independientes o hayan renunciado al partido que los postul\u00f3, los obliga a afiliarse a un partido y ya no puede ser ciudadano por un partido.<\/p>\n\n\n\n<p class=\"wp-block-paragraph\">De igual manera en el Art\u00edculo 1, suben la votaci\u00f3n al cuatro por ciento para poder acceder a una regidur\u00eda.<\/p>\n\n\n\n<p class=\"wp-block-paragraph\">En tanto, en el Art\u00edculo 66 los cambios transgreden sus sistemas normativos internos de las comunidades y municipios ind\u00edgenas debido a que obligan a participar a trav\u00e9s de los partidos pol\u00edtico retir\u00e1ndoles su libre autodeterminaci\u00f3n.<\/p>\n\n\n\n<p class=\"wp-block-paragraph\"><strong>\u00bfDe qui\u00e9n es la culpa?<\/strong><\/p>\n\n\n\n<p class=\"wp-block-paragraph\">Alejandra Flores, diputada de Morena, reconoci\u00f3 que este es el costo que se tendr\u00e1 que pagar ya que en el Congreso de Morelos pesaron m\u00e1s los intereses pol\u00edticos y de grupo.<\/p>\n\n\n\n<p class=\"wp-block-paragraph\">\u201cLa fracci\u00f3n parlamentaria del Partido de Encuentro Social condicion\u00f3 la reforma materia de violencia pol\u00edtica contra las mujeres en raz\u00f3n de g\u00e9nero y paridad por la reforma electoral, y se negaron a votar por separado\u201d, dijo.<\/p>\n\n\n\n<p class=\"wp-block-paragraph\">Incluso, record\u00f3 que en su momento el ex presidente de la Comisi\u00f3n de Igualdad de G\u00e9nero, Marcos Zapotitla -hoy acusado por cometer presunta violaci\u00f3n contra una ex colaboradora- incumpli\u00f3 con la obligaci\u00f3n de someter a an\u00e1lisis la reforma.<\/p>\n\n\n\n<p class=\"wp-block-paragraph\">\u201cEsto, sin duda, es un retroceso para los derechos de las mujeres y para las conquistas que provienen de toda una lucha, yo fui la \u00fanica que exigi\u00f3 abiertamente que se votaran por separado y denuncie lo que estaba pasando en la Comisi\u00f3n de Igualdad de G\u00e9nero. Ahora cada qui\u00e9n tendr\u00e1 que asumir su responsabilidad y las mujeres no tendremos garant\u00edas de ir en estas elecciones en igualdad\u201d, dijo.<\/p>\n\n\n\n<p class=\"wp-block-paragraph\">SEM\/ep\/sj<\/p>\n","protected":false},"excerpt":{"rendered":"<p>Se\u00f1ala legisladora que el PES condicion\u00f3 las reformas y las consecuencias ser\u00e1n para las morelenses<\/p>\n","protected":false},"author":3,"featured_media":26663,"comment_status":"open","ping_status":"open","sticky":false,"template":"","format":"standard","meta":{"_monsterinsights_skip_tracking":false,"footnotes":""},"categories":[691,141],"tags":[],"class_list":["post-26662","post","type-post","status-publish","format-standard","has-post-thumbnail","category-691","category-elecciones-2020-2021"],"_links":{"self":[{"href":"https:\/\/redsemlac.com\/semmexico\/wp-json\/wp\/v2\/posts\/26662","targetHints":{"allow":["GET"]}}],"collection":[{"href":"https:\/\/redsemlac.com\/semmexico\/wp-json\/wp\/v2\/posts"}],"about":[{"href":"https:\/\/redsemlac.com\/semmexico\/wp-json\/wp\/v2\/types\/post"}],"author":[{"embeddable":true,"href":"https:\/\/redsemlac.com\/semmexico\/wp-json\/wp\/v2\/users\/3"}],"replies":[{"embeddable":true,"href":"https:\/\/redsemlac.com\/semmexico\/wp-json\/wp\/v2\/comments?post=26662"}],"version-history":[{"count":0,"href":"https:\/\/redsemlac.com\/semmexico\/wp-json\/wp\/v2\/posts\/26662\/revisions"}],"wp:featuredmedia":[{"embeddable":true,"href":"https:\/\/redsemlac.com\/semmexico\/wp-json\/wp\/v2\/media\/26663"}],"wp:attachment":[{"href":"https:\/\/redsemlac.com\/semmexico\/wp-json\/wp\/v2\/media?parent=26662"}],"wp:term":[{"taxonomy":"category","embeddable":true,"href":"https:\/\/redsemlac.com\/semmexico\/wp-json\/wp\/v2\/categories?post=26662"},{"taxonomy":"post_tag","embeddable":true,"href":"https:\/\/redsemlac.com\/semmexico\/wp-json\/wp\/v2\/tags?post=26662"}],"curies":[{"name":"wp","href":"https:\/\/api.w.org\/{rel}","templated":true}]}}