{"id":26659,"date":"2020-10-06T00:18:27","date_gmt":"2020-10-06T00:18:27","guid":{"rendered":"https:\/\/redsemlac.com\/semmexico\/?p=26659"},"modified":"2023-07-21T16:35:22","modified_gmt":"2023-07-21T21:35:22","slug":"pide-ai-no-reducir-recursos-del-anexo-13-del-ppef-2021","status":"publish","type":"post","link":"https:\/\/redsemlac.com\/semmexico\/pide-ai-no-reducir-recursos-del-anexo-13-del-ppef-2021\/","title":{"rendered":"Pide AI no reducir recursos del Anexo 13 del PPEF 2021"},"content":{"rendered":"\n<p class=\"wp-block-paragraph\"><strong>\u2022 El organismo internacional entreg\u00f3 un documento al Grupo de Trabajo Plural por la Igualdad Sustantiva<\/strong><\/p>\n\n\n\n<p class=\"wp-block-paragraph\">\u2022 <strong>En reuni\u00f3n virtual, el organismo entreg\u00f3 6 mil 13 firmas de personas de todas partes del mundo<\/strong><\/p>\n\n\n\n<p class=\"wp-block-paragraph\"><strong>Sara Lovera<\/strong><br>SemM\u00e9xico, Cd. de M\u00e9xico, 5 de octubre, 2020.- El Grupo de Trabajo Plural por la Igualdad Sustantiva recibi\u00f3 seis mil 13 firmas por parte de Amnist\u00eda Internacional, con la solicitud a la C\u00e1mara de Diputados que no se reduzcan los recursos del Anexo 13 del Presupuesto de Egresos de la Federaci\u00f3n (PEF) 2021.<\/p>\n\n\n\n<p class=\"wp-block-paragraph\">La directora de Amnist\u00eda Internacional M\u00e9xico, Tania Reneaum Panszi, advirti\u00f3 que en el proyecto del PEF 2021 se propone un aumento de 20 por ciento en algunos rubros de gasto social, comparado con el del 2020; sin embargo, los presupuestos para mujeres no deben confundirse con los proyectos sociales, porque no necesariamente tienen perspectiva de g\u00e9nero.<\/p>\n\n\n\n<p class=\"wp-block-paragraph\">En reuni\u00f3n virtual, la presidenta de la Mesa Directiva, Dulce Mar\u00eda Sauri Riancho, subray\u00f3 que la entrega de las firmas visibiliza la exigencia ciudadana de no reducir el presupuesto destinado a instituciones y programas que garantizan el derecho de mujeres y ni\u00f1as a tener igualdad y una vida libre de violencia.<\/p>\n\n\n\n<p class=\"wp-block-paragraph\">La ex gobernadora de Yucat\u00e1n detall\u00f3 que la C\u00e1mara de Diputados inici\u00f3 la revisi\u00f3n del Paquete Econ\u00f3mico 2021, en donde es importante que no haya retrocesos en la perspectiva de g\u00e9nero, sino registrar avances significativos; adem\u00e1s, la LFPRH en su art\u00edculo 53, proh\u00edbe recortar los recursos destinados a programas y acciones relacionadas con la igualdad. \u201cA pesar de ello, se han sufrido numerosos problemas\u201d.<\/p>\n\n\n\n<p class=\"wp-block-paragraph\">Estim\u00f3 que las circunstancias de este 2020 generaron la necesidad de reencauzar los programas de la administraci\u00f3n p\u00fablica, y la propia vida de la sociedad y las familias, pero las demandas provocadas por el COVID-19 no son justificaci\u00f3n para lo que ha sucedido con los recursos para la igualdad y para atender la violencia contra las mujeres.<\/p>\n\n\n\n<p class=\"wp-block-paragraph\">Con la entrega de firmas, dijo, se alcanza el primer objetivo de la solicitud impulsada desde julio pasado, cuando se hizo m\u00e1s visible que el decreto de austeridad del 23 de abril podr\u00eda afectar de forma significativa los programas de prevenci\u00f3n, atenci\u00f3n y erradicaci\u00f3n de las violencias contra ni\u00f1as y mujeres.<\/p>\n\n\n\n<p class=\"wp-block-paragraph\">La presidenta de la Comisi\u00f3n de Igualdad de G\u00e9nero, Wendy Brice\u00f1o Zuloaga (Morena), dijo que se dar\u00e1 seguimiento a la entrega de firmas, porque es la voz y la expresi\u00f3n de algo en lo que coincidimos: fortalecer los diversos programas que previenen y atienden las violencias que padecen las ni\u00f1as y mujeres.<\/p>\n\n\n\n<p class=\"wp-block-paragraph\">Del PAN, la diputada Ver\u00f3nica Sobrado Rodr\u00edguez coment\u00f3 que, si bien en la propuesta del PEF 2021 el Anexo 13 crece, la mayor parte del incremento est\u00e1 en el Ramo 20 de Bienestar, pero los programas en contra de la violencia se mantienen igual o tienen alg\u00fan decremento, y no tienen el aumento necesario derivado de la inflaci\u00f3n.<\/p>\n\n\n\n<p class=\"wp-block-paragraph\">La diputada Martha Tagle Mart\u00ednez (Movimiento Ciudadano) coment\u00f3 que de manera aparente se ve una ampliaci\u00f3n en el PEF, pero cuando se revisan algunos de los programas sustantivos tienen lo mismo que cuando se cre\u00f3 el Anexo 13 hace 12 a\u00f1os. \u201cHay que dar una discusi\u00f3n seria porque se merma lo que se discute en la C\u00e1mara de Diputados; las mujeres somos la mitad de la legislatura, por lo tanto, tenemos la fuerza para salvaguardar los recursos del Anexo 13\u201d.<\/p>\n\n\n\n<p class=\"wp-block-paragraph\">De Morena, la diputada Beatriz Rojas Mart\u00ednez manifest\u00f3 que es un gran compromiso para las diputadas de la LXIV Legislatura garantizar un presupuesto con perspectiva de g\u00e9nero, porque se tiene una deuda con las mujeres. Adem\u00e1s, por la pandemia se requiere reorientar el Anexo 13, con el fin de encontrar mecanismos para no mover ese presupuesto.<\/p>\n\n\n\n<p class=\"wp-block-paragraph\"><strong>Amnist\u00eda Internacional<\/strong><\/p>\n\n\n\n<p class=\"wp-block-paragraph\">La directora ejecutiva de Amnist\u00eda Internacional M\u00e9xico, Tania Reneaum Panszi, manifest\u00f3 que en el PEF no hay que dar marcha atr\u00e1s, porque haber creado el Anexo 13, que tendr\u00eda que ser intocado, es resultado de la lucha de grupos de mujeres. La entrega de 6 mil 013 firmas, de personas de todas partes del mundo, es para que no se recorte el presupuesto para las mujeres.<\/p>\n\n\n\n<p class=\"wp-block-paragraph\">A\u00f1adi\u00f3 que en el proyecto del PEF 2021 se propone un aumento de 20 por ciento en algunos rubros de gasto social, comparado con el del 2020; sin embargo, los presupuestos para mujeres no deben confundirse con los proyectos sociales, porque no necesariamente tienen perspectiva de g\u00e9nero.<\/p>\n\n\n\n<p class=\"wp-block-paragraph\">SEM\/sl\/sj<\/p>\n","protected":false},"excerpt":{"rendered":"<p> El organismo internacional entreg\u00f3 un documento al Grupo de Trabajo Plural por la Igualdad Sustantiva<\/p>\n","protected":false},"author":3,"featured_media":26660,"comment_status":"open","ping_status":"open","sticky":false,"template":"","format":"standard","meta":{"_monsterinsights_skip_tracking":false,"footnotes":""},"categories":[691,51],"tags":[],"class_list":["post-26659","post","type-post","status-publish","format-standard","has-post-thumbnail","category-691","category-ejecutivo"],"_links":{"self":[{"href":"https:\/\/redsemlac.com\/semmexico\/wp-json\/wp\/v2\/posts\/26659","targetHints":{"allow":["GET"]}}],"collection":[{"href":"https:\/\/redsemlac.com\/semmexico\/wp-json\/wp\/v2\/posts"}],"about":[{"href":"https:\/\/redsemlac.com\/semmexico\/wp-json\/wp\/v2\/types\/post"}],"author":[{"embeddable":true,"href":"https:\/\/redsemlac.com\/semmexico\/wp-json\/wp\/v2\/users\/3"}],"replies":[{"embeddable":true,"href":"https:\/\/redsemlac.com\/semmexico\/wp-json\/wp\/v2\/comments?post=26659"}],"version-history":[{"count":0,"href":"https:\/\/redsemlac.com\/semmexico\/wp-json\/wp\/v2\/posts\/26659\/revisions"}],"wp:featuredmedia":[{"embeddable":true,"href":"https:\/\/redsemlac.com\/semmexico\/wp-json\/wp\/v2\/media\/26660"}],"wp:attachment":[{"href":"https:\/\/redsemlac.com\/semmexico\/wp-json\/wp\/v2\/media?parent=26659"}],"wp:term":[{"taxonomy":"category","embeddable":true,"href":"https:\/\/redsemlac.com\/semmexico\/wp-json\/wp\/v2\/categories?post=26659"},{"taxonomy":"post_tag","embeddable":true,"href":"https:\/\/redsemlac.com\/semmexico\/wp-json\/wp\/v2\/tags?post=26659"}],"curies":[{"name":"wp","href":"https:\/\/api.w.org\/{rel}","templated":true}]}}