{"id":2627,"date":"2018-05-11T22:45:24","date_gmt":"2018-05-11T22:45:24","guid":{"rendered":"https:\/\/redsemlac.com\/semmexico\/?p=2627"},"modified":"2023-07-21T14:31:07","modified_gmt":"2023-07-21T19:31:07","slug":"estas-medidas-se-adoptan-para-cesar-los-actos-que-puedan-afectar-los-principios-que-rigen-el-proceso-electoral","status":"publish","type":"post","link":"https:\/\/redsemlac.com\/semmexico\/estas-medidas-se-adoptan-para-cesar-los-actos-que-puedan-afectar-los-principios-que-rigen-el-proceso-electoral\/","title":{"rendered":"Estas medidas se adoptan para cesar los actos que puedan afectar los principios que rigen el proceso electoral."},"content":{"rendered":"\n<p class=\"wp-block-paragraph\"><a href=\"https:\/\/www.semmexico.com\/gallery-post.php?id=4796#\">Redacci\u00f3n<\/a><\/p>\n\n\n\n<p class=\"wp-block-paragraph\">SemM\u00e9xico, Oaxaca, 11 mayo 2018.-La Comisi\u00f3n de Quejas y Denuncias del Instituto Estatal Electoral y de Participaci\u00f3n Ciudadana de Oaxaca (IEEPCO) orden\u00f3 este d\u00eda en sesi\u00f3n, como medida cautelar, la cancelaci\u00f3n del registro de 17 candidaturas de partidos pol\u00edticos y coaliciones, por supuestas irregularidades al registrar a hombres que se auto adscribieron como mujeres transg\u00e9nero.<br><br>El Consejero y presidente de la comisi\u00f3n, Gerardo Garc\u00eda Marroqu\u00edn explic\u00f3 que estas medidas se adoptan para cesar los actos que puedan afectar los principios que rigen el proceso electoral.<br><br>Es de mencionarse que dicha cancelaci\u00f3n precautoria tendr\u00e1 efectos en tanto el Consejo General del IEEPCO resuelve en definitiva el fondo del procedimiento.&nbsp;<br><br>\u201cMientras permanezcan canceladas las candidaturas y hasta antes de resolverse el procedimiento sancionador, los partidos y coaliciones podr\u00e1n realizar los ajustes que estimen necesarios para cumplir con el principio de paridad, alternancia y competitividad en la postulaci\u00f3n de candidaturas\u201d, se\u00f1al\u00f3.&nbsp;<br><br>Garc\u00eda Marroqu\u00edn refiri\u00f3 que actualmente la comisi\u00f3n contin\u00faa con la etapa de investigaci\u00f3n correspondiente al procedimiento sancionador y, conforme al procedimiento, presentar\u00e1 un proyecto de resoluci\u00f3n al Consejo General quien resolver\u00e1 en definitiva sobre este caso.<br><br>El proyecto de la comisi\u00f3n referido se aprob\u00f3 por unanimidad, la sesi\u00f3n cont\u00f3 con la participaci\u00f3n de todas las Consejeras y Consejeros, as\u00ed como el Secretario Ejecutivo del instituto.<br><\/p>\n","protected":false},"excerpt":{"rendered":"<p>Redacci\u00f3n SemM\u00e9xico, Oaxaca, 11 mayo 2018.-La Comisi\u00f3n de Quejas y Denuncias del Instituto Estatal Electoral y de Participaci\u00f3n Ciudadana de Oaxaca (IEEPCO) orden\u00f3 este d\u00eda en sesi\u00f3n, como medida cautelar, la cancelaci\u00f3n del registro de 17 candidaturas de partidos pol\u00edticos y coaliciones, por supuestas irregularidades al registrar a hombres que se auto adscribieron como mujeres [&hellip;]<\/p>\n","protected":false},"author":3,"featured_media":2628,"comment_status":"open","ping_status":"open","sticky":false,"template":"","format":"standard","meta":{"_monsterinsights_skip_tracking":false,"footnotes":""},"categories":[689,33],"tags":[],"class_list":["post-2627","post","type-post","status-publish","format-standard","has-post-thumbnail","category-689","category-elecciones-2018"],"_links":{"self":[{"href":"https:\/\/redsemlac.com\/semmexico\/wp-json\/wp\/v2\/posts\/2627","targetHints":{"allow":["GET"]}}],"collection":[{"href":"https:\/\/redsemlac.com\/semmexico\/wp-json\/wp\/v2\/posts"}],"about":[{"href":"https:\/\/redsemlac.com\/semmexico\/wp-json\/wp\/v2\/types\/post"}],"author":[{"embeddable":true,"href":"https:\/\/redsemlac.com\/semmexico\/wp-json\/wp\/v2\/users\/3"}],"replies":[{"embeddable":true,"href":"https:\/\/redsemlac.com\/semmexico\/wp-json\/wp\/v2\/comments?post=2627"}],"version-history":[{"count":0,"href":"https:\/\/redsemlac.com\/semmexico\/wp-json\/wp\/v2\/posts\/2627\/revisions"}],"wp:featuredmedia":[{"embeddable":true,"href":"https:\/\/redsemlac.com\/semmexico\/wp-json\/wp\/v2\/media\/2628"}],"wp:attachment":[{"href":"https:\/\/redsemlac.com\/semmexico\/wp-json\/wp\/v2\/media?parent=2627"}],"wp:term":[{"taxonomy":"category","embeddable":true,"href":"https:\/\/redsemlac.com\/semmexico\/wp-json\/wp\/v2\/categories?post=2627"},{"taxonomy":"post_tag","embeddable":true,"href":"https:\/\/redsemlac.com\/semmexico\/wp-json\/wp\/v2\/tags?post=2627"}],"curies":[{"name":"wp","href":"https:\/\/api.w.org\/{rel}","templated":true}]}}