{"id":26226,"date":"2020-09-28T17:27:24","date_gmt":"2020-09-28T17:27:24","guid":{"rendered":"https:\/\/redsemlac.com\/semmexico\/?p=26226"},"modified":"2023-07-21T16:31:38","modified_gmt":"2023-07-21T21:31:38","slug":"opinion-587","status":"publish","type":"post","link":"https:\/\/redsemlac.com\/semmexico\/opinion-587\/","title":{"rendered":"Un Leviat\u00e1n feminista"},"content":{"rendered":"\n<ul class=\"wp-block-list\"><li><strong>Y de c\u00f3mo L\u00f3pez no puede ser liberal<\/strong><\/li><\/ul>\n\n\n\n<p class=\"wp-block-paragraph\"><strong>Olimpia Flores Ortiz<\/strong><\/p>\n\n\n\n<p class=\"wp-block-paragraph\">SemM\u00e9xico, 28 de septiembre, 2020.- \u00bfSon aliados el feminismo y el movimiento liberal?<\/p>\n\n\n\n<p class=\"wp-block-paragraph\">I.<\/p>\n\n\n\n<p class=\"wp-block-paragraph\">Hay que movilizarse intelectual y pol\u00edticamente hoy, para configurar el ma\u00f1ana, porque el apenas ayer de d\u00f3nde venimos previo a la pandemia ya no es ni ser\u00e1 nunca m\u00e1s.<\/p>\n\n\n\n<p class=\"wp-block-paragraph\">Me resulta m\u00e1s optimista pensar que estamos ante una crisis de la civilizaci\u00f3n a que estamos en un episodio m\u00e1s del transcurso neoliberal y desigual en simulaci\u00f3n de progreso y democracia. Y pienso tambi\u00e9n que no est\u00e1 todo dicho en cuanto al pensamiento liberal.<\/p>\n\n\n\n<p class=\"wp-block-paragraph\">Recordemos que el liberalismo primigenio de Locke (1632 &#8211; 1704) en su ensayo sobre el gobierno civil propone que: \u201c\u2026siendo iguales e independientes, nadie debe da\u00f1ar a otro en su vida, salud, libertad o posesiones\u2026\u201d de modo que voy a considerar que el feminismo s\u00ed tiene que ver con el liberalismo y a mi parecer, de manera indisoluble, como causa y efecto que se determinan mutuamente: el cuerpo pudo ser por primera vez propiedad exclusiva del ser que lo porta.<\/p>\n\n\n\n<p class=\"wp-block-paragraph\">El liberalismo surge despu\u00e9s de las guerras religiosas de Europa y del oscuro per\u00edodo de persecuci\u00f3n her\u00e9tica de los siglos XVI y XVII que se ensa\u00f1ara con las mujeres a las que llam\u00f3 brujas y acus\u00f3 de aliadas del demonio, quem\u00e1ndolas a lo largo de un siglo y legando a la historia humana el m\u00e1s grande genocidio por odio donado por la Iglesia Cat\u00f3lica.<\/p>\n\n\n\n<p class=\"wp-block-paragraph\">El liberalismo acompa\u00f1a al siglo de las Luces que reaccion\u00f3 al oscurantismo renacentista y es hijo de la modernidad, heredero del pensamiento cartesiano, primer pensamiento de la sospecha acerca de La Verdad. La Revoluci\u00f3n Francesa del siglo XVIII con sus postulados humanistas y democr\u00e1ticos, tuvo en el pensamiento liberal a su precursor. Olympia de Gougues, aunque haya sido guillotinada por sus atrevimientos feministas por esa misma Revoluci\u00f3n, tampoco hubiera sido posible. El liberalismo lo es para empezar de las libertades humanas.<\/p>\n\n\n\n<p class=\"wp-block-paragraph\">En tanto esfuerzo civilizador el liberalismo en el transcurso de los siglos ha tenido muchas derivas, y aunque el pulso hoy d\u00eda lo tenga muy lento en todo el mundo, est\u00e1 vivo. Y una de sus manifestaciones lo es por supuesto el feminismo; me atrever\u00eda incluso a decir que, en sus diferentes variantes, en tanto se trata en todo caso de la emancipaci\u00f3n de las mujeres; a\u00fan cuando hoy d\u00eda se cuestionen los l\u00edmites del liberalismo en cuanto al cuerpo; \u00bfse puede vender la fuerza de trabajo, toda la energ\u00eda humana, pero no el propio cuerpo para fines de comercio carnal o alquiler de vientres con fines reproductivos o venta de \u00f3rganos? En fin, toda una discusi\u00f3n epistemol\u00f3gica.<\/p>\n\n\n\n<p class=\"wp-block-paragraph\">III.<\/p>\n\n\n\n<p class=\"wp-block-paragraph\">\u00bfEs L\u00f3pez Obrador un art\u00edfice del liberalismo de la igualdad social y las libertades individuales?<\/p>\n\n\n\n<p class=\"wp-block-paragraph\">Imposible. Mientras el gran debate est\u00e1 puesto en el mundo, en M\u00e9xico el se\u00f1or L\u00f3pez que nos gobierna reclama para s\u00ed el reconocimiento como liberal haciendo un frente com\u00fan conservador de todo aquello que le estorba. No puede serlo. Su posici\u00f3n ambivalente pol\u00edtica y econ\u00f3micamente ante el Estado, no denota en ning\u00fan sentido el respeto por las personas como seres individuales, ni le gustan las libertades; tampoco le alcanza su clich\u00e9 de que \u201cprimero los pobres\u201d que no le da m\u00e1s que para asistencialismo, manipulaci\u00f3n popular y manejo obscuro de las finanzas p\u00fablicas, su Leviat\u00e1n nacionalista es emocional y antidemocr\u00e1tico.<\/p>\n\n\n\n<p class=\"wp-block-paragraph\">IV.<\/p>\n\n\n\n<p class=\"wp-block-paragraph\">\u00bfQu\u00e9 Leviat\u00e1n quiere el feminismo? En caso de creer en la posibilidad de un pacto y sus estructuras operativas.<\/p>\n\n\n\n<p class=\"wp-block-paragraph\">Dedicado L\u00f3pez a erosionar las instituciones de un Estado del que debi\u00e9ramos dirimir cu\u00e1l, cu\u00e1nto y c\u00f3mo debe ser su papel post pandemia, frente al agotamiento mundial del modelo neoliberal en su conjunto. L\u00f3pez es un s\u00edntoma m\u00e1s del cansancio de las contradicciones neoliberales cuyo aspecto econ\u00f3mico ha terminado por devorar en sus excesos a toda eficacia de las estructuras de gobierno.<\/p>\n\n\n\n<p class=\"wp-block-paragraph\">&nbsp;Los populismos en el mundo son una respuesta a la desigualdad social, al miedo a la violencia, a la miseria y a la marginalidad de lo que no \u201cencaja\u201d. Y representan la ruptura individual, social y como fen\u00f3meno en expansi\u00f3n, con la f\u00e1cil convivencia entre el discurso democr\u00e1tico e igualitario y el liberalismo salvaje de las reglas del mercado.<\/p>\n\n\n\n<p class=\"wp-block-paragraph\">De modo que es hora de reclamar al feminismo como movimiento emancipador y por ello liberal y resignificar al liberalismo del cuerpo y tambi\u00e9n de las culturas con el de la coexistencia de econom\u00edas (solidarias) locales y de culturas a temporales (fuera de la l\u00ednea que marca el \u201cprogreso\u201d) que tengan modo de resolverse sin ser avasalladas. Y de respaldar toda existencia fuera del canon binario de la reproducci\u00f3n y el apareamiento sexuales.<\/p>\n\n\n\n<p class=\"wp-block-paragraph\">De este tiempo de aturdimiento, de experiencia in\u00e9dita y odio, \u00bfpuede surgir el Leviat\u00e1n de un pacto entre las\/los seres humanos sin desigualdad, con libertad, con justicia y a\u00f1ado, sin encono entre los sexos y las identidades gen\u00e9ricas?<\/p>\n\n\n\n<p class=\"wp-block-paragraph\">Zaachila, Oaxaca. Se acaba septiembre. Magn\u00edfico episodio republicano el de la comparecencia de la Secretaria de Gobernaci\u00f3n Olga S\u00e1nchez Cordero ante el Senado. Ella, a la altura de ella misma. Senadoras y Senadores en su papel, con elegancia y coherencia discursiva. Hubo lecciones.<\/p>\n\n\n\n<p class=\"wp-block-paragraph\">Facebook: <a href=\"http:\/\/www.facebook.com\/OlimpiaFloresMirabilia\">http:\/\/www.facebook.com\/OlimpiaFloresMirabilia<\/a><\/p>\n\n\n\n<p class=\"wp-block-paragraph\">Twitter: @euphrasina (gusto por la elocuencia)<\/p>\n","protected":false},"excerpt":{"rendered":"<p>Y de c\u00f3mo L\u00f3pez no puede ser liberal<\/p>\n","protected":false},"author":3,"featured_media":18201,"comment_status":"open","ping_status":"open","sticky":false,"template":"","format":"standard","meta":{"_monsterinsights_skip_tracking":false,"footnotes":""},"categories":[691,133,134,35],"tags":[],"class_list":["post-26226","post","type-post","status-publish","format-standard","has-post-thumbnail","category-691","category-desobediencia","category-olimpia-flores-ortiz","category-opinion"],"_links":{"self":[{"href":"https:\/\/redsemlac.com\/semmexico\/wp-json\/wp\/v2\/posts\/26226","targetHints":{"allow":["GET"]}}],"collection":[{"href":"https:\/\/redsemlac.com\/semmexico\/wp-json\/wp\/v2\/posts"}],"about":[{"href":"https:\/\/redsemlac.com\/semmexico\/wp-json\/wp\/v2\/types\/post"}],"author":[{"embeddable":true,"href":"https:\/\/redsemlac.com\/semmexico\/wp-json\/wp\/v2\/users\/3"}],"replies":[{"embeddable":true,"href":"https:\/\/redsemlac.com\/semmexico\/wp-json\/wp\/v2\/comments?post=26226"}],"version-history":[{"count":0,"href":"https:\/\/redsemlac.com\/semmexico\/wp-json\/wp\/v2\/posts\/26226\/revisions"}],"wp:featuredmedia":[{"embeddable":true,"href":"https:\/\/redsemlac.com\/semmexico\/wp-json\/wp\/v2\/media\/18201"}],"wp:attachment":[{"href":"https:\/\/redsemlac.com\/semmexico\/wp-json\/wp\/v2\/media?parent=26226"}],"wp:term":[{"taxonomy":"category","embeddable":true,"href":"https:\/\/redsemlac.com\/semmexico\/wp-json\/wp\/v2\/categories?post=26226"},{"taxonomy":"post_tag","embeddable":true,"href":"https:\/\/redsemlac.com\/semmexico\/wp-json\/wp\/v2\/tags?post=26226"}],"curies":[{"name":"wp","href":"https:\/\/api.w.org\/{rel}","templated":true}]}}