{"id":2620,"date":"2018-05-15T22:37:42","date_gmt":"2018-05-15T22:37:42","guid":{"rendered":"https:\/\/redsemlac.com\/semmexico\/?p=2620"},"modified":"2023-07-21T14:31:07","modified_gmt":"2023-07-21T19:31:07","slug":"pasadas-de-buenas-significa-gordas-pero-si-les-digo-gordas-la-diputada-esa-de-morena-se-enoja-es-que-ademas-de-fea-es-agria","status":"publish","type":"post","link":"https:\/\/redsemlac.com\/semmexico\/pasadas-de-buenas-significa-gordas-pero-si-les-digo-gordas-la-diputada-esa-de-morena-se-enoja-es-que-ademas-de-fea-es-agria\/","title":{"rendered":"\u201cPasadas de buenas significa gordas, pero si les digo gordas, la Diputada esa de Morena, se enoja! es que adem\u00e1s de fea es agria\u201d"},"content":{"rendered":"\n<p class=\"wp-block-paragraph\"><a href=\"https:\/\/www.semmexico.com\/gallery-post.php?id=4824#\">Ana Alicia Osorio,<\/a><\/p>\n\n\n\n<p class=\"wp-block-paragraph\">SemM\u00e9xico, Veracruz, 15 de mayo del 2018.- Un candidato a la diputaci\u00f3n federal us\u00f3 dobles sentidos y albures para denostar a su opositora que compite por el mismo distrito 11 perteneciente a Coatzacoalcos, Veracruz.&nbsp;<br>Durante un debate en una instituci\u00f3n educativa, el candidato del Partido Acci\u00f3n Nacional, Partido de la Revoluci\u00f3n Democr\u00e1tica y Movimiento Ciudadano, Renato Tronco G\u00f3mez albure\u00f3 a la candidata Tania Cruz Santos (que compite por Morena, PT y PES).&nbsp;<br>El hecho caus\u00f3 risas entre el resto de los competidores por ese distrito y que se encontraban presentes, pero ha generado la indignaci\u00f3n de distintos actores pol\u00edticos.&nbsp;<br>En rueda de prensa las legisladoras locales por Morena denunciaron que ese tipo de expresiones no deber\u00edan ser permitidas ya que forman parte de la violencia pol\u00edtica.&nbsp;<br>\u201cVivimos en el \u00fanico estado que tiene dos Alertas de G\u00e9nero; una especialmente por violencia institucional, es decir, que son las instituciones p\u00fablicas las que est\u00e1n violentando a las veracruzanas\u201d, indic\u00f3 la diputada Guadalupe Osorno.&nbsp;<br>\u201cEste tipo de expresiones no deben ser permitidas y por lo tanto el Grupo Legislativo de Morena hace esta denuncia y expresa su total desaprobaci\u00f3n y nos solidarizamos con nuestra candidata Tania Cruz Santos\u201d, se\u00f1al\u00f3 la diputada local Roc\u00edo P\u00e9rez P\u00e9rez.&nbsp;<br>Esta no es la primera vez que sucede algo similar en Veracruz con los candidatos a diputados federales. Tan solo el 13 de abril pasado el aspirante por el Verde Ecologista por el distrito 16, Jos\u00e9 Abella Garc\u00eda, hizo un llamado a las mujeres refiri\u00e9ndose a ellas como \u201cgordas\u201d y \u201cfodongas\u201d en redes sociales por lo que Osorno realiz\u00f3 una declaraci\u00f3n p\u00fablica en que se\u00f1alaba que se trataba de una posible discriminaci\u00f3n y machismo.&nbsp;<br>La respuesta del candidato fue arremeter contra la legisladora con calificativos despectivos.&nbsp;<br>\u201cPasadas de buenas significa gordas, pero si les digo gordas, la Diputada esa de Morena, se enoja! es que adem\u00e1s de fea es agria\u201d, indic\u00f3 el aspirante a representante popular en su red social, donde adem\u00e1s coloca sus propuestas de campa\u00f1a.&nbsp;<br><br><\/p>\n","protected":false},"excerpt":{"rendered":"<p>Ana Alicia Osorio, SemM\u00e9xico, Veracruz, 15 de mayo del 2018.- Un candidato a la diputaci\u00f3n federal us\u00f3 dobles sentidos y albures para denostar a su opositora que compite por el mismo distrito 11 perteneciente a Coatzacoalcos, Veracruz.&nbsp;Durante un debate en una instituci\u00f3n educativa, el candidato del Partido Acci\u00f3n Nacional, Partido de la Revoluci\u00f3n Democr\u00e1tica y [&hellip;]<\/p>\n","protected":false},"author":3,"featured_media":2621,"comment_status":"open","ping_status":"open","sticky":false,"template":"","format":"standard","meta":{"_monsterinsights_skip_tracking":false,"footnotes":""},"categories":[689,33],"tags":[],"class_list":["post-2620","post","type-post","status-publish","format-standard","has-post-thumbnail","category-689","category-elecciones-2018"],"_links":{"self":[{"href":"https:\/\/redsemlac.com\/semmexico\/wp-json\/wp\/v2\/posts\/2620","targetHints":{"allow":["GET"]}}],"collection":[{"href":"https:\/\/redsemlac.com\/semmexico\/wp-json\/wp\/v2\/posts"}],"about":[{"href":"https:\/\/redsemlac.com\/semmexico\/wp-json\/wp\/v2\/types\/post"}],"author":[{"embeddable":true,"href":"https:\/\/redsemlac.com\/semmexico\/wp-json\/wp\/v2\/users\/3"}],"replies":[{"embeddable":true,"href":"https:\/\/redsemlac.com\/semmexico\/wp-json\/wp\/v2\/comments?post=2620"}],"version-history":[{"count":0,"href":"https:\/\/redsemlac.com\/semmexico\/wp-json\/wp\/v2\/posts\/2620\/revisions"}],"wp:featuredmedia":[{"embeddable":true,"href":"https:\/\/redsemlac.com\/semmexico\/wp-json\/wp\/v2\/media\/2621"}],"wp:attachment":[{"href":"https:\/\/redsemlac.com\/semmexico\/wp-json\/wp\/v2\/media?parent=2620"}],"wp:term":[{"taxonomy":"category","embeddable":true,"href":"https:\/\/redsemlac.com\/semmexico\/wp-json\/wp\/v2\/categories?post=2620"},{"taxonomy":"post_tag","embeddable":true,"href":"https:\/\/redsemlac.com\/semmexico\/wp-json\/wp\/v2\/tags?post=2620"}],"curies":[{"name":"wp","href":"https:\/\/api.w.org\/{rel}","templated":true}]}}