{"id":2617,"date":"2018-05-16T22:35:23","date_gmt":"2018-05-16T22:35:23","guid":{"rendered":"https:\/\/redsemlac.com\/semmexico\/?p=2617"},"modified":"2023-07-21T14:31:06","modified_gmt":"2023-07-21T19:31:06","slug":"no-buscaria-apoyar-otro-candidato","status":"publish","type":"post","link":"https:\/\/redsemlac.com\/semmexico\/no-buscaria-apoyar-otro-candidato\/","title":{"rendered":"No buscar\u00eda apoyar otro candidato"},"content":{"rendered":"\n<p class=\"wp-block-paragraph\"><a href=\"https:\/\/www.semmexico.com\/gallery-post.php?id=4832#\">Redacci\u00f3n<\/a><\/p>\n\n\n\n<p class=\"wp-block-paragraph\">SemM\u00e9xico. Cd. de M\u00e9xico .- 16 de mayo de 2018.- Esta ma\u00f1ana la candidata Margarita Zavala renunci\u00f3 a la candidatura independiente por la presidencia de M\u00e9xico.&nbsp;<br><br>El periodista Joaqu\u00edn L\u00f3pez D\u00f3riga lo dio a conocer a trav\u00e9s de un video de la ex candidata a trav\u00e9s de sus redes sociales.&nbsp;<br><br>Zavala se\u00f1al\u00f3 que declina por las condiciones desiguales en las que tiene que competir contra quienes son respaldados por partidos pol\u00edticos, a quienes se les designan tiempos oficiales en radio y televisi\u00f3n y presupuestos muchos m\u00e1s altos. Anteriormente, el equipo de Margarita hab\u00eda expresado ya que ten\u00edan problemas de financiamiento.&nbsp;<br><br>No obstante, Margarita aclar\u00f3 que no buscar\u00eda apoyar otro candidato, sino s\u00f3lo de bajarse de la contienda argumentando que los caminos que hoy se brindan a una candidatura por fuera de los partidos y sin recurrir al financiamiento p\u00fablico, est\u00e1n cerrados de facto.<br><br>As\u00ed, queda fuera la \u00fanica mujer en la contienda por la silla presidencial.&nbsp;<br><br>SEM\/gr<br><\/p>\n","protected":false},"excerpt":{"rendered":"<p>Redacci\u00f3n SemM\u00e9xico. Cd. de M\u00e9xico .- 16 de mayo de 2018.- Esta ma\u00f1ana la candidata Margarita Zavala renunci\u00f3 a la candidatura independiente por la presidencia de M\u00e9xico.&nbsp; El periodista Joaqu\u00edn L\u00f3pez D\u00f3riga lo dio a conocer a trav\u00e9s de un video de la ex candidata a trav\u00e9s de sus redes sociales.&nbsp; Zavala se\u00f1al\u00f3 que declina [&hellip;]<\/p>\n","protected":false},"author":3,"featured_media":2618,"comment_status":"open","ping_status":"open","sticky":false,"template":"","format":"standard","meta":{"_monsterinsights_skip_tracking":false,"footnotes":""},"categories":[689,33],"tags":[],"class_list":["post-2617","post","type-post","status-publish","format-standard","has-post-thumbnail","category-689","category-elecciones-2018"],"_links":{"self":[{"href":"https:\/\/redsemlac.com\/semmexico\/wp-json\/wp\/v2\/posts\/2617","targetHints":{"allow":["GET"]}}],"collection":[{"href":"https:\/\/redsemlac.com\/semmexico\/wp-json\/wp\/v2\/posts"}],"about":[{"href":"https:\/\/redsemlac.com\/semmexico\/wp-json\/wp\/v2\/types\/post"}],"author":[{"embeddable":true,"href":"https:\/\/redsemlac.com\/semmexico\/wp-json\/wp\/v2\/users\/3"}],"replies":[{"embeddable":true,"href":"https:\/\/redsemlac.com\/semmexico\/wp-json\/wp\/v2\/comments?post=2617"}],"version-history":[{"count":0,"href":"https:\/\/redsemlac.com\/semmexico\/wp-json\/wp\/v2\/posts\/2617\/revisions"}],"wp:featuredmedia":[{"embeddable":true,"href":"https:\/\/redsemlac.com\/semmexico\/wp-json\/wp\/v2\/media\/2618"}],"wp:attachment":[{"href":"https:\/\/redsemlac.com\/semmexico\/wp-json\/wp\/v2\/media?parent=2617"}],"wp:term":[{"taxonomy":"category","embeddable":true,"href":"https:\/\/redsemlac.com\/semmexico\/wp-json\/wp\/v2\/categories?post=2617"},{"taxonomy":"post_tag","embeddable":true,"href":"https:\/\/redsemlac.com\/semmexico\/wp-json\/wp\/v2\/tags?post=2617"}],"curies":[{"name":"wp","href":"https:\/\/api.w.org\/{rel}","templated":true}]}}