{"id":2608,"date":"2018-05-18T22:25:16","date_gmt":"2018-05-18T22:25:16","guid":{"rendered":"https:\/\/redsemlac.com\/semmexico\/?p=2608"},"modified":"2023-07-21T14:31:06","modified_gmt":"2023-07-21T19:31:06","slug":"en-abril-y-mayo-las-agresiones-se-incrementaron-en-un-61","status":"publish","type":"post","link":"https:\/\/redsemlac.com\/semmexico\/en-abril-y-mayo-las-agresiones-se-incrementaron-en-un-61\/","title":{"rendered":"En abril y mayo las agresiones se incrementaron en un 61 %"},"content":{"rendered":"\n<p class=\"wp-block-paragraph\"><a href=\"https:\/\/www.semmexico.com\/gallery-post.php?id=4854#\">Redacci\u00f3n<\/a><\/p>\n\n\n\n<p class=\"wp-block-paragraph\">SemM\u00e9xico, Cd. de M\u00e9xico, 18 mayo 2018.- Con 93 asesinatos de personas vinculadas directamente con el proceso electoral, el proceso electoral 2017-2018 ha sido uno de los m\u00e1s violentos en los \u00faltimos 10 a\u00f1os.<\/p>\n\n\n\n<p class=\"wp-block-paragraph\">As\u00ed lo se\u00f1ala en un pronunciamiento la Red de Redes por la Paridad Efectiva, integrada por mujeres de 15 estados de la Rep\u00fablica, insta al gobierno federal, los gobiernos locales, partidos pol\u00edticos e instancias de justicia electoral para que, desde el \u00e1mbito de sus atribuciones, impulsen y se comprometan a otorgar garant\u00edas de seguridad para los candidatos y candidatas y un entorno pac\u00edfico para que la ciudadan\u00eda acuda a las urnas sin temor.<\/p>\n\n\n\n<p class=\"wp-block-paragraph\">Los datos, tomados del Cuarto Informe de Violencia Pol\u00edtica en M\u00e9xico, elaborado por la consultora Etellekt asegura que ya suman 93 asesinatos de personas vinculadas directamente al proceso electoral.<\/p>\n\n\n\n<p class=\"wp-block-paragraph\">Ello hace de estos comicios del 1 de julio no solo los m\u00e1s grandes de la historia del pa\u00eds al elegir m\u00e1s de tres mil 400 cargos p\u00fablicos, sino tambi\u00e9n los m\u00e1s violentos.<\/p>\n\n\n\n<p class=\"wp-block-paragraph\">Tan solo del 8 de abril al 8 de mayo de este a\u00f1o, las agresiones aumentaron 61 por ciento, y hubo 15 asesinatos.<\/p>\n\n\n\n<p class=\"wp-block-paragraph\">La Red de Redes por la Paridad Efectiva invit\u00f3 tambi\u00e9n a la sociedad en general a que se solidarice en la exigencia de un proceso electoral libre de violencia.<\/p>\n\n\n\n<p class=\"wp-block-paragraph\">Quienes firmamos este pronunciamiento, refrendamos nuestro compromiso para trabajar a favor de los derechos humanos, y en este caso, por unas elecciones igualitarias, incluyentes y pac\u00edficas.<\/p>\n\n\n\n<p class=\"wp-block-paragraph\">Entre las firmantes est\u00e1n Elva Narc\u00eda Cancino (Glifos Comunicaciones A.C), Mar\u00eda del Carmen Alanis, Reyna Ram\u00edrez Santana (Red para el Avance Pol\u00edtico de las Mujeres Guerrerenses), X\u00f3chitl Flores Archila, Delia Estrada S\u00e1nchez, Aurora Garc\u00eda Luna (Hagamos Algo A.C. Veracruz), Paulina Mendoza Castillo (Investigaci\u00f3n, An\u00e1lisis y Propuestas en Derechos Humanos), Maribel Micelli (Colegio de Mujeres Profesionales de la Industria de la Construcci\u00f3n), Mar\u00eda Tanivet Ramos Reyes (Nuevas Estrategias de Comunicaci\u00f3n para la Igualdad, Oaxaca),&nbsp; Mujeres Construyendo Igualdad Hypatia A.C.<\/p>\n\n\n\n<p class=\"wp-block-paragraph\">As\u00ed como Felipa Neri S\u00e1nchez (periodista y catedr\u00e1tica universitaria, Tabasco), Adriana Guadalupe Rivero Garza (Secretaria de las Mujeres del estado de Zacatecas), Mar\u00eda Luisa Sosa de la Torre (Coordinaci\u00f3n Feminista Olimpia Gouges), Rebeca Maltos (directora de Gente Diversa BC y Coordinadora del Observatorio Electoral Ciudadano en Baja California), Karla Ortiz (integrante del Observatorio y la Red de Participaci\u00f3n Pol\u00edtica de las Mujeres en Veracruz), Anabel L\u00f3pez S\u00e1nchez (Colectivo por la Ciudadan\u00eda de las Mujeres A.C.), Mar\u00eda de Lourdes Concepci\u00f3n Salgado Mart\u00ednez (Integrante de Repare Chiapas), Ver\u00f3nica Corchado (defensora de los derechos de las mujeres, Ciudad Ju\u00e1rez, Chihuahua), Claudia Arlett Espino (defensora de derechos humanos de las mujeres, Chihuahua), Mar\u00eda ruz Garc\u00eda S\u00e1nchez (integrante del grupo por la paridad, Hidalgo)<\/p>\n\n\n\n<p class=\"wp-block-paragraph\">SEM\/sj<br><\/p>\n","protected":false},"excerpt":{"rendered":"<p>Redacci\u00f3n SemM\u00e9xico, Cd. de M\u00e9xico, 18 mayo 2018.- Con 93 asesinatos de personas vinculadas directamente con el proceso electoral, el proceso electoral 2017-2018 ha sido uno de los m\u00e1s violentos en los \u00faltimos 10 a\u00f1os. As\u00ed lo se\u00f1ala en un pronunciamiento la Red de Redes por la Paridad Efectiva, integrada por mujeres de 15 estados [&hellip;]<\/p>\n","protected":false},"author":3,"featured_media":2609,"comment_status":"open","ping_status":"open","sticky":false,"template":"","format":"standard","meta":{"_monsterinsights_skip_tracking":false,"footnotes":""},"categories":[689,33],"tags":[],"class_list":["post-2608","post","type-post","status-publish","format-standard","has-post-thumbnail","category-689","category-elecciones-2018"],"_links":{"self":[{"href":"https:\/\/redsemlac.com\/semmexico\/wp-json\/wp\/v2\/posts\/2608","targetHints":{"allow":["GET"]}}],"collection":[{"href":"https:\/\/redsemlac.com\/semmexico\/wp-json\/wp\/v2\/posts"}],"about":[{"href":"https:\/\/redsemlac.com\/semmexico\/wp-json\/wp\/v2\/types\/post"}],"author":[{"embeddable":true,"href":"https:\/\/redsemlac.com\/semmexico\/wp-json\/wp\/v2\/users\/3"}],"replies":[{"embeddable":true,"href":"https:\/\/redsemlac.com\/semmexico\/wp-json\/wp\/v2\/comments?post=2608"}],"version-history":[{"count":0,"href":"https:\/\/redsemlac.com\/semmexico\/wp-json\/wp\/v2\/posts\/2608\/revisions"}],"wp:featuredmedia":[{"embeddable":true,"href":"https:\/\/redsemlac.com\/semmexico\/wp-json\/wp\/v2\/media\/2609"}],"wp:attachment":[{"href":"https:\/\/redsemlac.com\/semmexico\/wp-json\/wp\/v2\/media?parent=2608"}],"wp:term":[{"taxonomy":"category","embeddable":true,"href":"https:\/\/redsemlac.com\/semmexico\/wp-json\/wp\/v2\/categories?post=2608"},{"taxonomy":"post_tag","embeddable":true,"href":"https:\/\/redsemlac.com\/semmexico\/wp-json\/wp\/v2\/tags?post=2608"}],"curies":[{"name":"wp","href":"https:\/\/api.w.org\/{rel}","templated":true}]}}