{"id":26076,"date":"2020-09-25T18:10:00","date_gmt":"2020-09-25T18:10:00","guid":{"rendered":"https:\/\/redsemlac.com\/semmexico\/?p=26076"},"modified":"2023-07-21T16:31:41","modified_gmt":"2023-07-21T21:31:41","slug":"oaxaca-223","status":"publish","type":"post","link":"https:\/\/redsemlac.com\/semmexico\/oaxaca-223\/","title":{"rendered":"Lanzan stickers a favor del derecho a decidir"},"content":{"rendered":"\n<p class=\"wp-block-paragraph\"><strong>Redacci\u00f3n&nbsp;<\/strong><\/p>\n\n\n\n<p class=\"wp-block-paragraph\">SemM\u00e9xico. Oaxaca. 25 de septiembre de 2020.- En marco del primer aniversario de la despenalizaci\u00f3n del aborto en Oaxaca se realiza la campa\u00f1a&nbsp;<strong>Acceso Real al Aborto Legal<\/strong>, que en esta ocasi\u00f3n lanza mensajes en formas de stickers para aplicaciones de comunicaci\u00f3n instant\u00e1nea.<\/p>\n\n\n\n<p class=\"wp-block-paragraph\">La organizaci\u00f3n feminista hace un llamado a la sociedad a conmemorar esta fecha hist\u00f3rica en el avance por la autonom\u00eda y el derecho de las mujeres a decidir sobre su cuerpo, as\u00ed como a hacer uso del paquete de stickers que est\u00e1 disponible para WhastApp y Telegram a trav\u00e9s de las siguientes ligas:\u00a0<\/p>\n\n\n\n<p class=\"wp-block-paragraph\"><strong>Grupo de difusi\u00f3n de WhatsApp<\/strong><\/p>\n\n\n\n<p class=\"wp-block-paragraph\"><a href=\"https:\/\/chat.whatsapp.com\/ClwfGcx634J8VMT7fXFjss\">https:\/\/chat.whatsapp.com\/ClwfGcx634J8VMT7fXFjss<\/a><\/p>\n\n\n\n<p class=\"wp-block-paragraph\"><strong>Canal de difusi\u00f3n en Telegram<\/strong><\/p>\n\n\n\n<p class=\"wp-block-paragraph\"><a href=\"https:\/\/t.me\/conoax\">https:\/\/t.me\/conoax<\/a><\/p>\n\n\n\n<p class=\"wp-block-paragraph\">La campa\u00f1a&nbsp;<strong>Acceso real al aborto legal<\/strong>&nbsp;tambi\u00e9n forma parte de las actividades en el marco del 28 de Septiembre, D\u00eda de Acci\u00f3n Global por un Aborto Legal y Seguro que se conmemora desde 1990, y tiene como objetivo&nbsp;informar a las mujeres que el acceso al aborto es un derecho que ya pueden ejercer, tambi\u00e9n busca exigir a las autoridades de salud condiciones seguras para la aplicaci\u00f3n real de la interrupci\u00f3n legal en el estado.<\/p>\n\n\n\n<p class=\"wp-block-paragraph\">#AccesoRealAlAbortoLegal<\/p>\n\n\n\n<p class=\"wp-block-paragraph\">#YoDecido<\/p>\n\n\n\n<p class=\"wp-block-paragraph\">#28SOaxaca<\/p>\n","protected":false},"excerpt":{"rendered":"<p>En marco del primer aniversario de la despenalizaci\u00f3n del aborto en Oaxaca se realiza la campa\u00f1a Acceso Real al Aborto Legal, que en esta ocasi\u00f3n lanza mensajes en formas de stickers<\/p>\n","protected":false},"author":3,"featured_media":26077,"comment_status":"open","ping_status":"open","sticky":false,"template":"","format":"standard","meta":{"_monsterinsights_skip_tracking":false,"footnotes":""},"categories":[691,54],"tags":[],"class_list":["post-26076","post","type-post","status-publish","format-standard","has-post-thumbnail","category-691","category-mujeres"],"_links":{"self":[{"href":"https:\/\/redsemlac.com\/semmexico\/wp-json\/wp\/v2\/posts\/26076","targetHints":{"allow":["GET"]}}],"collection":[{"href":"https:\/\/redsemlac.com\/semmexico\/wp-json\/wp\/v2\/posts"}],"about":[{"href":"https:\/\/redsemlac.com\/semmexico\/wp-json\/wp\/v2\/types\/post"}],"author":[{"embeddable":true,"href":"https:\/\/redsemlac.com\/semmexico\/wp-json\/wp\/v2\/users\/3"}],"replies":[{"embeddable":true,"href":"https:\/\/redsemlac.com\/semmexico\/wp-json\/wp\/v2\/comments?post=26076"}],"version-history":[{"count":0,"href":"https:\/\/redsemlac.com\/semmexico\/wp-json\/wp\/v2\/posts\/26076\/revisions"}],"wp:featuredmedia":[{"embeddable":true,"href":"https:\/\/redsemlac.com\/semmexico\/wp-json\/wp\/v2\/media\/26077"}],"wp:attachment":[{"href":"https:\/\/redsemlac.com\/semmexico\/wp-json\/wp\/v2\/media?parent=26076"}],"wp:term":[{"taxonomy":"category","embeddable":true,"href":"https:\/\/redsemlac.com\/semmexico\/wp-json\/wp\/v2\/categories?post=26076"},{"taxonomy":"post_tag","embeddable":true,"href":"https:\/\/redsemlac.com\/semmexico\/wp-json\/wp\/v2\/tags?post=26076"}],"curies":[{"name":"wp","href":"https:\/\/api.w.org\/{rel}","templated":true}]}}