{"id":26073,"date":"2020-09-25T18:07:21","date_gmt":"2020-09-25T18:07:21","guid":{"rendered":"https:\/\/redsemlac.com\/semmexico\/?p=26073"},"modified":"2023-07-21T16:31:41","modified_gmt":"2023-07-21T21:31:41","slug":"elecciones-2021-el-reto-para-el-ine-abordar-agenda-indigena-y-afro-ampliar-los-espacios-de-representacion","status":"publish","type":"post","link":"https:\/\/redsemlac.com\/semmexico\/elecciones-2021-el-reto-para-el-ine-abordar-agenda-indigena-y-afro-ampliar-los-espacios-de-representacion\/","title":{"rendered":"Elecciones 2021: el reto para el INE, abordar agenda ind\u00edgena y afro; ampliar los espacios de representaci\u00f3n"},"content":{"rendered":"\n<ul class=\"wp-block-list\"><li><strong>Invisibilidad de ind\u00edgenas y afro produce discriminaci\u00f3n, maltrato e injusticia: Lorenzo C\u00f3rdova<\/strong><\/li><li><strong>Inaugura Sesi\u00f3n del Observatorio de Participaci\u00f3n Pol\u00edtica de las Mujeres en M\u00e9xico y se anuncia un \u00edndice de paridad y liderazgo femenino<\/strong><\/li><li><strong>La participaci\u00f3n efectiva de mujeres ind\u00edgenas&nbsp; es un reto para la elecci\u00f3n: Carla Humphrey<\/strong><\/li><\/ul>\n\n\n\n<p class=\"wp-block-paragraph\"><strong>Argelia Guevara<\/strong><\/p>\n\n\n\n<p class=\"wp-block-paragraph\">SemM\u00e9xico. Cd. de M\u00e9xico. 25 de septiembre de 2020.- El mayor desaf\u00edo que enfrenta el Proceso Electoral Federal 2020-2021 y los 32 Locales es el contexto social de pobreza, desigualdad, feminicidios y agresiones contra las mujeres, intolerancia a la cr\u00edtica, el descontento y los efectos disruptivos de la pandemia, asegur\u00f3 el Presidente del Instituto Nacional Electoral (INE), Lorenzo C\u00f3rdova Vianello.&nbsp;<\/p>\n\n\n\n<p class=\"wp-block-paragraph\">Toc\u00f3 inaugurar la XVI Sesi\u00f3n del Observatorio de Participaci\u00f3n Pol\u00edtica de las Mujeres en M\u00e9xico,&nbsp; ah\u00ed reiter\u00f3 que el pr\u00f3ximo a\u00f1o no se pondr\u00e1 a prueba el modelo electoral ni la capacidad t\u00e9cnica del INE o de las instituciones electorales a nivel federal o local, sino la capacidad de refrendar nuestra democracia.<\/p>\n\n\n\n<p class=\"wp-block-paragraph\">La sesi\u00f3n del Observatorio estuvo dirigida a analizar c\u00f3mo se han venido incorporando a los procesos electorales y a la representaci\u00f3n, los pueblos ind\u00edgenas y afro mexicanos y espec\u00edficamente la participaci\u00f3n paritaria. Lorenzo C\u00f3rdova Vianello advirti\u00f3 que la invisibilidad de un sector de la poblaci\u00f3n o una comunidad, abre la puerta a la discriminaci\u00f3n, al maltrato y a la ausencia en la impartici\u00f3n de la justicia, lo que no tiene cabida en la democracia<\/p>\n\n\n\n<p class=\"wp-block-paragraph\">Ah\u00ed la Consejera Carla Humphrey, Responsable de la Comisi\u00f3n de Igualdad del INE se\u00f1al\u00f3 que entre los retos que enfrenta el INE para los pr\u00f3ximos comicios es abordar la agenda ind\u00edgena y afromexicana, propuso aumentar el n\u00famero de distritos donde debe haber cuota ind\u00edgena y ampliar esta medida afirmativa a otros espacios de representaci\u00f3n. Hoy solamente 28 distritos electorales en el pa\u00eds participan con candidaturas ind\u00edgenas.<\/p>\n\n\n\n<p class=\"wp-block-paragraph\">La consejera Humphey dijo que ser\u00e1 necesario todav\u00eda&nbsp; crear afirmaciones espec\u00edficas para las mujeres ind\u00edgenas y afromexicana&nbsp; y&nbsp; acompa\u00f1ar desde el Observatorio la creaci\u00f3n de un \u00edndice de paridad pol\u00edtica en el \u00e1mbito local, violencia pol\u00edtica, igualdad sustantiva, as\u00ed como sobre liderazgo pol\u00edtico.<\/p>\n\n\n\n<p class=\"wp-block-paragraph\">Lorenzo C\u00f3rdova destac\u00f3 que, de cara al proceso electoral y a los desaf\u00edos que se enfrentan, se consolide la f\u00f3rmula mexicana de impulso a la paridad y no se caiga en falsos dilemas con figuras novedosas como la reelecci\u00f3n.<\/p>\n\n\n\n<p class=\"wp-block-paragraph\">Y dijo que es necesario dar especial atenci\u00f3n a la renovaci\u00f3n de ayuntamientos para lograr una paridad efectiva y consolidar el mecanismo de cuotas de representaci\u00f3n para comunidades ind\u00edgenas.<\/p>\n\n\n\n<p class=\"wp-block-paragraph\">En este \u00faltimo punto, C\u00f3rdova Vianello destac\u00f3 la importancia de colocar sobre la mesa la problem\u00e1tica que enfrentan las comunidades y pueblos ind\u00edgenas, para garantizar su inclusi\u00f3n y participaci\u00f3n efectiva en la vida p\u00fablica del pa\u00eds.<\/p>\n\n\n\n<p class=\"wp-block-paragraph\">Ante quienes integran el Observatorio, rememor\u00f3 los avances que se han alcanzado en seis a\u00f1os para hacer visible, con un enfoque multidisciplinario, aspectos como la violencia contra las mujeres en la pol\u00edtica y en las elecciones, as\u00ed como las condiciones de vulnerabilidad que prevalecen en otros sectores.<\/p>\n\n\n\n<p class=\"wp-block-paragraph\">En este sentido, enfatiz\u00f3 la importancia de que el Observatorio aborde la problem\u00e1tica que enfrentan las comunidades y pueblos, en especial cuando m\u00e1s de 12 millones de personas se reconocen como ind\u00edgenas y el 40% de personas mayores de 12 a\u00f1os dicen haber sido discriminadas por su condici\u00f3n de ind\u00edgenas.<\/p>\n\n\n\n<p class=\"wp-block-paragraph\">Para el caso de las comunidades afromexicanas, a\u00f1adi\u00f3, la discriminaci\u00f3n que enfrentan se agrava a\u00fan m\u00e1s, ya que uno de cada seis, son analfabetas. Por ello no es suficiente que por ley haya inclusi\u00f3n e igualdad de derechos, porque no se trata solamente que el sufragio sea universal.<\/p>\n\n\n\n<p class=\"wp-block-paragraph\">Explic\u00f3 mirar bien que el voto valga lo mismo en las urnas, se trata de que la opini\u00f3n de las minor\u00edas \u2013 como es el caso de las comunidades originarias- sea escuchada y valorada en los espacios de representaci\u00f3n y que sus demandas se incluyan en la emisi\u00f3n de leyes, dise\u00f1os de pol\u00edticas p\u00fablicas y en el establecimiento de los presupuestos institucionales, agreg\u00f3.<\/p>\n\n\n\n<p class=\"wp-block-paragraph\">&nbsp;\u201cLos pueblos ind\u00edgenas y afromexicanos son sujetos de derecho p\u00fablico, fundamentales en el actual proceso de transformaci\u00f3n nacional y la renovaci\u00f3n de la vida p\u00fablica, porque son nuestra ra\u00edz y origen\u201d, manifest\u00f3.<\/p>\n\n\n\n<p class=\"wp-block-paragraph\"><strong>Importante la creaci\u00f3n de un \u00edndice de paridad pol\u00edtica<\/strong><\/p>\n\n\n\n<p class=\"wp-block-paragraph\">La presidenta del Instituto Nacional de las Mujeres, Nadine Gasman, asegur\u00f3 que el trabajo que ha desarrollado este mecanismo en favor de las mujeres ha motivado cambios significativos en la manera en que las mujeres y hombres participan en el espacio p\u00fablico y pol\u00edtico.<\/p>\n\n\n\n<p class=\"wp-block-paragraph\">La Magistrada del Tribunal Electoral del Poder Judicial de la Federaci\u00f3n (TEPJF), M\u00f3nica Soto Fregoso, destac\u00f3 que a\u00fan se mantiene el reto de que las sentencias que se emiten cambien la vida de las mujeres en acciones vivas y concretas que favorezcan sus derechos.<\/p>\n\n\n\n<p class=\"wp-block-paragraph\">Participaron consejeras locales, mujeres de la sociedad civil y funcionarias de Inmujeres.<\/p>\n","protected":false},"excerpt":{"rendered":"<p>Invisibilidad de ind\u00edgenas y afro produce discriminaci\u00f3n, maltrato e injusticia: Lorenzo C\u00f3rdova<\/p>\n","protected":false},"author":3,"featured_media":26074,"comment_status":"open","ping_status":"open","sticky":false,"template":"","format":"standard","meta":{"_monsterinsights_skip_tracking":false,"footnotes":""},"categories":[691,141],"tags":[],"class_list":["post-26073","post","type-post","status-publish","format-standard","has-post-thumbnail","category-691","category-elecciones-2020-2021"],"_links":{"self":[{"href":"https:\/\/redsemlac.com\/semmexico\/wp-json\/wp\/v2\/posts\/26073","targetHints":{"allow":["GET"]}}],"collection":[{"href":"https:\/\/redsemlac.com\/semmexico\/wp-json\/wp\/v2\/posts"}],"about":[{"href":"https:\/\/redsemlac.com\/semmexico\/wp-json\/wp\/v2\/types\/post"}],"author":[{"embeddable":true,"href":"https:\/\/redsemlac.com\/semmexico\/wp-json\/wp\/v2\/users\/3"}],"replies":[{"embeddable":true,"href":"https:\/\/redsemlac.com\/semmexico\/wp-json\/wp\/v2\/comments?post=26073"}],"version-history":[{"count":0,"href":"https:\/\/redsemlac.com\/semmexico\/wp-json\/wp\/v2\/posts\/26073\/revisions"}],"wp:featuredmedia":[{"embeddable":true,"href":"https:\/\/redsemlac.com\/semmexico\/wp-json\/wp\/v2\/media\/26074"}],"wp:attachment":[{"href":"https:\/\/redsemlac.com\/semmexico\/wp-json\/wp\/v2\/media?parent=26073"}],"wp:term":[{"taxonomy":"category","embeddable":true,"href":"https:\/\/redsemlac.com\/semmexico\/wp-json\/wp\/v2\/categories?post=26073"},{"taxonomy":"post_tag","embeddable":true,"href":"https:\/\/redsemlac.com\/semmexico\/wp-json\/wp\/v2\/tags?post=26073"}],"curies":[{"name":"wp","href":"https:\/\/api.w.org\/{rel}","templated":true}]}}