{"id":26068,"date":"2020-09-25T17:49:51","date_gmt":"2020-09-25T17:49:51","guid":{"rendered":"https:\/\/redsemlac.com\/semmexico\/?p=26068"},"modified":"2023-07-21T16:31:41","modified_gmt":"2023-07-21T21:31:41","slug":"discriminacion","status":"publish","type":"post","link":"https:\/\/redsemlac.com\/semmexico\/discriminacion\/","title":{"rendered":"Una mujer es rechazada en la SS por su orientaci\u00f3n sexual"},"content":{"rendered":"\n<p class=\"wp-block-paragraph\"><strong>* Patricia Mercado Castro presenta punto de acuerdo que evite discriminaci\u00f3n en contra de personas aspirantes a donantes de sangre<\/strong><\/p>\n\n\n\n<p class=\"wp-block-paragraph\"><strong>*Impiden que el proceso de donaci\u00f3n de sangre se realice por parte de personas integrantes de la comunidad LGBTTTIQA<\/strong><\/p>\n\n\n\n<p class=\"wp-block-paragraph\"><strong>* El prejuicio de promiscuidad a personas no heterosexuales es un proceso discriminatorio doloroso<\/strong><\/p>\n\n\n\n<p class=\"wp-block-paragraph\"><strong>Redacci\u00f3n<\/strong><\/p>\n\n\n\n<p class=\"wp-block-paragraph\">SemM\u00e9xico. Cd. de M\u00e9xico. 25 de septiembre de 2020.- La senadora Patricia Mercado Castro&nbsp; present\u00f3 un punto de acuerdo por el que exhorta a la Secretar\u00eda de Salud SS para que, a trav\u00e9s de las instituciones que integran el Sistema Nacional de Salud, eliminen y prevengan cualquier tipo de discriminaci\u00f3n en contra de las personas aspirantes a donantes de sangre.<\/p>\n\n\n\n<p class=\"wp-block-paragraph\">Explic\u00f3 que esto es&nbsp; en estricto apego a la Norma Oficial Mexicana NOM-253-SSA1-2012. Asimismo, exhort\u00f3 al Consejo Nacional para Prevenir la Discriminaci\u00f3n (Conapred), a fin de que d\u00e9 seguimiento a los casos de discriminaci\u00f3n en contra de las personas aspirantes a donantes de sangre, y promueva la eliminaci\u00f3n y prevenci\u00f3n de discriminaci\u00f3n de cualquier \u00edndole en contra de ellas.<\/p>\n\n\n\n<p class=\"wp-block-paragraph\">La legisladora refiri\u00f3 que de acuerdo con el Centro Nacional de la Transfusi\u00f3n Sangu\u00ednea, a causa de la pandemia la donaci\u00f3n altruista en M\u00e9xico se redujo del 63% al 85% en los meses de abril y mayo de este a\u00f1o, en comparaci\u00f3n con las mismas fechas de 2019. \u201cLo anterior ha obligado a las autoridades de nuestro pa\u00eds a implementar la \u2018Estrategia para el Abastecimiento de Sangre Segura durante el brote de COVID-19\u2019, a fin de alentar la donaci\u00f3n voluntaria de sangre\u201d, expuso.<\/p>\n\n\n\n<p class=\"wp-block-paragraph\">Sin embargo, la legisladora se\u00f1al\u00f3 que ciudadanos y ciudadanas han dado a conocer que en distintas instituciones de salud persisten pr\u00e1cticas discriminatorias que impiden que el proceso de donaci\u00f3n de sangre se realice por parte de personas integrantes de la comunidad LGBTTTIQA, en tanto que derivado de prejuicios, se les excluye como aspirantes a ser donantes, tal como lo afirman integrantes del colectivo \u201cMi sangre tambi\u00e9n cura\u201d.<\/p>\n\n\n\n<p class=\"wp-block-paragraph\">Patricia Mercado Castro narr\u00f3 el caso de Gabriela Albo, quien acudi\u00f3 el pasado 5 de junio al Hospital General de M\u00e9xico a realizar una donaci\u00f3n de sangre en apoyo a un familiar con C\u00e1ncer y fue discriminada a causa de su orientaci\u00f3n sexual. \u201cHe presentado este punto de acuerdo para que se evite esta discriminaci\u00f3n, porque hay muchas personas que necesitan sangre y realmente este prejuicio de promiscuidad, \u201cporque no soy heterosexual\u201d, es un proceso discriminatorio doloroso\u201d, concluy\u00f3.<\/p>\n","protected":false},"excerpt":{"rendered":"<p>Impiden que el proceso de donaci\u00f3n de sangre se realice por parte de personas integrantes de la comunidad LGBTTTIQA <\/p>\n","protected":false},"author":3,"featured_media":11391,"comment_status":"open","ping_status":"open","sticky":false,"template":"","format":"standard","meta":{"_monsterinsights_skip_tracking":false,"footnotes":""},"categories":[691,50],"tags":[],"class_list":["post-26068","post","type-post","status-publish","format-standard","has-post-thumbnail","category-691","category-congreso"],"_links":{"self":[{"href":"https:\/\/redsemlac.com\/semmexico\/wp-json\/wp\/v2\/posts\/26068","targetHints":{"allow":["GET"]}}],"collection":[{"href":"https:\/\/redsemlac.com\/semmexico\/wp-json\/wp\/v2\/posts"}],"about":[{"href":"https:\/\/redsemlac.com\/semmexico\/wp-json\/wp\/v2\/types\/post"}],"author":[{"embeddable":true,"href":"https:\/\/redsemlac.com\/semmexico\/wp-json\/wp\/v2\/users\/3"}],"replies":[{"embeddable":true,"href":"https:\/\/redsemlac.com\/semmexico\/wp-json\/wp\/v2\/comments?post=26068"}],"version-history":[{"count":0,"href":"https:\/\/redsemlac.com\/semmexico\/wp-json\/wp\/v2\/posts\/26068\/revisions"}],"wp:featuredmedia":[{"embeddable":true,"href":"https:\/\/redsemlac.com\/semmexico\/wp-json\/wp\/v2\/media\/11391"}],"wp:attachment":[{"href":"https:\/\/redsemlac.com\/semmexico\/wp-json\/wp\/v2\/media?parent=26068"}],"wp:term":[{"taxonomy":"category","embeddable":true,"href":"https:\/\/redsemlac.com\/semmexico\/wp-json\/wp\/v2\/categories?post=26068"},{"taxonomy":"post_tag","embeddable":true,"href":"https:\/\/redsemlac.com\/semmexico\/wp-json\/wp\/v2\/tags?post=26068"}],"curies":[{"name":"wp","href":"https:\/\/api.w.org\/{rel}","templated":true}]}}