{"id":26066,"date":"2020-09-25T17:47:05","date_gmt":"2020-09-25T17:47:05","guid":{"rendered":"https:\/\/redsemlac.com\/semmexico\/?p=26066"},"modified":"2023-07-21T16:31:41","modified_gmt":"2023-07-21T21:31:41","slug":"avances-en-la-perspectiva-de-genero-en-jalisco-en-materia-de-derechos-politicos-de-las-mujeres","status":"publish","type":"post","link":"https:\/\/redsemlac.com\/semmexico\/avances-en-la-perspectiva-de-genero-en-jalisco-en-materia-de-derechos-politicos-de-las-mujeres\/","title":{"rendered":"Avances en la perspectiva de G\u00e9nero en Jalisco en materia de Derechos Pol\u00edticos de las Mujeres"},"content":{"rendered":"\n<p class=\"wp-block-paragraph\"><strong>Lupita Ramos Ponce\u00a0<\/strong><\/p>\n\n\n\n<p class=\"wp-block-paragraph\">SemM\u00e9xico. Jalisco. 25 de septiembre de 2020.- Esta semana se acaban de aprobar los lineamientos que establecen las medidas afirmativas en materia de paridad de g\u00e9nero y j\u00f3venes en la postulaci\u00f3n de candidaturas a diputaciones por los principios de mayor\u00eda relativa y representaci\u00f3n proporcional. Tambi\u00e9n se aprobaron los lineamientos que establecen las medidas afirmativas en materia de paridad de g\u00e9nero, j\u00f3venes e ind\u00edgenas en la postulaci\u00f3n de candidaturas a cargos de presidencias municipales, regidur\u00edas y sindicaturas en el estado de Jalisco para el proceso electoral 2021.<\/p>\n\n\n\n<p class=\"wp-block-paragraph\">Entre otras cuestiones, los lineamientos establecen los criterios de observancia que los partidos pol\u00edticos deben seguir para cumplir con la paridad horizontal, vertical y el bloque de poblaci\u00f3n, adem\u00e1s de la postulaci\u00f3n ind\u00edgena y ciudadana o ciudadano de 35 a\u00f1os o menor.&nbsp;<\/p>\n\n\n\n<p class=\"wp-block-paragraph\">Los lineamientos se\u00f1alan tambi\u00e9n que las solicitudes de registro de candidaturas a mun\u00edcipes deber\u00e1n presentarse en formulas de propietarios y suplentes, cuando quien encabeza la candidatura propietaria sea de g\u00e9nero masculino, su suplente podr\u00e1 ser de cualquier genero, pero si la propietaria fuera de g\u00e9nero femenino, su suplente deber\u00e1 ser del mismo g\u00e9nero.&nbsp;<\/p>\n\n\n\n<p class=\"wp-block-paragraph\">Las coaliciones deben cumplir el mandato de paridad y la inclusi\u00f3n de j\u00f3venes e ind\u00edgenas.&nbsp;<\/p>\n\n\n\n<p class=\"wp-block-paragraph\">Para garantizar la paridad horizontal y vertical en todos los municipios y evitar que se asigne a un g\u00e9nero los municipios de mayor votaci\u00f3n, se dise\u00f1ara un sistema de bloques que considera dos criterios: 1. Bloque de municipios con criterio de poblaci\u00f3n mayor. Integrado con los municipios de poblaci\u00f3n de mas de cien mil habitantes y 2. Bloques de municipios con criterio de competitividad electoral: Un bloque de municipios con alto porcentaje de votaci\u00f3n valida, un bloque con porcentaje medio de votaci\u00f3n valida y un bloque con bajo porcentaje de votaci\u00f3n v\u00e1lida.&nbsp;<\/p>\n\n\n\n<p class=\"wp-block-paragraph\">En los municipios mayoritariamente ind\u00edgenas donde se postulen dos o m\u00e1s representantes de comunidades ind\u00edgenas, deber\u00e1 observarse la paridad de g\u00e9nero.&nbsp;<\/p>\n\n\n\n<p class=\"wp-block-paragraph\">En las planillas de candidaturas a mun\u00edcipes presentadas por los partidos pol\u00edticos, coaliciones y candidaturas independientes, deber\u00e1n postular por lo menos una f\u00f3rmula ciudadana y\/o ciudadano de 35 a\u00f1os o menor, misma que se ubicar\u00e1 dentro de los primeros cuatro lugares de la planilla.&nbsp;<\/p>\n\n\n\n<p class=\"wp-block-paragraph\">En el caso de las diputaciones, los partidos pol\u00edticos deber\u00e1n observar los criterios en los lineamientos para determinar su m\u00e9todo o m\u00e9todos internos que ser\u00e1n utilizados para la selecci\u00f3n de sus candidatas y candidatos a cargos de elecci\u00f3n popular a fin de garantizar la paridad vertical, horizontal y transversal, as\u00ed como las acciones afirmativas para j\u00f3venes.&nbsp;<\/p>\n\n\n\n<p class=\"wp-block-paragraph\">El total de solicitudes de registro de candidaturas a diputaciones por los principios de mayor\u00eda relativa y representaci\u00f3n proporcional, deber\u00e1n integrarse de manera paritaria entre los g\u00e9neros, cuando el n\u00famero de candidaturas sea impar, la mayor\u00eda deber\u00e1 corresponder al g\u00e9nero femenino. En las f\u00f3rmulas a diputaciones de mayor\u00eda relativa cuando quien encabeza la candidatura propietaria sea de g\u00e9nero masculino, su suplente podr\u00e1 ser de cualquier g\u00e9nero pero si la propietaria fuera mujer, su suplente tambi\u00e9n deber\u00e1 ser mujer.&nbsp;<\/p>\n\n\n\n<p class=\"wp-block-paragraph\">Estos y el resto de lineamientos establecidos por el Instituto Electoral y de Participaci\u00f3n Ciudadana del estado de Jalisco, son progresistas y de avanzada, como progresista result\u00f3 la Resoluci\u00f3n del Tribunal Federal Electoral que confirm\u00f3 el d\u00eda de ayer por mayor\u00eda de dos, la sentencia en que se aplica la perspectiva de g\u00e9nero para sancionar la violencia pol\u00edtica ejercida por el alcalde de Zapotlanejo en contra de una Regidora en una sesi\u00f3n de Cabildo.&nbsp;<\/p>\n\n\n\n<p class=\"wp-block-paragraph\">Bienvenidos los nuevos aires de democracia paritaria y con perspectiva de g\u00e9nero que soplar\u00e1n en las pr\u00f3ximas elecciones en Jalisco.&nbsp;<\/p>\n\n\n\n<p class=\"wp-block-paragraph\"><a href=\"http:\/\/medium.com\/dra-lupitaramos\" target=\"_blank\" rel=\"noreferrer noopener\">medium.com\/dra-lupitaramos<\/a><\/p>\n\n\n\n<p class=\"wp-block-paragraph\">\u00a0@dralupitaramosp<\/p>\n","protected":false},"excerpt":{"rendered":"<p>Las coaliciones deben cumplir el mandato de paridad y la inclusi\u00f3n de j\u00f3venes e ind\u00edgenas. <\/p>\n","protected":false},"author":3,"featured_media":8967,"comment_status":"open","ping_status":"open","sticky":false,"template":"","format":"standard","meta":{"_monsterinsights_skip_tracking":false,"footnotes":""},"categories":[691,104,91,35],"tags":[],"class_list":["post-26066","post","type-post","status-publish","format-standard","has-post-thumbnail","category-691","category-coordenada","category-lupita-ramos-ponce","category-opinion"],"_links":{"self":[{"href":"https:\/\/redsemlac.com\/semmexico\/wp-json\/wp\/v2\/posts\/26066","targetHints":{"allow":["GET"]}}],"collection":[{"href":"https:\/\/redsemlac.com\/semmexico\/wp-json\/wp\/v2\/posts"}],"about":[{"href":"https:\/\/redsemlac.com\/semmexico\/wp-json\/wp\/v2\/types\/post"}],"author":[{"embeddable":true,"href":"https:\/\/redsemlac.com\/semmexico\/wp-json\/wp\/v2\/users\/3"}],"replies":[{"embeddable":true,"href":"https:\/\/redsemlac.com\/semmexico\/wp-json\/wp\/v2\/comments?post=26066"}],"version-history":[{"count":0,"href":"https:\/\/redsemlac.com\/semmexico\/wp-json\/wp\/v2\/posts\/26066\/revisions"}],"wp:featuredmedia":[{"embeddable":true,"href":"https:\/\/redsemlac.com\/semmexico\/wp-json\/wp\/v2\/media\/8967"}],"wp:attachment":[{"href":"https:\/\/redsemlac.com\/semmexico\/wp-json\/wp\/v2\/media?parent=26066"}],"wp:term":[{"taxonomy":"category","embeddable":true,"href":"https:\/\/redsemlac.com\/semmexico\/wp-json\/wp\/v2\/categories?post=26066"},{"taxonomy":"post_tag","embeddable":true,"href":"https:\/\/redsemlac.com\/semmexico\/wp-json\/wp\/v2\/tags?post=26066"}],"curies":[{"name":"wp","href":"https:\/\/api.w.org\/{rel}","templated":true}]}}