{"id":26053,"date":"2020-09-25T00:08:27","date_gmt":"2020-09-25T00:08:27","guid":{"rendered":"https:\/\/redsemlac.com\/semmexico\/?p=26053"},"modified":"2023-07-21T16:31:42","modified_gmt":"2023-07-21T21:31:42","slug":"acciones-de-justicia-por-violencia-en-la-cdmx-y-en-sonora","status":"publish","type":"post","link":"https:\/\/redsemlac.com\/semmexico\/acciones-de-justicia-por-violencia-en-la-cdmx-y-en-sonora\/","title":{"rendered":"Acciones de justicia por violencia en la CDMX y en Sonora"},"content":{"rendered":"\n<ul class=\"wp-block-list\"><li>En un caso se vincula a proceso por probable feminicidio en contra de una mejor<\/li><li>En el segundo, caso es una tentativa de feminicidio, le dan 32 a\u00f1os de c\u00e1rcel<\/li><\/ul>\n\n\n\n<p class=\"wp-block-paragraph\">Redacci\u00f3n<\/p>\n\n\n\n<p class=\"wp-block-paragraph\">SemM\u00e9xico, Cd. de M\u00e9xico, 24 de septiembre, 2020.- La Fiscal\u00eda General de Justicia de la Ciudad de M\u00e9xico (FGJCDMX) present\u00f3 datos de prueba que permitieron&nbsp;que un juez de control vinculara a proceso a un hombre, aprehendido por agentes de la Polic\u00eda de Investigaci\u00f3n (PDI), por su probable participaci\u00f3n en el delito de feminicidio, en agravio de una persona menor de edad, ocurrido en enero de 2019.<\/p>\n\n\n\n<p class=\"wp-block-paragraph\">Durante la audiencia de cumplimiento de orden de aprehensi\u00f3n, el Ministerio P\u00fablico de la Fiscal\u00eda Especializada en la Investigaci\u00f3n del Delito de Feminicidio formul\u00f3 la imputaci\u00f3n que permiti\u00f3 al juzgador reclasificar el delito y dictarle la medida cautelar de prisi\u00f3n oficiosa; adem\u00e1s, fij\u00f3 tres meses para el cierre de la investigaci\u00f3n complementaria.<\/p>\n\n\n\n<p class=\"wp-block-paragraph\">Por las investigaciones realizadas por la FGJCDMX, se estableci\u00f3 que la v\u00edctima falleci\u00f3 como consecuencia de lesiones que el ahora imputado posiblemente le ocasion\u00f3.&nbsp;<\/p>\n\n\n\n<p class=\"wp-block-paragraph\">Los antecedentes del caso se\u00f1alan que, tras integrar la indagatoria correspondiente, la representaci\u00f3n social de la FGJCDMX solicit\u00f3 a un juez de control la orden de aprehensi\u00f3n en contra del imputado, la cual fue cumplimentada por elementos de la Polic\u00eda de Investigaci\u00f3n (PDI) en municipio de Teotihuac\u00e1n, con apoyo de autoridades del Estado de M\u00e9xico.&nbsp;<\/p>\n\n\n\n<p class=\"wp-block-paragraph\">A la persona mencionada en este comunicado se le presume inocente y ser\u00e1 tratada como tal en todas las etapas del procedimiento, mientras no se declare su responsabilidad mediante sentencia emitida por el \u00d3rgano jurisdiccional, en los t\u00e9rminos se\u00f1alados en el C\u00f3digo Nacional de Procedimientos Penales.<\/p>\n\n\n\n<p class=\"wp-block-paragraph\"><strong>Condenan a 32 a\u00f1os por tentativa de feminicidio en Sonora<\/strong><\/p>\n\n\n\n<p class=\"wp-block-paragraph\">Por otra parte, en Guaymas, Sonora, la Fiscal\u00eda del Estado de Sonora (FGJE) captur\u00f3 y logr\u00f3 una sentencia condenatoria en contra de Manuel Ernesto, de 24 a\u00f1os de edad por a\u00f1os de abusos y violencia en contra de su pareja.<\/p>\n\n\n\n<p class=\"wp-block-paragraph\">El delito imputado es&nbsp;tentativa de feminicidio por lo que el Juez conden\u00f3 a Manuel Ernesto a purgar una pena de 32 a\u00f1os seis meses de prisi\u00f3n, as\u00ed como pagar una multa de 73 mil 928.78 pesos y de 64 mil 423.62 para la reparaci\u00f3n del da\u00f1o moral para la v\u00edctima.<\/p>\n\n\n\n<p class=\"wp-block-paragraph\">Con el apoyo de su familia y la esperanza de ayuda, Mar\u00eda denunci\u00f3 en la Agencia del Ministerio P\u00fablico del municipio de Guaymas, de inmediato personal de la FGJE le brind\u00f3 acompa\u00f1amiento psicol\u00f3gico y m\u00e9dico, iniciando el Agente del Ministerio P\u00fablico con las investigaciones.&nbsp;<\/p>\n\n\n\n<p class=\"wp-block-paragraph\">Dentro de la causa penal 210\/2019 se determin\u00f3 que, durante los tres a\u00f1os que estuvo casada, el sujeto la violent\u00f3 constantemente, insult\u00e1ndola y siempre se dirigi\u00f3 a ella de manera despectiva y denigrante.<\/p>\n\n\n\n<p class=\"wp-block-paragraph\">La violencia que Mar\u00eda vivi\u00f3 fue verbal, f\u00edsica, psicol\u00f3gica y sexual, incluso estando embarazada, la v\u00edctima expuso que su esposo la golpe\u00f3 al saber que su beb\u00e9 ser\u00eda ni\u00f1a.<\/p>\n\n\n\n<p class=\"wp-block-paragraph\">El delito de tentativa de feminicidio se comprob\u00f3 con datos de prueba aportados por peritos de la FGJE, as\u00ed mismo con testimoniales de familiares, inclusive incluidos familiares del ahora sentenciado, dijeron que fueron testigos de la historia de abuso y los hechos donde Manuel Ernesto \u201cN.\u201d intent\u00f3 privar de la vida a La v\u00edctima.&nbsp;<\/p>\n\n\n\n<p class=\"wp-block-paragraph\">Pero gracias a la intervenci\u00f3n del padrastro del agresor, quien logr\u00f3 interponerse al ataque, se evit\u00f3 que Mar\u00eda falleciera. Estos mismos hechos fueron confirmados por el padre de la perjudicada.<\/p>\n\n\n\n<p class=\"wp-block-paragraph\">Cabe destacar que en lo que va del a\u00f1o 2020, la FGJE ha comprobado violencia feminicida en un total de 18 casos, de los cuales ha logrado 12 sentencias, todas condenatorias. De los 18 casos hay tres de no ejercicio de acci\u00f3n penal, debido a los agresores han evadido la aplicaci\u00f3n de la justicia, mediante el suicidio en el lugar de los hechos. La Fiscal\u00eda contin\u00faa trabajando con el objetivo de sancionar y erradicar los Feminicidios.<\/p>\n\n\n\n<p class=\"wp-block-paragraph\">\u201cToda persona que incurra en abuso de poder o violencia en perjuicio de la integridad y la vida de las mujeres, se encontrar\u00e1 en la FGJE Sonora con Ministerios P\u00fablicos, Peritos especializados, elementos AMIC y un equipo de litigaci\u00f3n, dispuestos a comprobar cient\u00edficamente la responsabilidad de los agresores y garantizar castigos ejemplares\u201d: FGJE Sonora.<\/p>\n\n\n\n<p class=\"wp-block-paragraph\">SEM\/sj<\/p>\n\n\n\n<figure class=\"wp-block-gallery columns-1 is-cropped wp-block-gallery-1 is-layout-flex wp-block-gallery-is-layout-flex\"><ul class=\"blocks-gallery-grid\"><li class=\"blocks-gallery-item\"><figure><a href=\"https:\/\/redsemlac.com\/semmexico\/wp-content\/uploads\/2020\/09\/WhatsApp-Image-2020-09-23-at-6.38.17-PM.jpeg\"><img decoding=\"async\" src=\"https:\/\/redsemlac.com\/semmexico\/wp-content\/uploads\/2020\/09\/WhatsApp-Image-2020-09-23-at-6.38.17-PM-1024x1024.jpeg\" alt=\"\" data-id=\"26054\" data-full-url=\"https:\/\/redsemlac.com\/semmexico\/wp-content\/uploads\/2020\/09\/WhatsApp-Image-2020-09-23-at-6.38.17-PM.jpeg\" data-link=\"https:\/\/redsemlac.com\/semmexico\/?attachment_id=26054\" class=\"wp-image-26054\"\/><\/a><\/figure><\/li><\/ul><\/figure>\n","protected":false},"excerpt":{"rendered":"<p>En un caso se vincula a proceso por probable feminicidio en contra de una mejor En el segundo, caso es una tentativa de feminicidio, le dan 32 a\u00f1os de c\u00e1rcel Redacci\u00f3n SemM\u00e9xico, Cd. de M\u00e9xico, 24 de septiembre, 2020.- La Fiscal\u00eda General de Justicia de la Ciudad de M\u00e9xico (FGJCDMX) present\u00f3 datos de prueba que [&hellip;]<\/p>\n","protected":false},"author":3,"featured_media":26056,"comment_status":"open","ping_status":"open","sticky":false,"template":"","format":"standard","meta":{"_monsterinsights_skip_tracking":false,"footnotes":""},"categories":[691,47],"tags":[],"class_list":["post-26053","post","type-post","status-publish","format-standard","has-post-thumbnail","category-691","category-no-mas-impunidad"],"_links":{"self":[{"href":"https:\/\/redsemlac.com\/semmexico\/wp-json\/wp\/v2\/posts\/26053","targetHints":{"allow":["GET"]}}],"collection":[{"href":"https:\/\/redsemlac.com\/semmexico\/wp-json\/wp\/v2\/posts"}],"about":[{"href":"https:\/\/redsemlac.com\/semmexico\/wp-json\/wp\/v2\/types\/post"}],"author":[{"embeddable":true,"href":"https:\/\/redsemlac.com\/semmexico\/wp-json\/wp\/v2\/users\/3"}],"replies":[{"embeddable":true,"href":"https:\/\/redsemlac.com\/semmexico\/wp-json\/wp\/v2\/comments?post=26053"}],"version-history":[{"count":0,"href":"https:\/\/redsemlac.com\/semmexico\/wp-json\/wp\/v2\/posts\/26053\/revisions"}],"wp:featuredmedia":[{"embeddable":true,"href":"https:\/\/redsemlac.com\/semmexico\/wp-json\/wp\/v2\/media\/26056"}],"wp:attachment":[{"href":"https:\/\/redsemlac.com\/semmexico\/wp-json\/wp\/v2\/media?parent=26053"}],"wp:term":[{"taxonomy":"category","embeddable":true,"href":"https:\/\/redsemlac.com\/semmexico\/wp-json\/wp\/v2\/categories?post=26053"},{"taxonomy":"post_tag","embeddable":true,"href":"https:\/\/redsemlac.com\/semmexico\/wp-json\/wp\/v2\/tags?post=26053"}],"curies":[{"name":"wp","href":"https:\/\/api.w.org\/{rel}","templated":true}]}}