{"id":26044,"date":"2020-09-24T23:46:12","date_gmt":"2020-09-24T23:46:12","guid":{"rendered":"https:\/\/redsemlac.com\/semmexico\/?p=26044"},"modified":"2023-07-21T16:31:42","modified_gmt":"2023-07-21T21:31:42","slug":"gobierno-dominicano-decreta-tolerancia-cero-a-violencia-contra-mujeres","status":"publish","type":"post","link":"https:\/\/redsemlac.com\/semmexico\/gobierno-dominicano-decreta-tolerancia-cero-a-violencia-contra-mujeres\/","title":{"rendered":"Gobierno dominicano decreta \u201cTolerancia Cero\u201d a violencia contra mujeres"},"content":{"rendered":"\n<ul class=\"wp-block-list\"><li><strong>Los feminicidios \u201ctragedia nacional\u201d, el presidente Abinader<\/strong><\/li><li><strong>Llama a toda la sociedad a unirse contra esa \u201clacra social\u201d<\/strong><\/li><\/ul>\n\n\n\n<p class=\"wp-block-paragraph\"><strong>Mercedes Alonso<\/strong><\/p>\n\n\n\n<p class=\"wp-block-paragraph\"><strong>SemM\u00e9xico\/SEMlac, Santo Domingo,&nbsp;<\/strong>24 de septiembre, 2020.- Este 21 de septiembre el Presidente de la Rep\u00fablica, Luis Abinader, se dirigi\u00f3 a la naci\u00f3n desde el Palacio Nacional. A su lado, la ministra de la Mujer, Mayra Jim\u00e9nez, reafirm\u00f3 las palabras del mandatario, acerca de implementar inmediatamente un plan denominado: \u201cTolerancia Cero\u201d en relaci\u00f3n con la violencia de g\u00e9nero, que ser\u00e1n aplicables dentro de los pr\u00f3ximos 120 d\u00edas.&nbsp;<\/p>\n\n\n\n<p class=\"wp-block-paragraph\">El presidente Abinader ha definido la realidad dominicana como alarmante, de acuerdo a los feminicidios, que reiter\u00f3 catalogarlos como tragedia nacional. La construcci\u00f3n de 12 nuevas casas de acogida para mujeres v\u00edctimas de agresiones f\u00edsicas y sicol\u00f3gicas por sus parejas, y la adecuaci\u00f3n de otras tres, forman parte de este plan, que involucra<strong>,<\/strong>&nbsp;adem\u00e1s, la entrega de RD$10 mil (unos 170 d\u00f3lares, aproximadamente) mensuales, como subvenci\u00f3n a las mujeres v\u00edctimas de violencia; recursos que se obtendr\u00e1n de los RD$200 millones (alrededor de 3 millones 300 mil d\u00f3lares), que recib\u00eda como presupuesto en el Gobierno anterior el Despacho de la Primera Dama.<\/p>\n\n\n\n<p class=\"wp-block-paragraph\">El Presidente llam\u00f3 a todos los sectores de la sociedad a unirse a luchar contra esa \u201clacra social\u201d que es la violencia, e inform\u00f3 que todas las mujeres v\u00edctimas de esta, entrar\u00e1n al sistema de protecci\u00f3n; as\u00ed como aquellas que est\u00e9n en condiciones de vulnerabilidad econ\u00f3mica, ser\u00e1n incorporadas a los programas de pol\u00edticas sociales.<\/p>\n\n\n\n<p class=\"wp-block-paragraph\">\u201cLa violencia de g\u00e9nero es un problema, que para ser superado necesita del esfuerzo de todas las instituciones p\u00fablicas, los actores judiciales y la sociedad civil\u201d, expres\u00f3 Abinader y agreg\u00f3 que su&nbsp;&nbsp;Gobierno se centrar\u00e1 en el desarrollo de una pol\u00edtica de Estado enfocada en la prevenci\u00f3n, atenci\u00f3n, sanci\u00f3n, erradicaci\u00f3n y de respeto a los derechos de las v\u00edctimas.<\/p>\n\n\n\n<p class=\"wp-block-paragraph\">Ante los problemas que siguen lastrando a las familias dominicanas, entre ellas, el ignomioso matrimonio infantil, Luis Abinader se pronunci\u00f3 por enviar al Congreso, a m\u00e1s tardar en un mes, un proyecto de ley que elimine esa uni\u00f3n de menores de edad a adultos que significa, sin duda alguna, una forma inadmisible de violencia.<\/p>\n\n\n\n<p class=\"wp-block-paragraph\">A\u00f1adi\u00f3 que el 25 de noviembre, D\u00eda de la No Violencia Contra la Mujer, realizar\u00e1 un Consejo de ministros para definir y aprobar las pol\u00edticas contra la violencia de g\u00e9nero y los feminicidios y subray\u00f3 que durante su periodo de direcci\u00f3n de los mandatos del pa\u00eds, fortalecer\u00e1&nbsp;&nbsp;y ampliar\u00e1 los mecanismos que aseguran las vidas de las dominicanas y de sus hijos.<\/p>\n\n\n\n<p class=\"wp-block-paragraph\"><strong>Trabajar desde una perspectiva integral<\/strong><\/p>\n\n\n\n<p class=\"wp-block-paragraph\">Por su parte, la ministra de la Mujer, Mayra Jim\u00e9nez, record\u00f3 que el pa\u00eds figura entre los primeros siete de la regi\u00f3n latinoamericana con la m\u00e1s elevada tasa de feminicidios. En tal sentido, se refiri\u00f3 al plan dispuesto por su Ministerio, para desarrollar un plan encaminado a afrontar y reducir a su m\u00ednima expresi\u00f3n el problema de la violencia.<\/p>\n\n\n\n<p class=\"wp-block-paragraph\">La titular rememor\u00f3 que en los primeros siete meses del presente a\u00f1o se produjeron 27,157 denuncias de violencia contra la mujer, raz\u00f3n por la cual entiende que una de las prioridades del Ministerio que dirige es trabajar desde una perspectiva integral que saque al pa\u00eds de esta fat\u00eddica lista.<\/p>\n\n\n\n<p class=\"wp-block-paragraph\">Jim\u00e9nez considera que los esfuerzos del presidente Abinader para definir una pol\u00edtica de Estado en la lucha por la no violencia contra la mujer, dar\u00e1 sus frutos: \u201cEncontramos un sistema de atenci\u00f3n a la violencia altamente fraccionado, disperso y sin una clara rector\u00eda, lo que incide en la precariedad de los servicios que han recibido las mujeres y sus familias a lo largo de todos estos a\u00f1os\u201d, declar\u00f3.&nbsp;<\/p>\n\n\n\n<p class=\"wp-block-paragraph\"><strong>Aquellas 10 medidas<\/strong><\/p>\n\n\n\n<p class=\"wp-block-paragraph\">Recordemos que el 25 de noviembre de 2019, el actual Presidente de la Rep\u00fablica, en su condici\u00f3n de candidato presidencial por el Partido Revolucionario Moderno (PRM) y fuerzas aliadas, plante\u00f3 al entonces presidente Danilo Medina 10 medidas fundamentales para detener la violencia contra la mujer.&nbsp;<\/p>\n\n\n\n<p class=\"wp-block-paragraph\">Un comunicado que trascendi\u00f3 entonces y tomaron en cuenta todos los medios de comunicaci\u00f3n en el pa\u00eds, expresaba que los integrantes del movimiento Mujeres con Luis, ten\u00edan la esperanza de que, de alcanzar Abinader el poder,&nbsp;&nbsp;podr\u00eda arribarse a un D\u00eda Internacional de la No Violencia Contra la Mujer, que se celebra mundialmente cada 25 de noviembre, en honor a las hermanas dominicanas Patria, Mar\u00eda Teresa y Minerva Mirabal, con pol\u00edticas que realmente aliviaran la situaci\u00f3n de las dominicanas.&nbsp;<\/p>\n\n\n\n<p class=\"wp-block-paragraph\">En aquellos momentos, Luis Abinader habl\u00f3 del&nbsp;&nbsp;triste diagn\u00f3stico: \u201cLo sabe el Gobierno, lo sabe el Congreso, lo saben los ayuntamientos, lo saben los partidos, lo saben las iglesias, lo saben los medios de comunicaci\u00f3n, lo sabemos todos\u201d, enfatiz\u00f3.&nbsp;<\/p>\n\n\n\n<p class=\"wp-block-paragraph\">Tambi\u00e9n en su programa de candidatura presidencial, el actual mandatario precis\u00f3 las desventajas de las mujeres con respecto a los hombres en diferentes aspectos sociales, limitaciones en salud y educaci\u00f3n, y se\u00f1al\u00f3 la reducida participaci\u00f3n femenina en el nivel ministerial, pues solo tres mujeres ocupaban puestos de mayor jerarqu\u00eda en los 22 ministerios existentes.<\/p>\n\n\n\n<p class=\"wp-block-paragraph\">Tambi\u00e9n objet\u00f3 la situaci\u00f3n de las mujeres campesinas, que representan el 43% de la fuerza de trabajo agr\u00edcola y apenas disponen del 2% de la propiedad de las tierras.<\/p>\n\n\n\n<p class=\"wp-block-paragraph\">Abinader plante\u00f3 su programa de Gobierno con la necesaria integraci\u00f3n de todos los partidos, movimientos y sectores sociales \u201cabrazados en la causa del cambio. Estamos incorporando nuevas visiones, experiencias y perspectivas en el reto de ver a nuestras mujeres viviendo en condiciones de libertad, de inclusi\u00f3n, de seguridad y de felicidad\u201d, argument\u00f3.<\/p>\n\n\n\n<p class=\"wp-block-paragraph\">El hoy Presidente de la Rep\u00fablica tiene ahora la posibilidad de demostrar la realizaci\u00f3n de cada uno de sus planteamientos y la materializaci\u00f3n de aquellas diez medidas urgentes que enarbol\u00f3 para enfrentar los feminicidios, entre ellas: Conectar el sistema 9-1-1 con un servicio de l\u00ednea directa especializado de atenci\u00f3n inmediata en auxilio de las v\u00edctimas de violencia de g\u00e9nero; segunda: reformular la Ley 24- 97 del 28 de enero de 1997 sobre Violencia Intrafamiliar, creando un Ministerio P\u00fablico especializado y dotado de recursos econ\u00f3micos, tecnolog\u00eda y capacitaci\u00f3n en este tipo de delito, donde la atenci\u00f3n de las denuncias de agresi\u00f3n contra las mujeres estar\u00e1n \u00fanicamente a cargo de este sistema especializado que funcionar\u00e1 24 horas, quedando excluida la Polic\u00eda Nacional de recibir denuncias de violencia de g\u00e9nero. Un proyecto de ley al respecto ser\u00e1 presentado al Congreso.<\/p>\n\n\n\n<p class=\"wp-block-paragraph\">La tercera se refer\u00eda a la firma de acuerdos con agresores, patrocinados actualmente por el Ministerio P\u00fablico, que han sido fuente de corrupci\u00f3n y encubrimiento; la cuarta, aplicar un sistema de monitoreo y control electr\u00f3nico a los agresores bajo \u00f3rdenes de alejamiento; quinta, crear las casas de acogida donde la mujer se sienta protegida. Con atenci\u00f3n m\u00e9dica; psicol\u00f3gica y tambi\u00e9n con servicios de guarder\u00eda para que las madres no tengan que abandonar a sus hijos mientras cuidan de sus vidas.<\/p>\n\n\n\n<p class=\"wp-block-paragraph\">La sexta medida ser\u00eda la implementaci\u00f3n de centros con personal especializado en educaci\u00f3n y vigilancia para hombres con conductas violentas, que deber\u00e1n ser monitoreados desde el mismo instante en que una mujer presente su denuncia; s\u00e9ptima, desarrollar una pol\u00edtica para la difusi\u00f3n de las agresiones contra las v\u00edctimas de la violencia de g\u00e9nero, evitando el sensacionalismo, la distorsi\u00f3n y las exacerbaciones machistas que se producen en contra de la mujer.<\/p>\n\n\n\n<p class=\"wp-block-paragraph\">La octava, establecer la resoluci\u00f3n pac\u00edfica de conflictos como eje curricular transversal en la educaci\u00f3n preuniversitaria; novena, crear un amplio sistema de protecci\u00f3n estatal donde se destinen los recursos necesarios para la recuperaci\u00f3n de las v\u00edctimas de violencia machista y las familias afectadas por estos delitos, con mayor \u00e9nfasis en las mujeres pobres.<\/p>\n\n\n\n<p class=\"wp-block-paragraph\">Y por \u00faltimo, dedicar fondos especializados del presupuesto como base de apoyo econ\u00f3mico a las mujeres que hayan tenido que abandonar sus hogares por el peligro que corren sus vidas.<\/p>\n\n\n\n<p class=\"wp-block-paragraph\">&nbsp;\u201cA quienes puedan pensar que yo deb\u00ed dejar estas propuestas para implementarlas en el Gobierno del cambio que, seg\u00fan dicen todas las encuestas, iniciaremos el a\u00f1o que viene, les respondo que no se debe jugar a la pol\u00edtica cuando se trata de la vida de nuestras mujeres, y que si con el adelanto de las medidas propuestas podemos evitar una muerte m\u00e1s, habr\u00e1 valido la pena\u201d, dijo<strong>&nbsp;<\/strong>en esos momentos Luis Abinader. Hoy, cuando los destinos de la naci\u00f3n est\u00e1n en sus manos, el escabroso tema de los feminicidios y la violencia intrafamiliar y de g\u00e9nero ocupa renglones impensables.&nbsp;<\/p>\n\n\n\n<p class=\"wp-block-paragraph\">\u201cTolerancia Cero a la violencia contra las mujeres\u201d, se denomina esta pol\u00edtica enfocada por el llamado \u201cgobierno del Cambio\u201d, que encabeza el actual jefe de Estado dominicano, quien deber\u00e1 demostrar si se cumple ese a\u00f1ejo refr\u00e1n de que \u201cpromesas pueden ser verdades\u201d.&nbsp;<\/p>\n\n\n\n<p class=\"wp-block-paragraph\">SEM\/ma\/sj<\/p>\n","protected":false},"excerpt":{"rendered":"<p>Los feminicidios \u201ctragedia nacional\u201d, el presidente Abinader Llama a toda la sociedad a unirse contra esa \u201clacra social\u201d Mercedes Alonso SemM\u00e9xico\/SEMlac, Santo Domingo,&nbsp;24 de septiembre, 2020.- Este 21 de septiembre el Presidente de la Rep\u00fablica, Luis Abinader, se dirigi\u00f3 a la naci\u00f3n desde el Palacio Nacional. A su lado, la ministra de la Mujer, Mayra [&hellip;]<\/p>\n","protected":false},"author":3,"featured_media":26045,"comment_status":"open","ping_status":"open","sticky":false,"template":"","format":"standard","meta":{"_monsterinsights_skip_tracking":false,"footnotes":""},"categories":[691,53],"tags":[],"class_list":["post-26044","post","type-post","status-publish","format-standard","has-post-thumbnail","category-691","category-internacional"],"_links":{"self":[{"href":"https:\/\/redsemlac.com\/semmexico\/wp-json\/wp\/v2\/posts\/26044","targetHints":{"allow":["GET"]}}],"collection":[{"href":"https:\/\/redsemlac.com\/semmexico\/wp-json\/wp\/v2\/posts"}],"about":[{"href":"https:\/\/redsemlac.com\/semmexico\/wp-json\/wp\/v2\/types\/post"}],"author":[{"embeddable":true,"href":"https:\/\/redsemlac.com\/semmexico\/wp-json\/wp\/v2\/users\/3"}],"replies":[{"embeddable":true,"href":"https:\/\/redsemlac.com\/semmexico\/wp-json\/wp\/v2\/comments?post=26044"}],"version-history":[{"count":0,"href":"https:\/\/redsemlac.com\/semmexico\/wp-json\/wp\/v2\/posts\/26044\/revisions"}],"wp:featuredmedia":[{"embeddable":true,"href":"https:\/\/redsemlac.com\/semmexico\/wp-json\/wp\/v2\/media\/26045"}],"wp:attachment":[{"href":"https:\/\/redsemlac.com\/semmexico\/wp-json\/wp\/v2\/media?parent=26044"}],"wp:term":[{"taxonomy":"category","embeddable":true,"href":"https:\/\/redsemlac.com\/semmexico\/wp-json\/wp\/v2\/categories?post=26044"},{"taxonomy":"post_tag","embeddable":true,"href":"https:\/\/redsemlac.com\/semmexico\/wp-json\/wp\/v2\/tags?post=26044"}],"curies":[{"name":"wp","href":"https:\/\/api.w.org\/{rel}","templated":true}]}}