{"id":26042,"date":"2020-09-24T23:29:51","date_gmt":"2020-09-24T23:29:51","guid":{"rendered":"https:\/\/redsemlac.com\/semmexico\/?p=26042"},"modified":"2023-07-21T16:31:42","modified_gmt":"2023-07-21T21:31:42","slug":"covid-el-verdadero-y-unico-transformador","status":"publish","type":"post","link":"https:\/\/redsemlac.com\/semmexico\/covid-el-verdadero-y-unico-transformador\/","title":{"rendered":"Covid, el verdadero y \u00fanico transformador"},"content":{"rendered":"\n<p class=\"wp-block-paragraph\"><strong>+ Amlo miente, traiciona y deja robar<\/strong><\/p>\n\n\n\n<p class=\"wp-block-paragraph\"><strong>Por Martha Elba Torres Mart\u00ednez<\/strong><\/p>\n\n\n\n<p class=\"wp-block-paragraph\">SemM\u00e9xico. 24 de septiembre 2020.- Pasarse estos 21 meses jugando todo en contra y nada para ganar y sumar, ha tenido su costo para L\u00f3pez Obrador.<\/p>\n\n\n\n<p class=\"wp-block-paragraph\">El conflicto en la presa la Boquilla, el plant\u00f3n de FRENAAA, los bloqueos en v\u00edas ferroviarias por la CNTE y normalistas, el malestar de estados y municipios por los recortes presupuestales, las renuncias por corrupci\u00f3n y mal gobierno, y como era de esperarse, la inconstitucionalidad de la consulta popular para enjuiciar a ex presidentes por violatoria a la presunci\u00f3n de inocencia y debido proceso. Tan sencillo con que la FGR haga lo suyo y ya.<\/p>\n\n\n\n<p class=\"wp-block-paragraph\">Pero obra mal y todo le sale mal. Fue un papelazo en la reuni\u00f3n virtual de la Asamblea General de la ONU. A qui\u00e9n se le ocurre evocar a Benito Mussolini, cuando pudo mencionar\u2026 por ejemplo, a Benito Canales, un m\u00edtico e hist\u00f3rico personaje del M\u00e9xico de 1900, y sus corridos.<\/p>\n\n\n\n<p class=\"wp-block-paragraph\">El caso, que tambi\u00e9n, al margen de la menci\u00f3n del gran timo de la rifa del avi\u00f3n que todav\u00eda anda vendiendo, me quedo con la presuntuosa referencia a la \u201ccuarta transformaci\u00f3n de M\u00e9xico, sin violencia, y lo estamos logrando\u201d.<\/p>\n\n\n\n<p class=\"wp-block-paragraph\">Pues me van a perdonar mis respetables amlovers, pero el \u00fanico que ha logrado transformar a M\u00e9xico, es el Covid. Este cabr\u00f3n microorganismo, nos tiene patas para arriba; nos encerr\u00f3 por dos meses, salimos todos espantados y tapados del hocico; violenta y mata sin piedad y destroz\u00f3 la econom\u00eda del pa\u00eds y en el mundo entero.<\/p>\n\n\n\n<p class=\"wp-block-paragraph\">Esto si es un cambio verdadero, no jaladas. El Covid y L\u00f3pez son un peligro para M\u00e9xico.<\/p>\n\n\n\n<p class=\"wp-block-paragraph\">Porque la \u00fanica transformaci\u00f3n que vivimos, que es comprobable y verificable, es la que nos trajo este fregado microorganismo. La otra, la de L\u00f3pez Obrador y la 4T -lo he escrito-, es un constructo mental, un ideal tan fr\u00e1gil, la baj\u00f3 del aire el virus al cobrar ya, en seis meses, 75 mil vidas m\u00e1s las que faltan\u2026<\/p>\n\n\n\n<p class=\"wp-block-paragraph\">\u00a0\u00a0\u00a0\u00a0\u00a0\u00a0\u00a0\u00a0\u00a0\u00a0\u00a0\u00a0\u00a0\u00a0\u00a0\u00a0\u00a0\u00a0\u00a0\u00a0\u00a0\u00a0\u00a0\u00a0\u00a0\u00a0\u00a0\u00a0\u00a0\u00a0\u00a0\u00a0\u00a0\u00a0\u00a0\u00a0\u00a0\u00a0\u00a0\u00a0\u00a0\u00a0\u00a0\u00a0\u00a0\u00a0\u00a0\u00a0\u00a0\u00a0\u00a0\u00a0\u00a0\u00a0\u00a0\u00a0\u00a0\u00a0\u00a0\u00a0\u00a0\u00a0\u00a0\u00a0\u00a0\u00a0\u00a0\u00a0\u00a0\u00a0\u00a0\u00a0\u00a0\u00a0\u00a0\u00a0\u00a0\u00a0\u00a0\u00a0\u00a0\u00a0\u00a0\u00a0\u00a0\u00a0\u00a0\u00a0\u00a0\u00a0\u00a0\u00a0<strong>\u00a0 ***<\/strong><\/p>\n\n\n\n<p class=\"wp-block-paragraph\">Pero el \u00fanico que no toca tierra, es el Presidente, que ya rebas\u00f3 y le dio cien vueltas a la pat\u00e9tica frase de Salinas de Gortari: \u201cni los veo\u2026 ni los oigo\u201d, para responder a los reclamos sociales y pol\u00edticos, en lo que va de su sexenio. La oposici\u00f3n, de siempre, ha gritado a los presidentes en turno, que renuncien \u00bfY qu\u00e9? \u00bfLo hicieron? Pero L\u00f3pez Obrador sali\u00f3 muy sentidito y censura y reprueba todos los d\u00edas la cr\u00edtica y el disentimiento.<\/p>\n\n\n\n<p class=\"wp-block-paragraph\">No hay pol\u00edtica p\u00fablica m\u00e1s electorera que los apoyos sociales, y condena cualquier otra. Al FRENAAA hay que analizarlo m\u00e1s all\u00e1 de sus encendidos reclamos y de su visible cabeza, Gilberto Lozano, el \u00fanico empresario que ha tenido los arrestos para enfrentarse as\u00ed al Presidente de M\u00e9xico. Pero evidentemente es la punta de un iceberg del que a\u00fan desconocemos su dimensi\u00f3n. Trae encabronados a los poderes f\u00e1cticos, el econ\u00f3mico, el religioso, el militar, al intelectual y acad\u00e9mico y medios de comunicaci\u00f3n. Con el \u00fanico que no se mete es con el crimen organizado. Por eso Amlo se r\u00ede de las 45 masacres registradas en su gobierno.<\/p>\n\n\n\n<p class=\"wp-block-paragraph\">En 21 meses tambi\u00e9n, las renuncias de Carlos Urz\u00faa en Hacienda, de Javier Jim\u00e9nez Espri\u00fa en SCT, V\u00edctor Toledo en SEMARNAT y la de Jaime C\u00e1rdenas, del Instituto para Devolver al Pueblo lo Robado, as\u00ed como la extra\u00f1a de Alfonso Morcos del Centro Nacional de Control de Energ\u00eda.<\/p>\n\n\n\n<p class=\"wp-block-paragraph\">Cuentan tambi\u00e9n la de Candelaria Ochoa a la Comisi\u00f3n Nacional para Prevenir y Erradicar la Violencia contras las Mujeres (Conavim), de M\u00f3nica Macisse del Consejo Nacional para Prevenir la Discriminaci\u00f3n (Conapred), de Mara G\u00f3mez, de la Comisi\u00f3n Ejecutiva de Atenci\u00f3n a V\u00edctimas (CEAV) y Asa Cristina Laurel, subsecretaria de Integraci\u00f3n y Desarrollo de la Secretar\u00eda de Salud.<\/p>\n\n\n\n<p class=\"wp-block-paragraph\">Obvio que no hay pol\u00edtica ni agenda de g\u00e9nero en este gobierno.<\/p>\n\n\n\n<p class=\"wp-block-paragraph\">Lealtad ciega exige L\u00f3pez Obrador a sus colaboradores. Esto es, obedecer, cobrar la quincena y dejar pasar la corrupci\u00f3n y el mal gobierno. Mentir desde la ma\u00f1anera, traicionar la esperanza del cambio verdadero y dejar robar, resulta incuestionable\u2026<\/p>\n\n\n\n<p class=\"wp-block-paragraph\">\u00a0\u00a0\u00a0\u00a0\u00a0\u00a0\u00a0\u00a0\u00a0\u00a0\u00a0\u00a0\u00a0\u00a0\u00a0\u00a0\u00a0\u00a0\u00a0\u00a0\u00a0\u00a0\u00a0\u00a0\u00a0\u00a0\u00a0\u00a0\u00a0\u00a0\u00a0\u00a0\u00a0\u00a0\u00a0\u00a0\u00a0\u00a0\u00a0\u00a0\u00a0\u00a0\u00a0\u00a0\u00a0\u00a0\u00a0\u00a0\u00a0\u00a0\u00a0\u00a0\u00a0\u00a0\u00a0\u00a0\u00a0\u00a0\u00a0\u00a0\u00a0\u00a0\u00a0\u00a0\u00a0\u00a0\u00a0\u00a0\u00a0\u00a0\u00a0\u00a0\u00a0\u00a0\u00a0\u00a0\u00a0\u00a0\u00a0\u00a0\u00a0\u00a0\u00a0\u00a0\u00a0\u00a0\u00a0\u00a0\u00a0\u00a0\u00a0\u00a0\u00a0<strong> ***<\/strong><\/p>\n\n\n\n<p class=\"wp-block-paragraph\">Y jugar para perder y no para ganar, es la relaci\u00f3n tirante que tiene el Presidente con los gobernadores. A los de su partido ni los pela, la mayor\u00eda del PRI de lamebotas y a la Alianza Federalista la desprecia. Ya no hablemos de los alcaldes. Por m\u00e1s que presume Ra\u00fal Mor\u00f3n su cercan\u00eda con el \u201ccentro\u201d, es eso, solo fotograf\u00eda porque el recorte presupuestal para el 2021 es parejo.<\/p>\n\n\n\n<p class=\"wp-block-paragraph\">Y s\u00ed, penoso, que solo una docena de mandatarios estatales reclamen abiertamente reconsiderar la reducci\u00f3n del 5.5 por ciento a las entidades, en el Presupuesto de Egresos. La \u00faltima palabra la tendr\u00e1 las y los diputados federales: se ponen del lado de los electores o los siguen perdiendo.<\/p>\n\n\n\n<p class=\"wp-block-paragraph\">Tal vez piensen igual que Amlo, que sus votantes son mascotas a las que hay que alimentar y ya, porque no piensan ni reflexionan. Pero el padr\u00f3n electoral supera ya los 90 millones de ciudadanos.<\/p>\n\n\n\n<p class=\"wp-block-paragraph\">A media semana, la Alianza Federalista se reuni\u00f3 en la Ciudad de M\u00e9xico para cabildear con los legisladores y Hacienda y sensibilizarlos de que el horno no est\u00e1 para bollos. Las entidades que representan son de las m\u00e1s productivas del pa\u00eds y en conjunto generan 67 por ciento de los empleos a nivel nacional, seg\u00fan las cifras del IMSS al mes de agosto.<\/p>\n\n\n\n<p class=\"wp-block-paragraph\">\u00abDe concretarse la propuesta de Presupuesto para el a\u00f1o que entra, los 10 estados en su conjunto estar\u00edamos recibiendo 40 mil millones de pesos menos, lo que resultar\u00eda catastr\u00f3fico ante la imposibilidad de mantener los empleos, adem\u00e1s de retroceder en la tarea de garantizar la salud y la seguridad en nuestros estados\u00bb, dijo el recuperado de coronavirus, Silvano Aureoles.<\/p>\n\n\n\n<p class=\"wp-block-paragraph\">Qu\u00e9 proponen:<\/p>\n\n\n\n<ul class=\"wp-block-list\"><li>Un fondo de estabilizaci\u00f3n para compensar la reducci\u00f3n del presupuesto federalizado, que concentre recursos federales no ejercidos, parte de los remanentes del Banco de M\u00e9xico y recursos provenientes de la extinci\u00f3n de fideicomisos.<\/li><\/ul>\n\n\n\n<ul class=\"wp-block-list\"><li>Un fondo especial para proyectos estrat\u00e9gicos de infraestructura local para derramar obra en estos estados y no solo donde se construyen los caprichos del Presidente.<\/li><\/ul>\n\n\n\n<ul class=\"wp-block-list\"><li>Clarificar los criterios de distribuci\u00f3n territorial de los fondos de SCT, Insabi, Fotradis, para garantizar que no haya disminuci\u00f3n en las asignaciones del a\u00f1o pasado.<\/li><\/ul>\n\n\n\n<ul class=\"wp-block-list\"><li>Establecer asignaciones de recursos para Fortaseg, Fonmetro y Escuelas de Tiempo Completo, entre otros.<\/li><\/ul>\n\n\n\n<p class=\"wp-block-paragraph\">\u00bfQu\u00e9 respondi\u00f3 L\u00f3pez Obrador? Que reciben lo que les toca, como si el verdadero transformador del pa\u00eds no exprimiera cada peso de los que se ocupan para mantener a flote los servicios de salud.<\/p>\n\n\n\n<p class=\"wp-block-paragraph\">Pero ve\u00e1moslo de otra manera: de las 15 gubernaturas en juego en el 2021, los mandatarios de Chihuahua, Colima, Nuevo Le\u00f3n, Quer\u00e9taro, San Luis Potos\u00ed y Michoac\u00e1n terminan el pr\u00f3ximo a\u00f1o y quienes lleguen, del partido que sea, se van a revolcar en su salsa. De los alcaldes ya ni hablamos\u2026<\/p>\n\n\n\n<p class=\"wp-block-paragraph\">\u00a0\u00a0\u00a0\u00a0\u00a0\u00a0\u00a0\u00a0\u00a0\u00a0\u00a0\u00a0\u00a0\u00a0\u00a0\u00a0\u00a0\u00a0\u00a0\u00a0\u00a0\u00a0\u00a0\u00a0\u00a0\u00a0\u00a0\u00a0\u00a0\u00a0\u00a0\u00a0\u00a0\u00a0\u00a0\u00a0\u00a0\u00a0\u00a0\u00a0\u00a0\u00a0\u00a0\u00a0\u00a0\u00a0\u00a0\u00a0\u00a0\u00a0\u00a0\u00a0\u00a0\u00a0\u00a0\u00a0\u00a0\u00a0\u00a0\u00a0\u00a0\u00a0\u00a0\u00a0\u00a0\u00a0\u00a0\u00a0\u00a0\u00a0\u00a0\u00a0\u00a0\u00a0\u00a0\u00a0\u00a0\u00a0\u00a0\u00a0\u00a0\u00a0\u00a0\u00a0\u00a0\u00a0\u00a0\u00a0\u00a0\u00a0\u00a0\u00a0\u00a0 <strong>***<\/strong><\/p>\n\n\n\n<p class=\"wp-block-paragraph\">Y esto me lleva a Crist\u00f3bal Arias, que sigue como puntero en las encuestas electorales. La m\u00e1s reciente, del 23 de septiembre, de Massive Caller con un millar de cuestionarios aplicados telef\u00f3nicamente.<\/p>\n\n\n\n<p class=\"wp-block-paragraph\">Confieso que esperaba encontrar una reacci\u00f3n negativa por el esc\u00e1ndalo de la red feminista del 11 de septiembre, pero evidente no impact\u00f3, como tampoco la descalificaci\u00f3n que vino a hacer del senador de Morena, la aspirante a secretaria general del CEN de ese partido, Carol Berenice Arriaga Garc\u00eda, quien ocup\u00f3 la cartera de secretar\u00eda de la Mujer y busc\u00f3 dirigir Inmujeres pero se le ceb\u00f3.<\/p>\n\n\n\n<p class=\"wp-block-paragraph\">Y chistoso. Porque vino a denostar y no a presentar propuestas. Se declara feminista, pero igual que todas las de la 4T, socavadas por el machismo morenazo. Yo realmente no he visto a una, defendiendo la agenda de las mujeres ante el poder presidencial. Les da un miedo terrible dejar de cobrar.<\/p>\n\n\n\n<p class=\"wp-block-paragraph\">El caso que Arias Sol\u00eds encabeza la preferencia con 32.2 por ciento, solo superado por los indecisos con 33.4 por ciento. Pero hay tiempo, como tambi\u00e9n quienes desde adentro del partido guinda, lo quieren frenar a toda costa.<\/p>\n\n\n\n<p class=\"wp-block-paragraph\">Otro dato interesante del tracking de ese d\u00eda, se encuentra en la l\u00e1mina correspondiente al PRD. El 29.7 por ciento prefieren otro candidato que no sea Carlos Herrera (18.5%), To\u00f1o Garc\u00eda (14.8%) To\u00f1o Soto (11.1%) y Adri\u00e1n L\u00f3pez (7.4%), en tanto que los indecisos sigue pesando con 18.5 por ciento. El sol azteca se eclipsa porque siempre son los mismos y el partido se burocratiz\u00f3. Los despabila Aureoles, o ah\u00ed qued\u00f3\u2026<\/p>\n","protected":false},"excerpt":{"rendered":"<p> Amlo miente, traiciona y deja robar<\/p>\n","protected":false},"author":3,"featured_media":9024,"comment_status":"open","ping_status":"open","sticky":false,"template":"","format":"standard","meta":{"_monsterinsights_skip_tracking":false,"footnotes":""},"categories":[691,99,90,35],"tags":[],"class_list":["post-26042","post","type-post","status-publish","format-standard","has-post-thumbnail","category-691","category-ambigu","category-martha-elba-torres-martinez","category-opinion"],"_links":{"self":[{"href":"https:\/\/redsemlac.com\/semmexico\/wp-json\/wp\/v2\/posts\/26042","targetHints":{"allow":["GET"]}}],"collection":[{"href":"https:\/\/redsemlac.com\/semmexico\/wp-json\/wp\/v2\/posts"}],"about":[{"href":"https:\/\/redsemlac.com\/semmexico\/wp-json\/wp\/v2\/types\/post"}],"author":[{"embeddable":true,"href":"https:\/\/redsemlac.com\/semmexico\/wp-json\/wp\/v2\/users\/3"}],"replies":[{"embeddable":true,"href":"https:\/\/redsemlac.com\/semmexico\/wp-json\/wp\/v2\/comments?post=26042"}],"version-history":[{"count":0,"href":"https:\/\/redsemlac.com\/semmexico\/wp-json\/wp\/v2\/posts\/26042\/revisions"}],"wp:featuredmedia":[{"embeddable":true,"href":"https:\/\/redsemlac.com\/semmexico\/wp-json\/wp\/v2\/media\/9024"}],"wp:attachment":[{"href":"https:\/\/redsemlac.com\/semmexico\/wp-json\/wp\/v2\/media?parent=26042"}],"wp:term":[{"taxonomy":"category","embeddable":true,"href":"https:\/\/redsemlac.com\/semmexico\/wp-json\/wp\/v2\/categories?post=26042"},{"taxonomy":"post_tag","embeddable":true,"href":"https:\/\/redsemlac.com\/semmexico\/wp-json\/wp\/v2\/tags?post=26042"}],"curies":[{"name":"wp","href":"https:\/\/api.w.org\/{rel}","templated":true}]}}