{"id":2602,"date":"2018-05-19T22:20:11","date_gmt":"2018-05-19T22:20:11","guid":{"rendered":"https:\/\/redsemlac.com\/semmexico\/?p=2602"},"modified":"2023-07-21T14:31:06","modified_gmt":"2023-07-21T19:31:06","slug":"ese-partido-tiene-cinco-dias-para-resolver","status":"publish","type":"post","link":"https:\/\/redsemlac.com\/semmexico\/ese-partido-tiene-cinco-dias-para-resolver\/","title":{"rendered":"Ese partido tiene cinco d\u00edas para resolver"},"content":{"rendered":"\n<p class=\"wp-block-paragraph\"><a href=\"https:\/\/www.semmexico.com\/gallery-post.php?id=4861#\">Redacci\u00f3n<\/a><\/p>\n\n\n\n<p class=\"wp-block-paragraph\">SemM\u00e9xico, Cd. de M\u00e9xico, La Red de Redes por la Paridad Efectiva respalda a Zulma Carvajal Salgado y a las integrantes de la Red para el Avance Pol\u00edtico de las Mujeres Guerrerenses, en su exigencia al Comit\u00e9 Nacional del PRD para que a igual que el Instituto Electoral y de Participaci\u00f3n Ciudadana del estado de Guerrero, acaten de manera \u00edntegra, responsable y democr\u00e1tica la resoluci\u00f3n de la Sala Regional Ciudad de M\u00e9xico del TEPJF.<\/p>\n\n\n\n<p class=\"wp-block-paragraph\">Lo anterior, luego de que el pasado 16 de mayo la Sala Regional Ciudad de M\u00e9xico del Tribunal Electoral del Poder Judicial Federal emiti\u00f3 una sentencia a favor Carvajal Salgado, relativa a un Juicio para la Protecci\u00f3n de los Derechos Pol\u00edtico-electorales del Ciudadano, en el que ordena al Consejo General del IEPC Guerrero emita un nuevo acuerdo, en el cual considere los bloques de competitividad para la asignaci\u00f3n de candidaturas con paridad de g\u00e9nero.<\/p>\n\n\n\n<p class=\"wp-block-paragraph\">En ese sentido la Red de Redes exhorta a que sean garantizados los derechos de Zulma Carbajal Salgado, en su calidad de precandidata a la Presidencia Municipal de Iguala, Guerrero, respetando las garant\u00edas constitucionales y los derechos pol\u00edticos de dicha actora en su calidad de ciudadana y militante del Partido de la Revoluci\u00f3n Democr\u00e1tica.<\/p>\n\n\n\n<p class=\"wp-block-paragraph\">Zulma Carbajal impugn\u00f3 la asignaci\u00f3n de un candidato a la presidencia municipal de Iguala de dicho partido pol\u00edtico, mismo que incumple con el mandato constitucional de paridad de g\u00e9nero, ya que dicho registro no consider\u00f3 los bloques de competitividad establecidos en los lineamientos de paridad emitidos por el mismo \u00f3rgano electoral local.<\/p>\n\n\n\n<p class=\"wp-block-paragraph\">La sentencia precisa adem\u00e1s que \u201clo conducente es ordenar al Comit\u00e9 Nacional del PRD para que en un plazo de cinco d\u00edas, contados a partir de la notificaci\u00f3n de la ejecutoria, emita un acuerdo que tome de manera preferente a la demandante, en su calidad de precandidata del PRD a la presidencia municipal de Iguala, as\u00ed como a quienes participaron en el proceso interno de selecci\u00f3n, cumpla con el mandato constitucional de paridad de g\u00e9nero en el bloque denominado \u201cde intermedio porcentaje de votaci\u00f3n.\u201d<\/p>\n\n\n\n<p class=\"wp-block-paragraph\">La Red de Redes por la Paridad Efectiva, conformada por redes multipartidarias y civiles, organizaciones de la sociedad civil, acad\u00e9micas, periodistas y actoras pol\u00edticas de diversos estados de la Rep\u00fablica Mexicana que trabajamos en la promoci\u00f3n y defensa de los derechos pol\u00edticos de las mujeres, manifestamos nuestra preocupaci\u00f3n frente a las m\u00faltiples resistencias que manifiestan los partidos pol\u00edticos frente al desaf\u00edo que les representa avanzar hacia la consolidaci\u00f3n de la democracia paritaria en nuestro pa\u00eds, particularmente en los contextos locales.<\/p>\n\n\n\n<p class=\"wp-block-paragraph\">Lo anterior se suma al contexto de violencia generalizada que afecta a gran parte del territorio nacional y que vulnera de forma considerable la vida democr\u00e1tica, y de manera particular la participaci\u00f3n pol\u00edtica de las mujeres.<\/p>\n\n\n\n<p class=\"wp-block-paragraph\">Resistencias que tienen su manifestaci\u00f3n en pr\u00e1cticas discriminatorias como la violencia pol\u00edtica en raz\u00f3n de g\u00e9nero, fen\u00f3meno que en el estado de Guerrero ha cobrado la vida de dos precandidatas a cargos electivos durante el presente proceso electoral 2017-2018, dice la Red en un bolet\u00edn.<\/p>\n\n\n\n<p class=\"wp-block-paragraph\">El documento est\u00e1 firmado por integrantes del Comit\u00e9 Directivo Estatal de la Red para el Avance Pol\u00edtico de las Mujeres Guerrerenses Gloria Ram\u00edrez, C\u00e1tedra UNESCO de Derechos Humanos de la UNAM y Red de Profesoras e Investigadoras de Derechos Humanos de M\u00e9xico; Tanivet Ramos Reyes, Nuevas Estrategias de Comunicaci\u00f3n por la Igualdad A.C.; Delia Estrada S\u00e1nchez, acad\u00e9mica de la UNACH; Leticia Burgos Ochoa, Red Feminista Sonorense<\/p>\n\n\n\n<p class=\"wp-block-paragraph\">Rebeca Maltos, Directora de Gente Diversa en Baja California y Coordinadora del Observatorio Electoral Ciudadano en Baja California; Lina X\u00f3chitl Flores Archila, Coordinadora del Observatorio de Violencia Social y de G\u00e9nero en el estado de Chiapas, entre otras<\/p>\n\n\n\n<p class=\"wp-block-paragraph\">SEM\/sje<\/p>\n","protected":false},"excerpt":{"rendered":"<p>Redacci\u00f3n SemM\u00e9xico, Cd. de M\u00e9xico, La Red de Redes por la Paridad Efectiva respalda a Zulma Carvajal Salgado y a las integrantes de la Red para el Avance Pol\u00edtico de las Mujeres Guerrerenses, en su exigencia al Comit\u00e9 Nacional del PRD para que a igual que el Instituto Electoral y de Participaci\u00f3n Ciudadana del estado [&hellip;]<\/p>\n","protected":false},"author":3,"featured_media":2603,"comment_status":"open","ping_status":"open","sticky":false,"template":"","format":"standard","meta":{"_monsterinsights_skip_tracking":false,"footnotes":""},"categories":[689,33],"tags":[],"class_list":["post-2602","post","type-post","status-publish","format-standard","has-post-thumbnail","category-689","category-elecciones-2018"],"_links":{"self":[{"href":"https:\/\/redsemlac.com\/semmexico\/wp-json\/wp\/v2\/posts\/2602","targetHints":{"allow":["GET"]}}],"collection":[{"href":"https:\/\/redsemlac.com\/semmexico\/wp-json\/wp\/v2\/posts"}],"about":[{"href":"https:\/\/redsemlac.com\/semmexico\/wp-json\/wp\/v2\/types\/post"}],"author":[{"embeddable":true,"href":"https:\/\/redsemlac.com\/semmexico\/wp-json\/wp\/v2\/users\/3"}],"replies":[{"embeddable":true,"href":"https:\/\/redsemlac.com\/semmexico\/wp-json\/wp\/v2\/comments?post=2602"}],"version-history":[{"count":0,"href":"https:\/\/redsemlac.com\/semmexico\/wp-json\/wp\/v2\/posts\/2602\/revisions"}],"wp:featuredmedia":[{"embeddable":true,"href":"https:\/\/redsemlac.com\/semmexico\/wp-json\/wp\/v2\/media\/2603"}],"wp:attachment":[{"href":"https:\/\/redsemlac.com\/semmexico\/wp-json\/wp\/v2\/media?parent=2602"}],"wp:term":[{"taxonomy":"category","embeddable":true,"href":"https:\/\/redsemlac.com\/semmexico\/wp-json\/wp\/v2\/categories?post=2602"},{"taxonomy":"post_tag","embeddable":true,"href":"https:\/\/redsemlac.com\/semmexico\/wp-json\/wp\/v2\/tags?post=2602"}],"curies":[{"name":"wp","href":"https:\/\/api.w.org\/{rel}","templated":true}]}}