{"id":25973,"date":"2020-09-23T19:43:49","date_gmt":"2020-09-23T19:43:49","guid":{"rendered":"https:\/\/redsemlac.com\/semmexico\/?p=25973"},"modified":"2023-07-21T16:30:44","modified_gmt":"2023-07-21T21:30:44","slug":"opinion-584","status":"publish","type":"post","link":"https:\/\/redsemlac.com\/semmexico\/opinion-584\/","title":{"rendered":"Sin  Querer\u2026 Fortalecen a Ricardo Anaya"},"content":{"rendered":"\n<p class=\"wp-block-paragraph\"><strong>Natalia Vidales Rodriguez<\/strong><\/p>\n\n\n\n<p class=\"wp-block-paragraph\">SemM\u00e9xico. Sonora. 23 de septiembre de 2020.- Apenas la semana pasada&nbsp;&nbsp;&#8211;en v\u00edspera de que Ricardo Anaya se presentar\u00e1 de regreso a la vida pol\u00edtica nacional &#8212;&nbsp;&nbsp;le fue desechada la&nbsp;&nbsp;demanda que interpuso&nbsp;&nbsp;en contra de Emilio Lozoya por da\u00f1o moral al relacionarlo con actos de corrupci\u00f3n.&nbsp;&nbsp;Y ahora&nbsp;&nbsp;&#8211;enseguida de su reaparici\u00f3n p\u00fablica de cara a las elecciones del a\u00f1o que viene&#8211;&nbsp;&nbsp;resulta que el titular de la Unidad de Inteligencia Financiera (la UIF),&nbsp;&nbsp;Santiago Nieto declara que est\u00e1 siendo investigado precisamente por los mismos hechos que Anaya reclama en aquella demanda.&nbsp;<\/p>\n\n\n\n<p class=\"wp-block-paragraph\">La nota no es nueva, pero, qu\u00e9 casualidad, el fiscal Santiago Nieto&nbsp;&nbsp;le da un refrito,&nbsp;&nbsp;casualmente saliendo de una reuni\u00f3n con&nbsp;&nbsp;dirigentes de MORENA,&nbsp;&nbsp;ahora que los reflectores iluminan a Ricardo Anaya como un factor&nbsp;&nbsp;que, sin duda, influir\u00e1 en el \u00e1nimo \u2013ya caldeado&#8211;&nbsp;&nbsp;de los ciudadanos&nbsp;para votar en contra del mal gobierno del Presidente L\u00f3pez Obrador en las urnas del pr\u00f3ximo mes de Junio.&nbsp;<\/p>\n\n\n\n<p class=\"wp-block-paragraph\">La demanda de Anaya,&nbsp;&nbsp;cuya improcedencia ya fue recurrida para que un juez superior revoque su desestimaci\u00f3n, y a la que la UIF se refiere para&nbsp;&nbsp;intentar ensuciar el nombre de Anaya&nbsp;&nbsp;procede del dicho de Emilio Lozoya (filtrado ilegalmente&nbsp;&nbsp;del expediente ministerial)&nbsp;&nbsp;respecto de que&nbsp;&nbsp;&nbsp;\u201c en espec\u00edfico Luis Videgaray&nbsp;&nbsp;&nbsp;&nbsp;me instruy\u00f3 entregarle 6, 800, 000 a Ricardo Anaya\u201d&nbsp;&nbsp;( sin que conste, en ninguna prueba,&nbsp;&nbsp;la entrega&nbsp;&nbsp;de esa ni de ninguna otra cantidad al ex candidato presidencial del PAN el 2018).<\/p>\n\n\n\n<p class=\"wp-block-paragraph\">Desde luego que, en estos momentos Anaya ya prepara el contraataque &#8211;la mejor de las defensas en las lides pol\u00edticas&#8211;&nbsp;&nbsp;pese a que en el video donde anuncia su regreso a la actividad p\u00fablica manifiesta que lo hace para ayudar, no para estorbar, en estos&nbsp;&nbsp;tiempos dif\u00edciles por los que atraviesa el pa\u00eds, solo para ser \u201crecibido\u201d&nbsp;&nbsp;por el gobierno con el golpe medi\u00e1tico de sacar de nuevo a colaci\u00f3n el dicho de Lozoya hace casi un mes.&nbsp;<\/p>\n\n\n\n<p class=\"wp-block-paragraph\">De hecho,&nbsp;&nbsp;esto podr\u00eda provocar que&nbsp;&nbsp;Anaya aproveche y agregue&nbsp;&nbsp;el nombre del&nbsp;&nbsp;mismo Santiago Nieto en su demanda por da\u00f1o moral, junto al nombre de Lozoya por divulgar dichos sin probar&nbsp;&nbsp;y los cuales perjudican en lo personal a Anaya.&nbsp;<\/p>\n\n\n\n<p class=\"wp-block-paragraph\">Por otra parte no deja de ser \u201cbueno\u201d para un pol\u00edtico de la oposici\u00f3n el que, de inmediato,&nbsp;&nbsp;el gobierno&nbsp;&nbsp;mueva sus alfiles y reaccione ante su presencia procurando intimidarlo, porque, as\u00ed, en&nbsp;&nbsp;realidad lo fortalece ante una opini\u00f3n p\u00fablica ya francamente harta de que desde la Presidencia se opere con golpes bajos, falsedades e incluso insultos a quien ose pon\u00e9rsele enfrente. Pero, conociendo a Anaya, quien al filtrarse los dichos de Lozoya de inmediato procedi\u00f3 a demandarlo y diciendo que con \u00e9l topar\u00edan con pared, lo dicho por el titular de la UIF&nbsp;&nbsp;este&nbsp;&nbsp;&nbsp;martes 22,&nbsp;solo le dar\u00e1 m\u00e1s vuelo a su reaparici\u00f3n&nbsp;&nbsp;en el escenario&nbsp;&nbsp;de la vida nacional. &nbsp; &nbsp;&nbsp;<\/p>\n\n\n\n<p class=\"wp-block-paragraph\">Santiago Nieto, titular de la Unidad de Inteligencia Financiera (UIF), confirm\u00f3 este martes 22 de septiembre que la dependencia que dirige mantiene una investigaci\u00f3n contra Ricardo Anaya, ex candidato a la presidencia por el Partido Acci\u00f3n Nacional (PAN), por supuestos v\u00ednculos en el caso de Emilio Lozoya, ex director de Petr\u00f3leos Mexicanos (Pemex), quien tiene un proceso legal por su presunta responsabilidad en casos de corrupci\u00f3n, lavado de dinero, desv\u00edo de recursos con fines electorales y sobornos&nbsp;<\/p>\n\n\n\n<p class=\"wp-block-paragraph\">\u201cLa Unidad est\u00e1 haciendo una investigaci\u00f3n de estas 70 personas, para ver si existe alguna actividad irregular y en su caso, presentar la informaci\u00f3n ante la Fiscal\u00eda General de la Rep\u00fablica y su nombre (el de Ricardo Anaya), aparece ah\u00ed\u201d, declar\u00f3 Nieto Castillo<\/p>\n\n\n\n<p class=\"wp-block-paragraph\">Cabe recordar&nbsp;&nbsp;que&nbsp;&nbsp;los dichos&nbsp;&nbsp;que manifest\u00f3&nbsp;&nbsp;\u201cel se\u00f1or Lozoya\u201d ( as\u00ed lo mencion\u00f3 Santiago Nieto) en realidad es una denuncia de hechos propios, pero la Fiscal\u00eda le dio car\u00e1cter de denuncia, y donde&nbsp;&nbsp;vienen relacionadas&nbsp;&nbsp;70 personas, entre ellas Ricardo Anaya, \u201cpor lo cual se investiga al excandidato presidencial del Partido Acci\u00f3n Nacional (PAN)\u201d , dijo el fiscal,&nbsp;&nbsp;&nbsp;pero sin aportar ning\u00fan elemento o prueba alguna adicional o&nbsp;&nbsp;espec\u00edfica contra \u00e9l luego de un mes de aquella menci\u00f3n.&nbsp;<\/p>\n","protected":false},"excerpt":{"rendered":"<p>La \u201ccargada\u201d del gobierno de AMLO  en contra de Ricardo Anaya inmediatamente despu\u00e9s  &#8211;\u00a1qu\u00e9 casualidad!&#8211; de su reaparici\u00f3n en la lid pol\u00edtica,  en  realidad lo fortalece.   Y deja ver la ya franca preocupaci\u00f3n del r\u00e9gimen por lo que le espera en las pr\u00f3ximas elecciones. <\/p>\n","protected":false},"author":3,"featured_media":25974,"comment_status":"open","ping_status":"open","sticky":false,"template":"","format":"standard","meta":{"_monsterinsights_skip_tracking":false,"footnotes":""},"categories":[691,100,72,35],"tags":[],"class_list":["post-25973","post","type-post","status-publish","format-standard","has-post-thumbnail","category-691","category-mujer-y-poder","category-natalia-vidales","category-opinion"],"_links":{"self":[{"href":"https:\/\/redsemlac.com\/semmexico\/wp-json\/wp\/v2\/posts\/25973","targetHints":{"allow":["GET"]}}],"collection":[{"href":"https:\/\/redsemlac.com\/semmexico\/wp-json\/wp\/v2\/posts"}],"about":[{"href":"https:\/\/redsemlac.com\/semmexico\/wp-json\/wp\/v2\/types\/post"}],"author":[{"embeddable":true,"href":"https:\/\/redsemlac.com\/semmexico\/wp-json\/wp\/v2\/users\/3"}],"replies":[{"embeddable":true,"href":"https:\/\/redsemlac.com\/semmexico\/wp-json\/wp\/v2\/comments?post=25973"}],"version-history":[{"count":0,"href":"https:\/\/redsemlac.com\/semmexico\/wp-json\/wp\/v2\/posts\/25973\/revisions"}],"wp:featuredmedia":[{"embeddable":true,"href":"https:\/\/redsemlac.com\/semmexico\/wp-json\/wp\/v2\/media\/25974"}],"wp:attachment":[{"href":"https:\/\/redsemlac.com\/semmexico\/wp-json\/wp\/v2\/media?parent=25973"}],"wp:term":[{"taxonomy":"category","embeddable":true,"href":"https:\/\/redsemlac.com\/semmexico\/wp-json\/wp\/v2\/categories?post=25973"},{"taxonomy":"post_tag","embeddable":true,"href":"https:\/\/redsemlac.com\/semmexico\/wp-json\/wp\/v2\/tags?post=25973"}],"curies":[{"name":"wp","href":"https:\/\/api.w.org\/{rel}","templated":true}]}}