{"id":25920,"date":"2020-09-22T20:27:48","date_gmt":"2020-09-22T20:27:48","guid":{"rendered":"https:\/\/redsemlac.com\/semmexico\/?p=25920"},"modified":"2023-07-21T16:30:46","modified_gmt":"2023-07-21T21:30:46","slug":"cdmx-36","status":"publish","type":"post","link":"https:\/\/redsemlac.com\/semmexico\/cdmx-36\/","title":{"rendered":"Solicitan organismos civiles al Estado mexicano garantice la vida y salud de Macarena Rodr\u00edguez Farr\u00e9, encarcelada hace 12 a\u00f1os"},"content":{"rendered":"\n<ul class=\"wp-block-list\"><li><strong>\u00a0Ha demostrado su inocencia, pero siguen negando la preliberaci\u00f3n por razones humanitarias<\/strong><\/li><\/ul>\n\n\n\n<p class=\"wp-block-paragraph\"><strong>Atenea Mej\u00eda<\/strong><\/p>\n\n\n\n<p class=\"wp-block-paragraph\">SemM\u00e9xico. Cd. de M\u00e9xico, 22 de septiembre, 2020. \u2013&nbsp;Nueve activistas y 11 organizaciones civiles se adhirieron a la solicitud de medidas cautelares ante la Comisi\u00f3n Interamericana de Derechos Humanos (CIDH) para que el Estado mexicano garantice el derecho a la vida, integridad personal y a la salud de la se\u00f1ora Macarena del Rosario Rodr\u00edguez Farr\u00e9, presa de manera injusta desde hace 12 a\u00f1os.<\/p>\n\n\n\n<p class=\"wp-block-paragraph\">Adem\u00e1s de que el Estado d\u00e9 seguimiento al tr\u00e1mite de solicitud de preliberaci\u00f3n por razones humanitarias.<\/p>\n\n\n\n<p class=\"wp-block-paragraph\">La se\u00f1ora Rodr\u00edguez Farr\u00e9, quien era trabajadora sexual est\u00e1 presa en el penal de Santa Martha Acatitla, acusada de secuestro express, en contra un hombre que hab\u00eda contratado sus servicios, pero \u00e9ste se neg\u00f3 a pagarle y en respuesta ella llam\u00f3 a su casa para que acudieran al lugar a pagar la deuda.<\/p>\n\n\n\n<p class=\"wp-block-paragraph\">Despu\u00e9s de la llamada, la madre del hombre lleg\u00f3 con una patrulla y la acusaron de secuestro express, se la llevaron detenida y desde el tres de agosto de 2008 Macarena se encuentra presa cumpliendo una condena de 20 a\u00f1os de prisi\u00f3n.<\/p>\n\n\n\n<p class=\"wp-block-paragraph\">Rodr\u00edguez Farr\u00e9 es de nacionalidad colombiana y espa\u00f1ola, \u201ca quien en diversas ocasiones se le ha negado la atenci\u00f3n m\u00e9dica especializada, requerida para tratar los padecimientos cr\u00f3nicos que la aquejan y que deterioran su salud. Adem\u00e1s, las autoridades han sido omisas en la continuaci\u00f3n de la tramitaci\u00f3n del beneficio para obtener su libertad por razones humanitarias iniciado el 19 de agosto de 2019 y hasta la fecha se le ha negado el acceso a su informaci\u00f3n m\u00e9dica, menciona un comunicado que emitieron diversas organizaciones.<\/p>\n\n\n\n<p class=\"wp-block-paragraph\">En el documento que firman el Colectivo de Litigio Estrat\u00e9gico e Investigaci\u00f3n en Derechos Humanos (CLEIDH) A.C, Reinserta A. C, Pensamiento Penal M\u00e9xico, Chile y M\u00e9xico, as\u00ed como, Fundaci\u00f3n Voz de Libertad A.C y Lazos de Tinta A.C, se menciona que \u201cla se\u00f1ora Macarena del Rosario Rodr\u00edguez Farr\u00e9, sufre diversas enfermedades cr\u00f3nico degenerativas que, de no ser tratadas oportunamente, ponen en riesgo su vida, integridad personal y salud\u201d.<\/p>\n\n\n\n<p class=\"wp-block-paragraph\">Agregan que la situaci\u00f3n de la v\u00edctima \u201cse ha agravado debido a la pandemia ocasionada por el virus SARS-CoV-2 (Coronavirus) y la alta tasa de letalidad que tiene en los reclusorios de M\u00e9xico, especialmente en personas inmunocomprometidas como Macarena, a ello se le agrega que no cuenta con familiar alguno que pueda proveerla de insumos b\u00e1sicos para cubrir sus necesidades al interior del reclusorio y as\u00ed prevenir el contagio\u201d.<\/p>\n\n\n\n<p class=\"wp-block-paragraph\">Por las razones antes expuestas, \u201chacemos un llamado a las autoridades competentes para que de manera inmediata brinden la atenci\u00f3n m\u00e9dica especializada que Macarena del Rosario Rodr\u00edguez Farr\u00e9 requiere; le den acceso a toda la informaci\u00f3n de su expediente m\u00e9dico; y den seguimiento al tr\u00e1mite de solicitud de preliberaci\u00f3n por razones humanitarias. Todas las peticiones antes se\u00f1aladas se realizan con la finalidad de salvaguardar sus derechos y detener la violaci\u00f3n sistem\u00e1tica de sus derechos humanos\u201d.<\/p>\n\n\n\n<p class=\"wp-block-paragraph\">Enfatizamos que la falta de atenci\u00f3n oportuna a las solicitudes de Macarena \u201cconstituye una violaci\u00f3n flagrante a sus derechos humanos y una forma de discriminaci\u00f3n que vulnera de diversas maneras su dignidad humana y contraviene m\u00faltiples instrumentos internacionales ratificados por el Estado mexicano, as\u00ed como el texto constitucional mismo, al no cumplir con la protecci\u00f3n especial derivada de su condici\u00f3n de persona privada de la libertad con padecimientos cr\u00f3nico-degenerativos que la hacen particularmente vulnerable ante el virus Sars-CoV-2\u201d.<\/p>\n\n\n\n<p class=\"wp-block-paragraph\">Otras firmantes de esta petici\u00f3n son Mujeres en Espiral: Sistema de Justicia, Perspectiva de G\u00e9nero y Pedagog\u00edas en Resistencia, Asociaci\u00f3n Mexicana de Abogados del Pueblo Guerrero, Comunicadores MX; las doctoras Andrea Fern\u00e1ndez, Investigadora en Estudios Latinoamericanos de la UNAM y Claudia Salinas Boldo de Facultad de Ciencias Humanas Universidad Aut\u00f3noma de Baja California.<\/p>\n\n\n\n<p class=\"wp-block-paragraph\">As\u00ed como la Doctora Elena Azaola Garrido, Miembro del Sistema Nacional de Investigadores; el maestro, Luis Manuel Serrano D\u00edaz, Artista Pl\u00e1stico; las licenciadas, Arlen Palestina Pandal Madrid, Ethel Flores Castillo, M\u00f3nica Hern\u00e1ndez Serrano.<\/p>\n\n\n\n<p class=\"wp-block-paragraph\">Tambi\u00e9n firman la doctora Mar\u00eda Josefina Edith Parrilla Aguilar, Asesor Familiar y Logo terapeuta, la Maestra Rosy Laura Castellanos Mariano, Consejera y Presidenta del Instituto de Investigaci\u00f3n y Estudios en Cultura de Derechos Humanos A. C.<\/p>\n","protected":false},"excerpt":{"rendered":"<p> Ha demostrado su inocencia, pero siguen negando la preliberaci\u00f3n por razones humanitarias<\/p>\n","protected":false},"author":3,"featured_media":25921,"comment_status":"open","ping_status":"open","sticky":false,"template":"","format":"standard","meta":{"_monsterinsights_skip_tracking":false,"footnotes":""},"categories":[691,54],"tags":[],"class_list":["post-25920","post","type-post","status-publish","format-standard","has-post-thumbnail","category-691","category-mujeres"],"_links":{"self":[{"href":"https:\/\/redsemlac.com\/semmexico\/wp-json\/wp\/v2\/posts\/25920","targetHints":{"allow":["GET"]}}],"collection":[{"href":"https:\/\/redsemlac.com\/semmexico\/wp-json\/wp\/v2\/posts"}],"about":[{"href":"https:\/\/redsemlac.com\/semmexico\/wp-json\/wp\/v2\/types\/post"}],"author":[{"embeddable":true,"href":"https:\/\/redsemlac.com\/semmexico\/wp-json\/wp\/v2\/users\/3"}],"replies":[{"embeddable":true,"href":"https:\/\/redsemlac.com\/semmexico\/wp-json\/wp\/v2\/comments?post=25920"}],"version-history":[{"count":0,"href":"https:\/\/redsemlac.com\/semmexico\/wp-json\/wp\/v2\/posts\/25920\/revisions"}],"wp:featuredmedia":[{"embeddable":true,"href":"https:\/\/redsemlac.com\/semmexico\/wp-json\/wp\/v2\/media\/25921"}],"wp:attachment":[{"href":"https:\/\/redsemlac.com\/semmexico\/wp-json\/wp\/v2\/media?parent=25920"}],"wp:term":[{"taxonomy":"category","embeddable":true,"href":"https:\/\/redsemlac.com\/semmexico\/wp-json\/wp\/v2\/categories?post=25920"},{"taxonomy":"post_tag","embeddable":true,"href":"https:\/\/redsemlac.com\/semmexico\/wp-json\/wp\/v2\/tags?post=25920"}],"curies":[{"name":"wp","href":"https:\/\/api.w.org\/{rel}","templated":true}]}}