{"id":25915,"date":"2020-09-22T20:19:39","date_gmt":"2020-09-22T20:19:39","guid":{"rendered":"https:\/\/redsemlac.com\/semmexico\/?p=25915"},"modified":"2023-07-21T16:30:46","modified_gmt":"2023-07-21T21:30:46","slug":"en-la-camara-de-diputados-se-aprobaron-dictamenes-para-reformar-el-marco-juridico-de-la-libertad-de-expresion","status":"publish","type":"post","link":"https:\/\/redsemlac.com\/semmexico\/en-la-camara-de-diputados-se-aprobaron-dictamenes-para-reformar-el-marco-juridico-de-la-libertad-de-expresion\/","title":{"rendered":"En la C\u00e1mara de Diputados se aprobaron dict\u00e1menes para reformar el marco jur\u00eddico de la libertad de expresi\u00f3n"},"content":{"rendered":"\n<ul class=\"wp-block-list\"><li><strong>Se modificar\u00e1n al menos 12 ordenamientos y de desech\u00f3 hacer una Ley general<\/strong><\/li><\/ul>\n\n\n\n<ul class=\"wp-block-list\"><li><strong>Las reformas buscan reordenar garant\u00edas y recursos suficientes para la protecci\u00f3n a v\u00edctimas\u00a0<\/strong><\/li><\/ul>\n\n\n\n<ul class=\"wp-block-list\"><li><strong>Informa de los dict\u00e1menes y el proceso la diputada del MC, Martha Tagle Mart\u00ednez<\/strong><\/li><\/ul>\n\n\n\n<p class=\"wp-block-paragraph\"><strong>Por Am\u00e9rica L\u00f3pez<\/strong><\/p>\n\n\n\n<p class=\"wp-block-paragraph\">SemM\u00e9xico. Cd. de M\u00e9xico. 22 de septiembre de 2020.- &nbsp;Los derechos de las y los periodistas podr\u00edan ampliarse si se tiene cuidado de legislar correctamente en relaci\u00f3n al da\u00f1o moral, porque esta figura puede ser utilizada para limitar la libertad de expresi\u00f3n, advirti\u00f3 hoy la diputada Martha Tagle Mart\u00ednez, en la ceremonia donde la Comisi\u00f3n de Gobernaci\u00f3n, aprob\u00f3 dict\u00e1menes de 12 leyes para establecer las bases de la libertad de expresi\u00f3n como el m\u00e1ximo valor democr\u00e1tico y se abrog\u00f3 la Ley de Imprenta de 1917.<\/p>\n\n\n\n<p class=\"wp-block-paragraph\">La legisladora pidi\u00f3 suficiencia presupuestal para el \u00f3rgano que protege a las v\u00edctimas de la libertad de expresi\u00f3n, muchos periodistas, dijo, son asesinadas y asesinados a sangre fr\u00eda; ese mecanismo debe asegurar el respeto y la protecci\u00f3n de periodistas y quienes defienden los derechos humanos.<\/p>\n\n\n\n<p class=\"wp-block-paragraph\">Dijo que lo m\u00e1s importante de estos cambios es garantizar una pol\u00edtica p\u00fablica que tenga como fundamento promover y asegurar una de las libertades base de nuestra democracia, como es la libertad de expresi\u00f3n<\/p>\n\n\n\n<p class=\"wp-block-paragraph\">Est\u00e1n a punto de aprobarse varios dict\u00e1menes para modificar el marco jur\u00eddico para respetar, proteger, garantizar y promover los Derechos de las Personas Defensoras de Derechos Humanos y Personas Periodistas que implica la modificaci\u00f3n a 12 ordenamientos secundarios y pasar\u00e1 a la Comisi\u00f3n de Justicia, donde se analizar\u00e1 la cuesti\u00f3n del da\u00f1o moral que ya afect\u00f3 a periodistas, como el caso del doctor Sergio Aguayo.<\/p>\n\n\n\n<p class=\"wp-block-paragraph\">Del proceso, que inquieta en estos d\u00edas donde se discute la libertad de expresi\u00f3n en muchos espacios, inform\u00f3 que arranc\u00f3 exactamente hace un a\u00f1o 5 meses, a trav\u00e9s de una propuesta general que se discuti\u00f3 en Parlamento Abierto.&nbsp;<\/p>\n\n\n\n<p class=\"wp-block-paragraph\">El 30 de abril de 2019 se hizo la inscripci\u00f3n de la iniciativa, detalla la legisladora, llamada Ley General para respetar, proteger, garantizar y promover los Derechos de las Personas Defensoras de Derechos Humanos y Personas Periodistas.<\/p>\n\n\n\n<p class=\"wp-block-paragraph\">Esta fue elaborada por un grupo de&nbsp;&nbsp;diputadas y diputados integrantes de la Comisi\u00f3n de Gobernaci\u00f3n y Poblaci\u00f3n; a partir de ello&nbsp;&nbsp;la Comisi\u00f3n promovi\u00f3 la realizaci\u00f3n de&nbsp;&nbsp;\u201cAudiencias de Parlamento Abierto\u201d con siete mesas en las que se presentaron un total de 68 ponencias en las que se trataron temas como: medidas de protecci\u00f3n, medidas sociales, medidas de prevenci\u00f3n, acciones reactivas del Mecanismo de Protecci\u00f3n de Personas Defensoras de Derechos Humanos y Periodistas, actuaciones de la Fiscal\u00eda Especial para la Atenci\u00f3n de Delitos cometidos contra la Libertad de Expresi\u00f3n.<\/p>\n\n\n\n<p class=\"wp-block-paragraph\">Afirm\u00f3, en la discusi\u00f3n de esta ma\u00f1ana que para nadie es desconocida la situaci\u00f3n que atraviesa el periodismo en M\u00e9xico, configur\u00e1ndose en 2019 como el pa\u00eds de Am\u00e9rica Latina m\u00e1s peligroso para ejercer el periodismo, incluso en peores condiciones que Afganist\u00e1n y Paquist\u00e1n, conforme al reporte de La Libertad de Prensa en el mundo 2019, de la organizaci\u00f3n internacional Reporteros Sin Fronteras. Las personas que se dedican al periodismo o son defensores de Derechos Humanos, son v\u00edctimas de intimidaciones y corren el riesgo de ser asesinados a sangre fr\u00eda, en medio de la total impunidad<\/p>\n\n\n\n<p class=\"wp-block-paragraph\">Por ello se discuti\u00f3 durante todos estos meses especialmente, y a fondo la atenci\u00f3n a las v\u00edctimas que han sido desplazadas de sus hogares para ser reubicadas en distintas zonas del pa\u00eds y poder recibir la protecci\u00f3n del Mecanismo. El sistema de parlamento abierto pudo tomar en cuenta todas las opiniones y propuestas presentadas por las personas acad\u00e9micas, especialistas, servidoras p\u00fablicas, integrantes de la sociedad civil organizada y ciudadan\u00eda que acudieron a alguna de las tres reuniones que se celebraron durante los meses de julio, agosto y septiembre de 2019.<\/p>\n\n\n\n<p class=\"wp-block-paragraph\">Finalmente, el 12 de febrero en el Sal\u00f3n de Protocolo se entreg\u00f3 la relator\u00eda y conclusiones del Parlamento abierto. De com\u00fan acuerdo la Comisi\u00f3n de Gobernaci\u00f3n y Poblaci\u00f3n y organizaciones de la sociedad civil consideraron realizar las modificaciones necesarias a la ley vigente y declinaron expedir una nueva.<\/p>\n\n\n\n<p class=\"wp-block-paragraph\">Ese mismo d\u00eda se plante\u00f3 la ruta y presentaci\u00f3n para la modificaci\u00f3n de un paquete de 12 reformas a diversas leyes para garantizar la libertad de expresi\u00f3n y fortalecer la protecci\u00f3n de activistas y periodistas; este d\u00eda inform\u00f3 \u201cestamos por votar dos dict\u00e1menes: el de la ley de protecci\u00f3n a personas defensoras de derechos humanos y periodistas, y la abrogaci\u00f3n de la ley de delitos de imprenta que data de 1917.&nbsp;<\/p>\n\n\n\n<p class=\"wp-block-paragraph\">Un tema pendiente fundamental, en el paquete de reformas, que fue turnado a la Comisi\u00f3n de Justicia, y ser\u00e1 muy importante trabajar con los legisladores, en lo que se refiere a las modificaciones al C\u00f3digo Civil en materia de da\u00f1o moral, para que esta figura no sea utilizada para limitar la libertad de expresi\u00f3n de quienes hacen periodismo, como lo hemos visto en el caso del Doctor Sergio Aguayo. Confi\u00f3 en que se alcanzar\u00e1 el consenso para que pronto salga tambi\u00e9n ese dictamen.<\/p>\n\n\n\n<p class=\"wp-block-paragraph\">Reiter\u00f3 que esas modificaciones no ser\u00e1n determinantes en la pr\u00e1ctica, si no se toma en cuenta la necesidad de garantizar la suficiencia presupuestal para la implementaci\u00f3n de una pol\u00edtica p\u00fablica que tenga como fin garantizar una de las libertades base de nuestra democracia, como es la libertad de expresi\u00f3n.<\/p>\n\n\n\n<p class=\"wp-block-paragraph\">Luego dijo que como legisladora y llamando a la C\u00e1mara de Diputados que debe prevalecer la convicci\u00f3n de que debemos asumir la responsabilidad que cada uno tiene frente a esta tragedia.&nbsp;<\/p>\n\n\n\n<p class=\"wp-block-paragraph\">Desde su perspectiva cree que con las reformas avanzamos en nuestro compromiso para atender la situaci\u00f3n que viven personas defensoras de derechos humanos y periodistas en M\u00e9xico, pero tambi\u00e9n se\u00f1al\u00f3 en esa parte de su discurso sobre r la necesidad de garantizar la suficiencia presupuestal para la implementaci\u00f3n de una pol\u00edtica p\u00fablica que tenga como fin garantizar una de las libertades base de nuestra democracia, como es la libertad de expresi\u00f3n.<\/p>\n\n\n\n<p class=\"wp-block-paragraph\">Finalmente reconoci\u00f3 el trabajo de conducci\u00f3n, compromiso y capacidad de consenso de la Presidenta de la Comisi\u00f3n, la Diputada Roc\u00edo Barrera Badillo, y reconoci\u00f3 a los equipos t\u00e9cnicos, tanto de la comisi\u00f3n, como de las y los legisladores y de las organizaciones que participaron durante todo el proceso.<\/p>\n","protected":false},"excerpt":{"rendered":"<p>Se modificar\u00e1n al menos 12 ordenamientos y de desech\u00f3 hacer una Ley general<\/p>\n","protected":false},"author":3,"featured_media":25928,"comment_status":"open","ping_status":"open","sticky":false,"template":"","format":"standard","meta":{"_monsterinsights_skip_tracking":false,"footnotes":""},"categories":[691,50],"tags":[],"class_list":["post-25915","post","type-post","status-publish","format-standard","has-post-thumbnail","category-691","category-congreso"],"_links":{"self":[{"href":"https:\/\/redsemlac.com\/semmexico\/wp-json\/wp\/v2\/posts\/25915","targetHints":{"allow":["GET"]}}],"collection":[{"href":"https:\/\/redsemlac.com\/semmexico\/wp-json\/wp\/v2\/posts"}],"about":[{"href":"https:\/\/redsemlac.com\/semmexico\/wp-json\/wp\/v2\/types\/post"}],"author":[{"embeddable":true,"href":"https:\/\/redsemlac.com\/semmexico\/wp-json\/wp\/v2\/users\/3"}],"replies":[{"embeddable":true,"href":"https:\/\/redsemlac.com\/semmexico\/wp-json\/wp\/v2\/comments?post=25915"}],"version-history":[{"count":0,"href":"https:\/\/redsemlac.com\/semmexico\/wp-json\/wp\/v2\/posts\/25915\/revisions"}],"wp:featuredmedia":[{"embeddable":true,"href":"https:\/\/redsemlac.com\/semmexico\/wp-json\/wp\/v2\/media\/25928"}],"wp:attachment":[{"href":"https:\/\/redsemlac.com\/semmexico\/wp-json\/wp\/v2\/media?parent=25915"}],"wp:term":[{"taxonomy":"category","embeddable":true,"href":"https:\/\/redsemlac.com\/semmexico\/wp-json\/wp\/v2\/categories?post=25915"},{"taxonomy":"post_tag","embeddable":true,"href":"https:\/\/redsemlac.com\/semmexico\/wp-json\/wp\/v2\/tags?post=25915"}],"curies":[{"name":"wp","href":"https:\/\/api.w.org\/{rel}","templated":true}]}}