{"id":25910,"date":"2020-09-22T20:11:33","date_gmt":"2020-09-22T20:11:33","guid":{"rendered":"https:\/\/redsemlac.com\/semmexico\/?p=25910"},"modified":"2023-07-21T16:30:46","modified_gmt":"2023-07-21T21:30:46","slug":"morelos-57","status":"publish","type":"post","link":"https:\/\/redsemlac.com\/semmexico\/morelos-57\/","title":{"rendered":"Margarita Gonz\u00e1lez Saravia dej\u00f3 STyC para irse a la Loter\u00eda Nacional"},"content":{"rendered":"\n<ul class=\"wp-block-list\"><li><strong>Present\u00f3 su renuncia&nbsp;<\/strong><\/li><\/ul>\n\n\n\n<p class=\"wp-block-paragraph\"><strong>Estrella Pedroza&nbsp;<\/strong><\/p>\n\n\n\n<p class=\"wp-block-paragraph\">SemM\u00e9xico. Morelos. 22 de septiembre de 2020.-&nbsp;Este martes, Margarita Gonz\u00e1lez Saravia, renunci\u00f3 como titular de la Secretar\u00eda de Turismo y Cultura (STyC) de Morelos para asumir la direcci\u00f3n general de la Loter\u00eda Nacional para la Asistencia P\u00fablica.<\/p>\n\n\n\n<p class=\"wp-block-paragraph\">Luego de que el presidente&nbsp;&nbsp;Andr\u00e9s Manuel L\u00f3pez Obrador anunci\u00f3&nbsp;cambios en su gobierno y la integraci\u00f3n de la hasta hoy funcionaria del gobierno estatal.&nbsp;<\/p>\n\n\n\n<p class=\"wp-block-paragraph\">Margarita Gonz\u00e1lez estuvo al frente de la STyC desde el 01 de octubre de 2018, es fundadora del Movimiento Regeneraci\u00f3n&nbsp;&nbsp;Nacional (MORENA) en Morelos y una de las fieles seguidoras de AMLO.&nbsp;<\/p>\n\n\n\n<p class=\"wp-block-paragraph\">Fue una de las dos personas morenitsas que lograron formar parte del gobierno de Cuauht\u00e9moc Blanco Bravo y la \u00fanica que a la fecha formaba parte del gabinete blanquista. &nbsp;<\/p>\n\n\n\n<p class=\"wp-block-paragraph\">Tras la renuncia de la secretar\u00eda de Turismo y Cultura, el Gobierno de Morelos, anunci\u00f3 en un comunicado de prensa que&nbsp;&nbsp;analiza los mejores perfiles para designar a la persona que dar\u00e1 continuidad a los trabajos en materia de impulso tur\u00edstico y cultural de la entidad.<\/p>\n\n\n\n<p class=\"wp-block-paragraph\">En la misiva se destac\u00f3 que Blanco Bravo reconoce \u201cla destacada labor que ha venido desempe\u00f1ando Gonz\u00e1lez Saravia en la promoci\u00f3n del estado, lo cual ha posicionado a Morelos como Anfitri\u00f3n del Mundo; y le desea el mejor de los \u00e9xitos en el que ser\u00e1 su nuevo encargo\u201d.&nbsp;<\/p>\n\n\n\n<p class=\"wp-block-paragraph\">En tanto, empresarios de Morelos piden al Gobierno&nbsp;estatal&nbsp;nombrar al frente de la Secretar\u00eda de Turismo a alguien&nbsp;con las capacidades necesarias&nbsp;para el impulso tur\u00edstico de Morelos.&nbsp;<\/p>\n\n\n\n<p class=\"wp-block-paragraph\">\u00c1ngel Adame Jim\u00e9nez, presidente del Consejo Coordinador Empresarial (CCE), sostuvo, que tras las afectaciones sufridas por la pandemia es urgente reforzar el sector tur\u00edstico.&nbsp;<\/p>\n","protected":false},"excerpt":{"rendered":"<p>Este martes, Margarita Gonz\u00e1lez Saravia, renunci\u00f3 como titular de la Secretar\u00eda de Turismo y Cultura (STyC) de Morelos para asumir la direcci\u00f3n general de la Loter\u00eda Nacional para la Asistencia P\u00fablica.<\/p>\n","protected":false},"author":3,"featured_media":25911,"comment_status":"open","ping_status":"open","sticky":false,"template":"","format":"standard","meta":{"_monsterinsights_skip_tracking":false,"footnotes":""},"categories":[691,51],"tags":[],"class_list":["post-25910","post","type-post","status-publish","format-standard","has-post-thumbnail","category-691","category-ejecutivo"],"_links":{"self":[{"href":"https:\/\/redsemlac.com\/semmexico\/wp-json\/wp\/v2\/posts\/25910","targetHints":{"allow":["GET"]}}],"collection":[{"href":"https:\/\/redsemlac.com\/semmexico\/wp-json\/wp\/v2\/posts"}],"about":[{"href":"https:\/\/redsemlac.com\/semmexico\/wp-json\/wp\/v2\/types\/post"}],"author":[{"embeddable":true,"href":"https:\/\/redsemlac.com\/semmexico\/wp-json\/wp\/v2\/users\/3"}],"replies":[{"embeddable":true,"href":"https:\/\/redsemlac.com\/semmexico\/wp-json\/wp\/v2\/comments?post=25910"}],"version-history":[{"count":0,"href":"https:\/\/redsemlac.com\/semmexico\/wp-json\/wp\/v2\/posts\/25910\/revisions"}],"wp:featuredmedia":[{"embeddable":true,"href":"https:\/\/redsemlac.com\/semmexico\/wp-json\/wp\/v2\/media\/25911"}],"wp:attachment":[{"href":"https:\/\/redsemlac.com\/semmexico\/wp-json\/wp\/v2\/media?parent=25910"}],"wp:term":[{"taxonomy":"category","embeddable":true,"href":"https:\/\/redsemlac.com\/semmexico\/wp-json\/wp\/v2\/categories?post=25910"},{"taxonomy":"post_tag","embeddable":true,"href":"https:\/\/redsemlac.com\/semmexico\/wp-json\/wp\/v2\/tags?post=25910"}],"curies":[{"name":"wp","href":"https:\/\/api.w.org\/{rel}","templated":true}]}}