{"id":25732,"date":"2020-09-17T17:37:32","date_gmt":"2020-09-17T17:37:32","guid":{"rendered":"https:\/\/redsemlac.com\/semmexico\/?p=25732"},"modified":"2023-07-21T16:30:51","modified_gmt":"2023-07-21T21:30:51","slug":"la-antigrita-protesta-contra-la-violencia-machista","status":"publish","type":"post","link":"https:\/\/redsemlac.com\/semmexico\/la-antigrita-protesta-contra-la-violencia-machista\/","title":{"rendered":"La \u201cAntigrita\u201d, protesta contra la violencia machista"},"content":{"rendered":"\n<ul class=\"wp-block-list\"><li><strong>En Oaxaca y Veracruz mujeres toman las calles para denunciar a los gobiernos<\/strong><\/li><\/ul>\n\n\n\n<ul class=\"wp-block-list\"><li><strong>Cantan, gritar, rompen, pintan\u2026una forma para visibilizar la rabia<\/strong><\/li><\/ul>\n\n\n\n<p class=\"wp-block-paragraph\"><strong>Ana Alicia Osorio y Patricia Brise\u00f1o<\/strong><\/p>\n\n\n\n<p class=\"wp-block-paragraph\">SemM\u00e9xico, Cd. de M\u00e9xico, 17 de septiembre, 2020.- En Oaxaca como en Veracruz las mujeres dieron la \u201cAntigrita\u201d para protestar contra la violencia machista y la violencia de las instituciones.<\/p>\n\n\n\n<p class=\"wp-block-paragraph\">En Veracruz, el ambiente fue de reclamos. Las mujeres alzaron la voz para que se termine la injusticia y la impunidad que diariamente viven miles de mujeres en M\u00e9xico.<\/p>\n\n\n\n<p class=\"wp-block-paragraph\"><br>\u201cFeministas al grito de lucha, los pa\u00f1uelos alzar sin temor y que tiemblen los machos de mierda al sororo rugir del amor\u201d entonaron a todo pulm\u00f3n, el himno nacional con letras feministas mientras recordaban aquellas mujeres que han pasado a ser parte de las interminables listas de asesinadas, desaparecidas, violentadas.<\/p>\n\n\n\n<figure class=\"wp-block-video aligncenter\"><video height=\"352\" style=\"aspect-ratio: 640 \/ 352;\" width=\"640\" controls src=\"https:\/\/redsemlac.com\/semmexico\/wp-content\/uploads\/2020\/09\/WhatsApp-Video-2020-09-17-at-11.32.03-AM.mp4\"><\/video><figcaption>Manifestaci\u00f3n en Oaxaca.<\/figcaption><\/figure>\n\n\n\n<p class=\"wp-block-paragraph\"><br>Una a una las familiares de v\u00edctimas de feminicidio expusieron sus casos. Las historias de Claudia y Lorena, dos mujeres asesinadas cuyas muertes permanecen en la impunidad fueron contadas ante la mirada indignada de todas quienes no pod\u00edan creer la forma en que feminicidas confesos permanecen sin sentencia u otros pr\u00f3fugos.<br><\/p>\n\n\n\n<p class=\"wp-block-paragraph\">Por eso los gritos de justicia y la promesa de que todas juntas se acompa\u00f1ar\u00e1n se hicieron presentes al grito de \u201csomos malas podemos ser peores\u201d que precedi\u00f3 al fuego que simboliz\u00f3 el hartazgo y la exigencia de alto a la violencia machista.<\/p>\n\n\n\n<p class=\"wp-block-paragraph\">En Oaxaca las mujeres de diversos colectivos, mayoritariamente j\u00f3venes, se concentraron en la fuente de la Ocho Regiones, ubicada en la zona norte de la capital, donde exigieron alto a los feminicidios y desaparici\u00f3n de mujeres, asimismo expresaron su respaldo a las personas que exigen justicia en casos de violencia de g\u00e9nero.<\/p>\n\n\n\n<p class=\"wp-block-paragraph\">Las activistas marcharon hacia el atrio del templo de Santo Domingo de Guzm\u00e1n, en el centro hist\u00f3rico y a su paso realizaron pintas en las fachadas de locales comerciales, rompieron ventanales de comercios y rayaron algunos autom\u00f3viles en una agencia de reconocida marca. Tambi\u00e9n quebraron los cristales del cajero de una instituci\u00f3n bancaria.<\/p>\n\n\n\n<figure class=\"wp-block-gallery alignwide columns-2 is-cropped wp-block-gallery-1 is-layout-flex wp-block-gallery-is-layout-flex\"><ul class=\"blocks-gallery-grid\"><li class=\"blocks-gallery-item\"><figure><img decoding=\"async\" src=\"https:\/\/redsemlac.com\/semmexico\/wp-content\/uploads\/2020\/09\/WhatsApp-Image-2020-09-15-at-11.44.37-PM-1-768x1024.jpeg\" alt=\"\" data-id=\"25734\" data-full-url=\"https:\/\/redsemlac.com\/semmexico\/wp-content\/uploads\/2020\/09\/WhatsApp-Image-2020-09-15-at-11.44.37-PM-1.jpeg\" data-link=\"https:\/\/redsemlac.com\/semmexico\/?attachment_id=25734\" class=\"wp-image-25734\"\/><\/figure><\/li><li class=\"blocks-gallery-item\"><figure><img decoding=\"async\" src=\"https:\/\/redsemlac.com\/semmexico\/wp-content\/uploads\/2020\/09\/WhatsApp-Image-2020-09-15-at-11.44.37-PM-3-1024x768.jpeg\" alt=\"\" data-id=\"25736\" data-full-url=\"https:\/\/redsemlac.com\/semmexico\/wp-content\/uploads\/2020\/09\/WhatsApp-Image-2020-09-15-at-11.44.37-PM-3.jpeg\" data-link=\"https:\/\/redsemlac.com\/semmexico\/?attachment_id=25736\" class=\"wp-image-25736\"\/><\/figure><\/li><li class=\"blocks-gallery-item\"><figure><img decoding=\"async\" src=\"https:\/\/redsemlac.com\/semmexico\/wp-content\/uploads\/2020\/09\/WhatsApp-Image-2020-09-15-at-11.44.37-PM-1024x542.jpeg\" alt=\"\" data-id=\"25737\" data-full-url=\"https:\/\/redsemlac.com\/semmexico\/wp-content\/uploads\/2020\/09\/WhatsApp-Image-2020-09-15-at-11.44.37-PM.jpeg\" data-link=\"https:\/\/redsemlac.com\/semmexico\/?attachment_id=25737\" class=\"wp-image-25737\"\/><\/figure><\/li><\/ul><\/figure>\n\n\n\n<p class=\"wp-block-paragraph\">Asimismo, en su recorrido expresaron su rechazo a la prensa y le rociaron pintura a una reportera quien cubri\u00f3 parte de la manifestaci\u00f3n separatista, lo que provoc\u00f3 que algunos medios reprocharan la agresi\u00f3n.<\/p>\n\n\n\n<p class=\"wp-block-paragraph\">Al final de esta protesta, las integrantes de las colectivas quemaron una bandera nacional, y la sustituyeron por otras con vivos en verde y morado, cantaron juntas \u201cCanci\u00f3n sin miedo\u201d, de Vivir Quintana.<\/p>\n\n\n\n<p class=\"wp-block-paragraph\">SEM\/aaog-pb\/sj<\/p>\n\n\n\n<p class=\"wp-block-paragraph\">#LaAntigrita #ViolenciaMachista<\/p>\n","protected":false},"excerpt":{"rendered":"<p>Cantan, gritar, rompen, pintan\u2026una forma para visibilizar la rabia<\/p>\n","protected":false},"author":3,"featured_media":25735,"comment_status":"open","ping_status":"open","sticky":false,"template":"","format":"standard","meta":{"_monsterinsights_skip_tracking":false,"footnotes":""},"categories":[691,54],"tags":[],"class_list":["post-25732","post","type-post","status-publish","format-standard","has-post-thumbnail","category-691","category-mujeres"],"_links":{"self":[{"href":"https:\/\/redsemlac.com\/semmexico\/wp-json\/wp\/v2\/posts\/25732","targetHints":{"allow":["GET"]}}],"collection":[{"href":"https:\/\/redsemlac.com\/semmexico\/wp-json\/wp\/v2\/posts"}],"about":[{"href":"https:\/\/redsemlac.com\/semmexico\/wp-json\/wp\/v2\/types\/post"}],"author":[{"embeddable":true,"href":"https:\/\/redsemlac.com\/semmexico\/wp-json\/wp\/v2\/users\/3"}],"replies":[{"embeddable":true,"href":"https:\/\/redsemlac.com\/semmexico\/wp-json\/wp\/v2\/comments?post=25732"}],"version-history":[{"count":0,"href":"https:\/\/redsemlac.com\/semmexico\/wp-json\/wp\/v2\/posts\/25732\/revisions"}],"wp:featuredmedia":[{"embeddable":true,"href":"https:\/\/redsemlac.com\/semmexico\/wp-json\/wp\/v2\/media\/25735"}],"wp:attachment":[{"href":"https:\/\/redsemlac.com\/semmexico\/wp-json\/wp\/v2\/media?parent=25732"}],"wp:term":[{"taxonomy":"category","embeddable":true,"href":"https:\/\/redsemlac.com\/semmexico\/wp-json\/wp\/v2\/categories?post=25732"},{"taxonomy":"post_tag","embeddable":true,"href":"https:\/\/redsemlac.com\/semmexico\/wp-json\/wp\/v2\/tags?post=25732"}],"curies":[{"name":"wp","href":"https:\/\/api.w.org\/{rel}","templated":true}]}}