{"id":25614,"date":"2020-09-14T17:36:09","date_gmt":"2020-09-14T17:36:09","guid":{"rendered":"https:\/\/redsemlac.com\/semmexico\/?p=25614"},"modified":"2023-07-21T16:30:54","modified_gmt":"2023-07-21T21:30:54","slug":"llaman-a-evitar-por-todos-los-medios-la-criminalizacion-de-feministas","status":"publish","type":"post","link":"https:\/\/redsemlac.com\/semmexico\/llaman-a-evitar-por-todos-los-medios-la-criminalizacion-de-feministas\/","title":{"rendered":"Llaman a evitar por todos los medios la criminalizaci\u00f3n de feministas"},"content":{"rendered":"\n<p class=\"wp-block-paragraph\">\u2022 <strong>Frente Feminista Nacional en presentaci\u00f3n de informe alterno Beijing+25, frentistas demandan puertas abiertas para el di\u00e1logo<\/strong><\/p>\n\n\n\n<p class=\"wp-block-paragraph\">\u2022 <strong>Panorama desalentador en M\u00e9xico, pese a los avances en materia de derechos de las mujeres<\/strong><\/p>\n\n\n\n<p class=\"wp-block-paragraph\"><strong>Guadalupe L\u00f3pez Garc\u00eda<\/strong><br>SemM\u00e9xico, Ciudad de M\u00e9xico, 14 de septiembre, 2020.- \u201cPor todos los medios hay que evitar que se criminalice a las feministas que se manifiestan por el incumplimiento de sus derechos\u201d, indic\u00f3 Lourdes Garc\u00eda Acevedo, integrante de la Coordinaci\u00f3n Nacional del Frente Feminista Nacional (FFN), quien pidi\u00f3 adem\u00e1s \u201cpuertas abiertas para el di\u00e1logo\u201d, en estos tiempos en los que se siembra la duda sobre qui\u00e9n financia a las organizaciones sociales.<\/p>\n\n\n\n<p class=\"wp-block-paragraph\">El FFN, asegur\u00f3, no tiene financiamiento de ninguna instituci\u00f3n, fundaci\u00f3n, partido pol\u00edtico o persona ajenas al movimiento sino que ha contado con apoyos puntuales y solidarios de aliadas, para llevar a cabo sus acciones, como la edici\u00f3n del Informe Nacional Alterno Beijing+25, que se present\u00f3 virtualmente este viernes, el cual \u201crepresenta la visi\u00f3n de las feministas sobre los avances, los pendientes y los desaf\u00edos en el cumplimiento de la Plataforma de Acci\u00f3n de Beijing (PAB), en el marco de la conmemoraci\u00f3n de los 25 a\u00f1os de la IV Conferencia Mundial de la Mujer\u201d.<\/p>\n\n\n\n<p class=\"wp-block-paragraph\">De hecho, argument\u00f3, el informe es un pretexto para identificar los grandes pendientes que hay en M\u00e9xico y para que los compromisos e instrumentos internacionales en materia de derechos humanos de las mujeres se aterricen en las colonias, pueblos, municipios y entidades del pa\u00eds, pues en la vida cotidiana de las mujeres sigue habiendo discriminaci\u00f3n, exclusi\u00f3n, violencias y muchas dificultades para el acceso a la justicia de quienes han sido v\u00edctimas.<\/p>\n\n\n\n<p class=\"wp-block-paragraph\">En la sesi\u00f3n participaron como comentaristas la representante de ONU Mujeres en M\u00e9xico, Bel\u00e9n Sanz Luque; la presidenta de la Comisi\u00f3n de Igualdad de G\u00e9nero en la C\u00e1mara de Senadores, Martha Luc\u00eda M\u00edcher Camarena; su similar en la C\u00e1mara de Diputados, Wendy Brice\u00f1o Zuloaga (quien envi\u00f3 un mensaje grabado); la secretaria de esta \u00faltima comisi\u00f3n, Guadalupe Almaguer Pardo, la senadora Patricia Mercado Castro, la presidenta del Instituto Nacional de las Mujeres (Inmujeres), Nadine Gasman Zylbermann, y la consultora internacional Nieves Rico.<\/p>\n\n\n\n<p class=\"wp-block-paragraph\">Ante su presencia, Garc\u00eda Acevedo solicit\u00f3 mesas de trabajo para dar seguimiento a las propuestas presentadas en el informe. \u201cLa sociedad civil y, en particular, las feministas organizadas tenemos los conocimientos acumulados en teor\u00eda y en territorio, y queremos aportar a la gobernabilidad democr\u00e1tica\u201d, garantiz\u00f3.<\/p>\n\n\n\n<p class=\"wp-block-paragraph\">En tanto, Nahela Becerril Albarrr\u00e1n, tambi\u00e9n integrante de la Coordinaci\u00f3n Nacional del FFN, al exponer algunos resultados del informe, dividido en seis ejes (desarrollo inclusivo, pobreza, violencia, instituciones, sociedades pac\u00edficas e inclusivas, medio ambiente), destac\u00f3 que la perspectiva en M\u00e9xico no es alentadora, ya que prevalece la estrategia de programas asistenciales, privilegiando los apoyos econ\u00f3micos de forma individual, lo que genera dependencia hacia los recursos p\u00fablicos y limita la construcci\u00f3n de ciudadan\u00eda, la organizaci\u00f3n social y la autonom\u00eda econ\u00f3mica de las mujeres, adem\u00e1s de reproducir los roles de g\u00e9nero.<\/p>\n\n\n\n<p class=\"wp-block-paragraph\">Las comentaristas del informe resaltaron el esfuerzo de las organizaciones feministas en la elaboraci\u00f3n de estos documentos. Sanz Luque se\u00f1al\u00f3 que estos ejercicios son una oportunidad para renovar alianzas y el di\u00e1logo con la sociedad civil, el poder ejecutivo, legislativo.<\/p>\n\n\n\n<p class=\"wp-block-paragraph\">Habl\u00f3 de avances y desaf\u00edos que se manifiestan a nivel local, estatal y municipal, del crecimiento de grupos conservadores y de la importancia de garantizar el Estado laico, de las causas estructurales de la desigualdad y violencia hacia las mujeres y de la falta de reconocimiento de trabajo de las mujeres rurales e ind\u00edgenas, como en la producci\u00f3n de alimentos y reproducci\u00f3n de la cultura.<\/p>\n\n\n\n<p class=\"wp-block-paragraph\">La ONU reconoce que a nivel mundial ha habido avances en materia de derechos humanos, pero ese incremento ha sido frustrantemente desigual y lento. Avances que, dijo, han sido muy inferiores a lo que se plante\u00f3 en la propia PAB. Por eso, asever\u00f3, en su pr\u00f3xima Asamblea General, el organismo multilateral har\u00e1 un llamado a los gobiernos a que se vuelvan a comprometer con esa plataforma.<\/p>\n\n\n\n<p class=\"wp-block-paragraph\">A su vez, Nieves Rico resalt\u00f3 la construcci\u00f3n colectiva y participativa del informe del FFN \u2013y no a trav\u00e9s de una consultor\u00eda o de un grupo de especialistas\u2013 y lo calific\u00f3 como la voz del movimiento feminista. Destac\u00f3 su enfoque propositivo e interseccional que da cuenta de distintas vertientes saberes, conocimientos y experiencias de las organizaciones integrantes del frente, adem\u00e1s de su car\u00e1cter propositivo que sale del lugar de un sujeto pasivo, para ser un sujeto pol\u00edtico activo.<\/p>\n\n\n\n<p class=\"wp-block-paragraph\">En 25 a\u00f1os a pesar de los avances, hay varias paradojas y deudas. Entre estas, mencion\u00f3 que, pese a la evidencia emp\u00edrica, indicadores e informaci\u00f3n sobre la situaci\u00f3n de las mujeres, existe una gran dificultad para hacer pol\u00edticas de igualdad de g\u00e9nero y de ejercicio de derechos humanos, basados en ese conocimiento.<\/p>\n\n\n\n<p class=\"wp-block-paragraph\">SEM\/glg<\/p>\n","protected":false},"excerpt":{"rendered":"<p>Panorama desalentador en M\u00e9xico, pese a los avances en materia de derechos de las mujeres<\/p>\n","protected":false},"author":3,"featured_media":25615,"comment_status":"open","ping_status":"open","sticky":false,"template":"","format":"standard","meta":{"_monsterinsights_skip_tracking":false,"footnotes":""},"categories":[691,54],"tags":[],"class_list":["post-25614","post","type-post","status-publish","format-standard","has-post-thumbnail","category-691","category-mujeres"],"_links":{"self":[{"href":"https:\/\/redsemlac.com\/semmexico\/wp-json\/wp\/v2\/posts\/25614","targetHints":{"allow":["GET"]}}],"collection":[{"href":"https:\/\/redsemlac.com\/semmexico\/wp-json\/wp\/v2\/posts"}],"about":[{"href":"https:\/\/redsemlac.com\/semmexico\/wp-json\/wp\/v2\/types\/post"}],"author":[{"embeddable":true,"href":"https:\/\/redsemlac.com\/semmexico\/wp-json\/wp\/v2\/users\/3"}],"replies":[{"embeddable":true,"href":"https:\/\/redsemlac.com\/semmexico\/wp-json\/wp\/v2\/comments?post=25614"}],"version-history":[{"count":0,"href":"https:\/\/redsemlac.com\/semmexico\/wp-json\/wp\/v2\/posts\/25614\/revisions"}],"wp:featuredmedia":[{"embeddable":true,"href":"https:\/\/redsemlac.com\/semmexico\/wp-json\/wp\/v2\/media\/25615"}],"wp:attachment":[{"href":"https:\/\/redsemlac.com\/semmexico\/wp-json\/wp\/v2\/media?parent=25614"}],"wp:term":[{"taxonomy":"category","embeddable":true,"href":"https:\/\/redsemlac.com\/semmexico\/wp-json\/wp\/v2\/categories?post=25614"},{"taxonomy":"post_tag","embeddable":true,"href":"https:\/\/redsemlac.com\/semmexico\/wp-json\/wp\/v2\/tags?post=25614"}],"curies":[{"name":"wp","href":"https:\/\/api.w.org\/{rel}","templated":true}]}}