{"id":25558,"date":"2020-09-07T21:44:00","date_gmt":"2020-09-07T21:44:00","guid":{"rendered":"https:\/\/redsemlac.com\/semmexico\/?p=25558"},"modified":"2023-07-21T16:30:20","modified_gmt":"2023-07-21T21:30:20","slug":"michoacan-56","status":"publish","type":"post","link":"https:\/\/redsemlac.com\/semmexico\/michoacan-56\/","title":{"rendered":"Michoac\u00e1n, primer Estado del pa\u00eds en dar continuidad a las acciones para aplicar la Ley Olimpia"},"content":{"rendered":"\n<ul class=\"wp-block-list\"><li><strong>Seimujer, en coordinaci\u00f3n con Olimpia Coral Melo, ofrecen taller de capacitaci\u00f3n dirigido al funcionariado<\/strong> <\/li><\/ul>\n\n\n\n<p class=\"wp-block-paragraph\"><strong>Redacci\u00f3n<\/strong><\/p>\n\n\n\n<p class=\"wp-block-paragraph\">SemM\u00e9xico. Morelia, Michoac\u00e1n, 7 de septiembre de 2020.- Michoac\u00e1n contin\u00faa un paso adelante en la defensa de los derechos de las mujeres, al ser el primer Estado del pa\u00eds en darle continuidad a los trabajos de la llamada \u201cLey Olimpia\u201d, con la que se castiga la violencia digital.<\/p>\n\n\n\n<p class=\"wp-block-paragraph\">Lo anterior lo coment\u00f3 la activista e impulsora de las reformas, Olimpia Coral Melo, al arrancar los talleres de capacitaci\u00f3n dirigidos a los funcionarios p\u00fablicos sobre los alcances de la reforma que tipifica como la violencia digital y sanciona los delitos que violen la intimidad sexual de las personas a trav\u00e9s de medios digitales.<\/p>\n\n\n\n<p class=\"wp-block-paragraph\">&nbsp;\u201cLa ley Olimpia no es un texto de reformas, es una causa y lo que queremos es que sirva y se implemente\u201d, dijo la activista, al se\u00f1alar que ya son 24 estados del pa\u00eds donde se ha logrado reformar la ley para defender a las mujeres.<\/p>\n\n\n\n<p class=\"wp-block-paragraph\">Mientras la secretaria de Igualdad Sustantiva y Desarrollo de las Mujeres (Seimujer), Nuria Gabriela Hern\u00e1ndez Abarca, inform\u00f3 que, hasta la fecha 26 mujeres y un hombre han buscado acompa\u00f1amiento de la dependencia por temas relacionados con violencia digital.<\/p>\n\n\n\n<p class=\"wp-block-paragraph\">&nbsp;\u201cLas personas en su mayor\u00eda han sido j\u00f3venes, que muchas veces por temor o pena no quieren denunciar, entonces es ah\u00ed donde nosotras intervenimos con terapias psicol\u00f3gicas\u201d, indic\u00f3.<\/p>\n","protected":false},"excerpt":{"rendered":"<p>Seimujer, en coordinaci\u00f3n con Olimpia Coral Melo, ofrecen taller de capacitaci\u00f3n dirigido al funcionariado<\/p>\n","protected":false},"author":3,"featured_media":25559,"comment_status":"open","ping_status":"open","sticky":false,"template":"","format":"standard","meta":{"_monsterinsights_skip_tracking":false,"footnotes":""},"categories":[691,51],"tags":[],"class_list":["post-25558","post","type-post","status-publish","format-standard","has-post-thumbnail","category-691","category-ejecutivo"],"_links":{"self":[{"href":"https:\/\/redsemlac.com\/semmexico\/wp-json\/wp\/v2\/posts\/25558","targetHints":{"allow":["GET"]}}],"collection":[{"href":"https:\/\/redsemlac.com\/semmexico\/wp-json\/wp\/v2\/posts"}],"about":[{"href":"https:\/\/redsemlac.com\/semmexico\/wp-json\/wp\/v2\/types\/post"}],"author":[{"embeddable":true,"href":"https:\/\/redsemlac.com\/semmexico\/wp-json\/wp\/v2\/users\/3"}],"replies":[{"embeddable":true,"href":"https:\/\/redsemlac.com\/semmexico\/wp-json\/wp\/v2\/comments?post=25558"}],"version-history":[{"count":0,"href":"https:\/\/redsemlac.com\/semmexico\/wp-json\/wp\/v2\/posts\/25558\/revisions"}],"wp:featuredmedia":[{"embeddable":true,"href":"https:\/\/redsemlac.com\/semmexico\/wp-json\/wp\/v2\/media\/25559"}],"wp:attachment":[{"href":"https:\/\/redsemlac.com\/semmexico\/wp-json\/wp\/v2\/media?parent=25558"}],"wp:term":[{"taxonomy":"category","embeddable":true,"href":"https:\/\/redsemlac.com\/semmexico\/wp-json\/wp\/v2\/categories?post=25558"},{"taxonomy":"post_tag","embeddable":true,"href":"https:\/\/redsemlac.com\/semmexico\/wp-json\/wp\/v2\/tags?post=25558"}],"curies":[{"name":"wp","href":"https:\/\/api.w.org\/{rel}","templated":true}]}}