{"id":25522,"date":"2020-09-11T17:44:13","date_gmt":"2020-09-11T17:44:13","guid":{"rendered":"https:\/\/redsemlac.com\/semmexico\/?p=25522"},"modified":"2023-07-21T16:30:15","modified_gmt":"2023-07-21T21:30:15","slug":"importante-incluir-voz-de-adolescentes-en-las-campanas-electorales-consejera-claudia-zavala","status":"publish","type":"post","link":"https:\/\/redsemlac.com\/semmexico\/importante-incluir-voz-de-adolescentes-en-las-campanas-electorales-consejera-claudia-zavala\/","title":{"rendered":"Importante incluir voz de adolescentes en las campa\u00f1as electorales: Consejera Claudia Zavala"},"content":{"rendered":"\n<ul class=\"wp-block-list\"><li><strong><em>La juventud debe dejar de ser sujeta de protecci\u00f3n, sino de derechos<\/em><\/strong><\/li><li><strong><em>Se realiz\u00f3 el foro Adolescentes \u00bfPueden participar en campa\u00f1as electorales?, convocado por la Organizaci\u00f3n Fuerza Ciudadana<\/em><\/strong><\/li><\/ul>\n\n\n\n<p class=\"wp-block-paragraph\"><strong><em>Redacci\u00f3n<\/em><\/strong><\/p>\n\n\n\n<p class=\"wp-block-paragraph\">&nbsp;SemM\u00e9xico. Cd. de M\u00e9xico. 11 de septiembre, 2020.-&nbsp;Las y los adolescentes est\u00e1n interesados en la pol\u00edtica y en los temas p\u00fablicos, por lo que es indispensable que su voz sea escuchada como un insumo para que partidos pol\u00edticos y candidaturas construyan sus propuestas de campa\u00f1a, afirm\u00f3 la Consejera del Instituto Nacional Electoral (INE), Claudia Zavala P\u00e9rez.<\/p>\n\n\n\n<p class=\"wp-block-paragraph\">Al participar en&nbsp;&nbsp;el foro \u201cAdolescentes \u00bfPueden participar en campa\u00f1as electorales?\u201d, puntualiz\u00f3 , que&nbsp;&nbsp;las y los adolescentes no deben verse como sujetos de protecci\u00f3n, sino como&nbsp;&nbsp;sujetos de derechos y tienen una autonom\u00eda progresiva, por eso la educaci\u00f3n pol\u00edtica debe iniciar en los primeros a\u00f1os de educaci\u00f3n..<\/p>\n\n\n\n<p class=\"wp-block-paragraph\">En el foro, preparado por la Organizaci\u00f3n Fuerza Ciudadana, Zavala P\u00e9rez&nbsp;&nbsp;se\u00f1al\u00f3 que la poblaci\u00f3n juvenil se&nbsp;comunica permanente y activamente en las redes sociales, incluso interactuando en asuntos y temas que ah\u00ed se tratan, pero \u201cno tenemos c\u00f3mo materializar su participaci\u00f3n pol\u00edtica\u201d, indispensable para mantener la democracia.<\/p>\n\n\n\n<p class=\"wp-block-paragraph\">Acompa\u00f1ada por la Magistrada de la Sala Especializada del Tribunal Electoral del Poder Judicial de la Federaci\u00f3n, Carmen Carre\u00f3n; el Consejero del Instituto Electoral de la Ciudad de M\u00e9xico, Mauricio Huesca y por Gloria Alcocer, directora Ejecutiva de la Organizaci\u00f3n Fuerza Ciudadana y Voz y Voto, la Consejera Zavala destac\u00f3 que el Estado tiene una gran deuda hist\u00f3rica por no tener empadronados e identificados a las y los adolescentes.<\/p>\n\n\n\n<p class=\"wp-block-paragraph\">En su participaci\u00f3n explic\u00f3 que, a partir de los 18 a\u00f1os, las y los j\u00f3venes est\u00e1n plenamente identificados en el Padr\u00f3n Electoral, pero antes de esa edad no se puede saber qui\u00e9nes son y en qu\u00e9 posibilidades est\u00e1n para materializar su participaci\u00f3n pol\u00edtica.<\/p>\n\n\n\n<p class=\"wp-block-paragraph\">Consider\u00f3 que la participaci\u00f3n de las y los adolescentes en las campa\u00f1as no debe ser para tareas adicionales o de apoyo, como se hace tradicionalmente, de modo que se abran espacios para que su&nbsp;voz se escuche y sus opiniones consideradas para el contenido de las estrategias de los partidos pol\u00edticos&nbsp;&nbsp;as\u00ed como para incluir esas voces en las preocupaciones de las y los candidatos.<\/p>\n\n\n\n<p class=\"wp-block-paragraph\">Precis\u00f3 que a trav\u00e9s de la Consulta Infantil y Juvenil que organiza el INE, se ha conocido la opini\u00f3n de ellas y ellos sobre temas de inter\u00e9s p\u00fablico, por lo que se debe encontrar la forma de institucionalizar y canalizar sus puntos de vista.<\/p>\n\n\n\n<p class=\"wp-block-paragraph\">La Consejera Zavala P\u00e9rez dijo que propondr\u00e1 entregar los resultados de estas consultas a las y los candidatos del proceso electoral 2021 \u201cpara que tengan presentes la voz de las y los adolescentes, as\u00ed como los dibujos de las y los ni\u00f1os\u201d, por lo que llam\u00f3 a este sector a participar en la Consulta 2021 para que sus respuestas se consideren en la conformaci\u00f3n de pol\u00edticas p\u00fablicas.<\/p>\n\n\n\n<p class=\"wp-block-paragraph\">\u201cDejemos de ver a los j\u00f3venes s\u00f3lo como votantes\u201d, agreg\u00f3 la Consejera Zavala, al considerar que se les debe incorporar desde el inicio de la educaci\u00f3n formal, como personas sujetas de derechos y con autonom\u00eda progresiva.<\/p>\n\n\n\n<p class=\"wp-block-paragraph\">En el foro, la Magistrada Carmen Carre\u00f3n y el Consejero Mauricio Huesca, coincidieron en que el reto es seguir mejorando la progresividad de los derechos humanos para fortalecer a los adolescentes y las tecnolog\u00edas de la informaci\u00f3n para que sean canales de toma de decisiones de manera consciente e informada.<\/p>\n","protected":false},"excerpt":{"rendered":"<p>La juventud debe dejar de ser sujeta de protecci\u00f3n, sino de derechos<\/p>\n","protected":false},"author":3,"featured_media":25523,"comment_status":"open","ping_status":"open","sticky":false,"template":"","format":"standard","meta":{"_monsterinsights_skip_tracking":false,"footnotes":""},"categories":[691,51],"tags":[],"class_list":["post-25522","post","type-post","status-publish","format-standard","has-post-thumbnail","category-691","category-ejecutivo"],"_links":{"self":[{"href":"https:\/\/redsemlac.com\/semmexico\/wp-json\/wp\/v2\/posts\/25522","targetHints":{"allow":["GET"]}}],"collection":[{"href":"https:\/\/redsemlac.com\/semmexico\/wp-json\/wp\/v2\/posts"}],"about":[{"href":"https:\/\/redsemlac.com\/semmexico\/wp-json\/wp\/v2\/types\/post"}],"author":[{"embeddable":true,"href":"https:\/\/redsemlac.com\/semmexico\/wp-json\/wp\/v2\/users\/3"}],"replies":[{"embeddable":true,"href":"https:\/\/redsemlac.com\/semmexico\/wp-json\/wp\/v2\/comments?post=25522"}],"version-history":[{"count":0,"href":"https:\/\/redsemlac.com\/semmexico\/wp-json\/wp\/v2\/posts\/25522\/revisions"}],"wp:featuredmedia":[{"embeddable":true,"href":"https:\/\/redsemlac.com\/semmexico\/wp-json\/wp\/v2\/media\/25523"}],"wp:attachment":[{"href":"https:\/\/redsemlac.com\/semmexico\/wp-json\/wp\/v2\/media?parent=25522"}],"wp:term":[{"taxonomy":"category","embeddable":true,"href":"https:\/\/redsemlac.com\/semmexico\/wp-json\/wp\/v2\/categories?post=25522"},{"taxonomy":"post_tag","embeddable":true,"href":"https:\/\/redsemlac.com\/semmexico\/wp-json\/wp\/v2\/tags?post=25522"}],"curies":[{"name":"wp","href":"https:\/\/api.w.org\/{rel}","templated":true}]}}