{"id":25481,"date":"2020-09-10T21:19:14","date_gmt":"2020-09-10T21:19:14","guid":{"rendered":"https:\/\/redsemlac.com\/semmexico\/?p=25481"},"modified":"2023-07-21T16:30:15","modified_gmt":"2023-07-21T21:30:15","slug":"debate-feminista-cumple-30-anos-y-la-covid-arruino-su-aniversario","status":"publish","type":"post","link":"https:\/\/redsemlac.com\/semmexico\/debate-feminista-cumple-30-anos-y-la-covid-arruino-su-aniversario\/","title":{"rendered":"Debate Feminista cumple 30 a\u00f1os y la COVID arruin\u00f3 su aniversario"},"content":{"rendered":"\n<ul class=\"wp-block-list\"><li><strong>Debate Feminista celebra sus 30 aniversario en plena pandemia y quiere llegar a las lectoras j\u00f3venes, de una revista \u00abdesmadrosa\u00bb se convirti\u00f3 en acad\u00e9mica<\/strong><\/li><\/ul>\n\n\n\n<p class=\"wp-block-paragraph\"><strong>Diana Ju\u00e1rez\/<a href=\"https:\/\/lasillarota.com\/lacaderadeeva\/debate-feminista-cumple-30-anos-y-la-covid-arruino-su-aniversario-cieg-marta-lamas-unam-feminismo\/426477\" target=\"_blank\" rel=\"noreferrer noopener\">La Cadera de Eva <\/a><\/strong><\/p>\n\n\n\n<p class=\"wp-block-paragraph\">SemM\u00e9xico\/La Cadera de Eva. 10 de septiembre de 2020.- La pandemia por coronavirus tambi\u00e9n arruin\u00f3 el 30 aniversario de Debate Feminista, una de las revistas pioneras que nos adentra a la reflexi\u00f3n desde una perspectiva de g\u00e9nero. Antes de que apareciera el Covid-19, sus fundadoras, Hortensia Moreno y Marta Lamas quer\u00edan celebrar en un caberet, no se pudo, y tuvieron que resignarse a su difusi\u00f3n en entrevistas v\u00eda zoom.<\/p>\n\n\n\n<p class=\"wp-block-paragraph\">\u00abNos agarr\u00f3 la covid y el confinamiento antes de que tuvi\u00e9semos la preparaci\u00f3n para vivir en este universo. Para m\u00ed ha sido traum\u00e1tico, decir, odio el zoom. S\u00e9 que es lo que hay y debemos usarlo porque sino te pierdes un mont\u00f3n de cosas. Pero no conozco la tecnolog\u00eda que nos permita hacer de forma autogestiva el festejo de Debate Feminista\u00bb, dijo Hortensia Moreno en entrevista para La Cadera de Eva.<\/p>\n\n\n\n<p class=\"wp-block-paragraph\">Debate Feminista es una revista del siglo pasado que quiere estar presente en las nuevas generaciones, apuntan sus creadoras. Hortensia Moreno coment\u00f3 que le gustar\u00eda que m\u00e1s sangre joven se incorporara al comit\u00e9 para extenderse a las redes sociales, sabe que esto es un proceso porque se rige por ritmos del Centro de Investigaciones y Estudios de G\u00e9nero (CIEG).<\/p>\n\n\n\n<p class=\"wp-block-paragraph\">(Con Informaci\u00f3n de  <a href=\"https:\/\/lasillarota.com\/lacaderadeeva\/debate-feminista-cumple-30-anos-y-la-covid-arruino-su-aniversario-cieg-marta-lamas-unam-feminismo\/426477\" target=\"_blank\" rel=\"noreferrer noopener\">La Cadera de Eva<\/a>)<\/p>\n","protected":false},"excerpt":{"rendered":"<p>Debate Feminista celebra sus 30 aniversario en plena pandemia y quiere llegar a las lectoras j\u00f3venes, de una revista \u00abdesmadrosa\u00bb se convirti\u00f3 en acad\u00e9mica Diana Ju\u00e1rez\/La Cadera de Eva SemM\u00e9xico\/La Cadera de Eva. 10 de septiembre de 2020.- La pandemia por coronavirus tambi\u00e9n arruin\u00f3 el 30 aniversario de Debate Feminista, una de las revistas pioneras [&hellip;]<\/p>\n","protected":false},"author":3,"featured_media":25482,"comment_status":"open","ping_status":"open","sticky":false,"template":"","format":"standard","meta":{"_monsterinsights_skip_tracking":false,"footnotes":""},"categories":[691,54],"tags":[],"class_list":["post-25481","post","type-post","status-publish","format-standard","has-post-thumbnail","category-691","category-mujeres"],"_links":{"self":[{"href":"https:\/\/redsemlac.com\/semmexico\/wp-json\/wp\/v2\/posts\/25481","targetHints":{"allow":["GET"]}}],"collection":[{"href":"https:\/\/redsemlac.com\/semmexico\/wp-json\/wp\/v2\/posts"}],"about":[{"href":"https:\/\/redsemlac.com\/semmexico\/wp-json\/wp\/v2\/types\/post"}],"author":[{"embeddable":true,"href":"https:\/\/redsemlac.com\/semmexico\/wp-json\/wp\/v2\/users\/3"}],"replies":[{"embeddable":true,"href":"https:\/\/redsemlac.com\/semmexico\/wp-json\/wp\/v2\/comments?post=25481"}],"version-history":[{"count":0,"href":"https:\/\/redsemlac.com\/semmexico\/wp-json\/wp\/v2\/posts\/25481\/revisions"}],"wp:featuredmedia":[{"embeddable":true,"href":"https:\/\/redsemlac.com\/semmexico\/wp-json\/wp\/v2\/media\/25482"}],"wp:attachment":[{"href":"https:\/\/redsemlac.com\/semmexico\/wp-json\/wp\/v2\/media?parent=25481"}],"wp:term":[{"taxonomy":"category","embeddable":true,"href":"https:\/\/redsemlac.com\/semmexico\/wp-json\/wp\/v2\/categories?post=25481"},{"taxonomy":"post_tag","embeddable":true,"href":"https:\/\/redsemlac.com\/semmexico\/wp-json\/wp\/v2\/tags?post=25481"}],"curies":[{"name":"wp","href":"https:\/\/api.w.org\/{rel}","templated":true}]}}