{"id":25469,"date":"2020-09-10T19:40:41","date_gmt":"2020-09-10T19:40:41","guid":{"rendered":"https:\/\/redsemlac.com\/semmexico\/?p=25469"},"modified":"2023-07-21T16:30:16","modified_gmt":"2023-07-21T21:30:16","slug":"pandemia-afecta-mas-a-familias-con-ninos-y-ninas-senala-unicef","status":"publish","type":"post","link":"https:\/\/redsemlac.com\/semmexico\/pandemia-afecta-mas-a-familias-con-ninos-y-ninas-senala-unicef\/","title":{"rendered":"Pandemia afecta m\u00e1s a familias con ni\u00f1os y ni\u00f1as, se\u00f1ala UNICEF"},"content":{"rendered":"\n<ul class=\"wp-block-list\"><li>Estos hogares reportan ca\u00edda de sus ingresos en un 32.3 %<\/li><li>ENCOVID19 Infancia, UNICEF y Equide Ibero realizan estudio<\/li><\/ul>\n\n\n\n<p class=\"wp-block-paragraph\">Redacci\u00f3n&nbsp;<\/p>\n\n\n\n<p class=\"wp-block-paragraph\">SemM\u00e9xico\/NoticiasONU, 10 de septiembre, 2020.-&nbsp;&nbsp;El 32.3 por ciento de los hogares con ni\u00f1as y ni\u00f1os report\u00f3 una ca\u00edda en sus ingresos durante la cuarentena, mientras 15.2 por ciento se encuentran en situaci\u00f3n de inseguridad alimentaria, revela una encuesta realizada por UNICEF.<\/p>\n\n\n\n<p class=\"wp-block-paragraph\">A ra\u00edz de la pandemia por COVID-19, las situaciones de los hogares del pa\u00eds han cambiado y, sobre todo, los hogares con ni\u00f1as y ni\u00f1os han padecido de la pandemia m\u00e1s que otras.<\/p>\n\n\n\n<p class=\"wp-block-paragraph\">Eso es el hallazgo de la Encuesta de Seguimiento de los Efectos de COVID-19 #ENCOVID19 Infancia, realizada por UNICEF y Equide Ibero, que estudia c\u00f3mo las familias est\u00e1n enfrentando a la pandemia, presentada hoy en conferencia virtual.<\/p>\n\n\n\n<p class=\"wp-block-paragraph\">La encuesta se\u00f1ala que los hogares con ni\u00f1as, ni\u00f1os y adolescentes sufren mayores presiones por la pandemia: menor acceso a alimentos saludables, m\u00e1s estr\u00e9s y mayor impacto a su econom\u00eda.<\/p>\n\n\n\n<p class=\"wp-block-paragraph\">\u201cEl COVID-19 s\u00ed afecta a la ni\u00f1ez\u201d, asegur\u00f3 Christian Skoog, representante de UNICEF M\u00e9xico, durante su introducci\u00f3n del estudio. \u200b\u201cLos efectos de la COVID-19 amenazan el derecho a la salud, educaci\u00f3n, igualdad y protecci\u00f3n de ni\u00f1as y ni\u00f1os, particularmente en familias con menos recursos\u201d, asever\u00f3.<\/p>\n\n\n\n<p class=\"wp-block-paragraph\"><strong>Mayor inseguridad alimentaria<\/strong><\/p>\n\n\n\n<p class=\"wp-block-paragraph\">Graciela Teruel, directora de EQUIDE en la Universidad Iberoamericana, present\u00f3 a detalles los mayores hallazgos del estudio: 71.1 por ciento de las familias con ni\u00f1as, ni\u00f1os y adolescentes han visto reducidos sus ingresos entre febrero y julio con una ca\u00edda promedio de 32.3 por ciento. Adem\u00e1s, la encuesta nos ense\u00f1a que, en junio de 2020, 10 por ciento de los hogares con ni\u00f1os y ni\u00f1as report\u00f3 que alguien perdi\u00f3 su empleo.<\/p>\n\n\n\n<p class=\"wp-block-paragraph\">La pandemia tambi\u00e9n ha aumentado las dificultades en \u00e1mbito de la salud mental y seguridad alimentaria. Teruel subray\u00f3 que a nivel nacional la proporci\u00f3n de hogares con ni\u00f1as, ni\u00f1os y adolescentes en inseguridad alimentaria ha pasado de 12.2 a 15.2 por ciento entre mayo y julio.<\/p>\n\n\n\n<p class=\"wp-block-paragraph\"><strong>Construir pol\u00edticas&nbsp;de atenci\u00f3n integral<\/strong><\/p>\n\n\n\n<p class=\"wp-block-paragraph\">Por su parte, Ricardo Bucio, director ejecutivo del Sistema Nacional de Protecci\u00f3n a Ni\u00f1as, Ni\u00f1os y Adolescentes (Sipina), mencion\u00f3 que el n\u00famero de materiales de abuso sexual sobre ni\u00f1os publicados en Internet se multiplic\u00f3 por cuatro,&nbsp;para llegar a 4 millones de contenidos desde que inici\u00f3 la pandemia.<\/p>\n\n\n\n<p class=\"wp-block-paragraph\">Jose Nabor, Secretario Ejecutivo del Consejo Nacional de Evaluaci\u00f3n de la Pol\u00edtica de Desarrollo Social (Coneval), subray\u00f3 la vulnerabilidad de los hogares ind\u00edgenas con ni\u00f1os y adolescentes, y present\u00f3 pistas de pol\u00edticas p\u00fablicas como un ingreso universal, becas o apoyos econ\u00f3micos, pero subray\u00f3 que esas requieren esfuerzos complementarios desde los tres niveles de gobierno.<\/p>\n\n\n\n<p class=\"wp-block-paragraph\">Pero Graciela Teruel enfatiz\u00f3 que \u201clos apoyos monetarios no son suficientes\u201d, hay que \u201creconocer los nuevos desaf\u00edos ligados a la pandemia.<\/p>\n\n\n\n<p class=\"wp-block-paragraph\">Los panelistas coincidieron en la necesidad de fortalecer el sistema de salud y construir pol\u00edticas&nbsp;de atenci\u00f3n integral que aborden todos los aspectos de la crisis que viven los hogares con ni\u00f1as, ni\u00f1os y adolescentes.<\/p>\n\n\n\n<p class=\"wp-block-paragraph\">La ENCOVID Infancia, encuesta de corte mensual y representatividad nacional, es el resultado de un esfuerzo liderado por la Universidad Iberoamericana a trav\u00e9s de su Instituto de Investigaciones para el Desarrollo con Equidad (EQUIDE), con el apoyo del Fondo de las Naciones Unidas para la Infancia (UNICEF).<\/p>\n\n\n\n<p class=\"wp-block-paragraph\">SEM\/mr\/sj<\/p>\n","protected":false},"excerpt":{"rendered":"<p>Estos hogares reportan ca\u00edda de sus ingresos en un 32.3 % ENCOVID19 Infancia, UNICEF y Equide Ibero realizan estudio Redacci\u00f3n&nbsp; SemM\u00e9xico\/NoticiasONU, 10 de septiembre, 2020.-&nbsp;&nbsp;El 32.3 por ciento de los hogares con ni\u00f1as y ni\u00f1os report\u00f3 una ca\u00edda en sus ingresos durante la cuarentena, mientras 15.2 por ciento se encuentran en situaci\u00f3n de inseguridad alimentaria, [&hellip;]<\/p>\n","protected":false},"author":3,"featured_media":25470,"comment_status":"open","ping_status":"open","sticky":false,"template":"","format":"standard","meta":{"_monsterinsights_skip_tracking":false,"footnotes":""},"categories":[691,135],"tags":[],"class_list":["post-25469","post","type-post","status-publish","format-standard","has-post-thumbnail","category-691","category-emergencia-sanitaria-covid-19"],"_links":{"self":[{"href":"https:\/\/redsemlac.com\/semmexico\/wp-json\/wp\/v2\/posts\/25469","targetHints":{"allow":["GET"]}}],"collection":[{"href":"https:\/\/redsemlac.com\/semmexico\/wp-json\/wp\/v2\/posts"}],"about":[{"href":"https:\/\/redsemlac.com\/semmexico\/wp-json\/wp\/v2\/types\/post"}],"author":[{"embeddable":true,"href":"https:\/\/redsemlac.com\/semmexico\/wp-json\/wp\/v2\/users\/3"}],"replies":[{"embeddable":true,"href":"https:\/\/redsemlac.com\/semmexico\/wp-json\/wp\/v2\/comments?post=25469"}],"version-history":[{"count":0,"href":"https:\/\/redsemlac.com\/semmexico\/wp-json\/wp\/v2\/posts\/25469\/revisions"}],"wp:featuredmedia":[{"embeddable":true,"href":"https:\/\/redsemlac.com\/semmexico\/wp-json\/wp\/v2\/media\/25470"}],"wp:attachment":[{"href":"https:\/\/redsemlac.com\/semmexico\/wp-json\/wp\/v2\/media?parent=25469"}],"wp:term":[{"taxonomy":"category","embeddable":true,"href":"https:\/\/redsemlac.com\/semmexico\/wp-json\/wp\/v2\/categories?post=25469"},{"taxonomy":"post_tag","embeddable":true,"href":"https:\/\/redsemlac.com\/semmexico\/wp-json\/wp\/v2\/tags?post=25469"}],"curies":[{"name":"wp","href":"https:\/\/api.w.org\/{rel}","templated":true}]}}