{"id":25441,"date":"2020-09-08T09:23:20","date_gmt":"2020-09-08T09:23:20","guid":{"rendered":"https:\/\/redsemlac.com\/semmexico\/?p=25441"},"modified":"2023-07-21T16:30:19","modified_gmt":"2023-07-21T21:30:19","slug":"victimas-piden-audiencia-con-cuauhtemoc-blanco-piden-identificacion-de-cuerpos","status":"publish","type":"post","link":"https:\/\/redsemlac.com\/semmexico\/victimas-piden-audiencia-con-cuauhtemoc-blanco-piden-identificacion-de-cuerpos\/","title":{"rendered":"V\u00edctimas piden audiencia con Cuauht\u00e9moc Blanco, piden identificaci\u00f3n de cuerpos"},"content":{"rendered":"\n<p class=\"wp-block-paragraph\">Exigen que la fiscal\u00eda colabore con la Comisi\u00f3n Estatal de B\u00fasqueda de Personas.<br><\/p>\n\n\n\n<p class=\"wp-block-paragraph\">Estrella Pedroza<\/p>\n\n\n\n<p class=\"wp-block-paragraph\">SemM\u00e9xico. Morelos. 8 de septiembre de 2020.- Familiares de v\u00edctimas Iniciaron la jornada de protesta para exigir al gobernador Cuauht\u00e9moc Blanco y al Fiscal del Estado, Uriel Carmona G\u00e1ndara, que reactiven la identificaci\u00f3n de perfiles gen\u00e9ticos de los cuerpos encontrados en las fosas de Tetelcingo y Jojutla.<br>Tal como lo anunciaron se plantaron en el Memorial de Victimas, en la entra principal del Poder Ejecutivo.<br>Vestidas de blanco con rojo, las manifestantes afirmaron que ya no permitir\u00e1n que se siga dilatando el tema de identificaci\u00f3n; es por eso que \u201ca partir de hoy (lunes)vamos a estar presentes en frente del Palacio de Gobierno y contaremos los d\u00edas que pasan sin que las autoridades avancen en las tareas de identificaci\u00f3n. Est\u00e1 probado que la Fiscal\u00eda ocult\u00f3 decenas de cuerpos en fosas comunes irregulares\u201d, destacaron.<br>Aseguraron que no se detendr\u00e1 hasta lograr que se cumplan los cuerpos pactados en la agenda de v\u00edctimas.<br>Pidieron la intervenci\u00f3n inmediata del gobernador, Cuauht\u00e9moc Blanco, as\u00ed como la creaci\u00f3n de un Centro de Identificaci\u00f3n Forense en Morelos, cuya prioridad sea la identificaci\u00f3n de estas personas, empezando con los cuerpos exhumados de las fosas comunes irregulares de la Fiscal\u00eda.<br>A partir de este lunes y hasta que tengan respuesta todos los lunes protestaran.<\/p>\n","protected":false},"excerpt":{"rendered":"<p>Exigen que la fiscal\u00eda colabore con la Comisi\u00f3n Estatal de B\u00fasqueda de Personas. Estrella Pedroza SemM\u00e9xico. Morelos. 8 de septiembre de 2020.- Familiares de v\u00edctimas Iniciaron la jornada de protesta para exigir al gobernador Cuauht\u00e9moc Blanco y al Fiscal del Estado, Uriel Carmona G\u00e1ndara, que reactiven la identificaci\u00f3n de perfiles gen\u00e9ticos de los cuerpos encontrados [&hellip;]<\/p>\n","protected":false},"author":3,"featured_media":25442,"comment_status":"open","ping_status":"open","sticky":false,"template":"","format":"standard","meta":{"_monsterinsights_skip_tracking":false,"footnotes":""},"categories":[691,54],"tags":[],"class_list":["post-25441","post","type-post","status-publish","format-standard","has-post-thumbnail","category-691","category-mujeres"],"_links":{"self":[{"href":"https:\/\/redsemlac.com\/semmexico\/wp-json\/wp\/v2\/posts\/25441","targetHints":{"allow":["GET"]}}],"collection":[{"href":"https:\/\/redsemlac.com\/semmexico\/wp-json\/wp\/v2\/posts"}],"about":[{"href":"https:\/\/redsemlac.com\/semmexico\/wp-json\/wp\/v2\/types\/post"}],"author":[{"embeddable":true,"href":"https:\/\/redsemlac.com\/semmexico\/wp-json\/wp\/v2\/users\/3"}],"replies":[{"embeddable":true,"href":"https:\/\/redsemlac.com\/semmexico\/wp-json\/wp\/v2\/comments?post=25441"}],"version-history":[{"count":0,"href":"https:\/\/redsemlac.com\/semmexico\/wp-json\/wp\/v2\/posts\/25441\/revisions"}],"wp:featuredmedia":[{"embeddable":true,"href":"https:\/\/redsemlac.com\/semmexico\/wp-json\/wp\/v2\/media\/25442"}],"wp:attachment":[{"href":"https:\/\/redsemlac.com\/semmexico\/wp-json\/wp\/v2\/media?parent=25441"}],"wp:term":[{"taxonomy":"category","embeddable":true,"href":"https:\/\/redsemlac.com\/semmexico\/wp-json\/wp\/v2\/categories?post=25441"},{"taxonomy":"post_tag","embeddable":true,"href":"https:\/\/redsemlac.com\/semmexico\/wp-json\/wp\/v2\/tags?post=25441"}],"curies":[{"name":"wp","href":"https:\/\/api.w.org\/{rel}","templated":true}]}}