{"id":25434,"date":"2020-09-08T08:14:18","date_gmt":"2020-09-08T08:14:18","guid":{"rendered":"https:\/\/redsemlac.com\/semmexico\/?p=25434"},"modified":"2023-07-21T16:30:19","modified_gmt":"2023-07-21T21:30:19","slug":"reporteras-en-guardia-acusan-a-sin-embargo-de-plagio","status":"publish","type":"post","link":"https:\/\/redsemlac.com\/semmexico\/reporteras-en-guardia-acusan-a-sin-embargo-de-plagio\/","title":{"rendered":"Reporteras en Guardia acusan a Sin Embargo de plagio"},"content":{"rendered":"\n<p class=\"wp-block-paragraph\">Un grupo de periodistas, Reporteras en Guardia,  hizo del conocimiento p\u00fablico la siguiente carta:  <\/p>\n\n\n\n<p class=\"wp-block-paragraph\">Jorge Zepeda Patterson, fundador y miembro del consejo de administraci\u00f3n de\u00a0Sin Embargo<br>Alejandro P\u00e1ez Varela, director general de\u00a0Sin Embargo<br>\u00a0<br>Estimados se\u00f1ores:<br>Le\u00edmos con inter\u00e9s el reportaje\u00a0Estas son las 133 historias de 133 periodistas asesinados en M\u00e9xico, de 2000 a 2020, solo por informar\u00a0(https:\/\/www.sinembargo.mx\/19-07-2020\/3802893), firmado por la periodista Linaloe R. Flores \u201ccon la participaci\u00f3n\u201d de Efr\u00e9n Flores, hasta que el relato de los casos comenz\u00f3 a parecernos demasiado familiar.<br>No quisimos creer que un medio prestigioso, dirigido por reconocidos periodistas, hubiera ca\u00eddo en el burdo recurso del\u00a0copy-paste, el plagio de un texto. Por eso revisamos cada caso; descubrimos que hab\u00edan copiado fragmentos de 113 p\u00e1rrafos de 25 perfiles, demasiados para pensar en una omisi\u00f3n involuntaria de la fuente por parte de sus autores o un curioso patr\u00f3n de pensamiento que les llevara a poner, una por una, id\u00e9nticas palabras.<br>Lamentablemente, no fue un olvido azaroso ni un ataque de m\u00edmesis period\u00edstica. Se trat\u00f3 de un plagio, una copia, una calca. Un\u00a0modus operandi\u00a0que se revela en el documento adjunto que acompa\u00f1a a esta carta.<br>Quienes firman el reportaje de\u00a0Sin Embargo\u00a0tomaron datos y frases textuales, y se apropiaron de contenidos que alguien m\u00e1s investig\u00f3 y escribi\u00f3, haci\u00e9ndolos pasar como propios. Se\u00a0fusilaron, en buen mexicano, el trabajo de meses de las reporteras y las editoras que colaboran en el memorial\u00a0Matar a Nadie\u00a0(https:\/\/mataranadie.com\/), del colectivo Reporteras en Guardia, un proyecto autofinanciado en el que participan cerca de un centenar de profesionales de 24 estados del pa\u00eds, que se desplazaron a pueblos y ciudades para reportear cada caso.<br>Este proceder representa una falta imperdonable a la \u00e9tica period\u00edstica, agravada por el hecho de que\u00a0Sin Embargo, aunque cont\u00f3 con el apoyo de la Justice for Journalists Foundation para su reportaje, prefiri\u00f3 lucrar con el trabajo de las reporteras de\u00a0Matar a Nadie, pues sus directivos \u2014suponemos\u2014 cobraron por un proyecto que, en gran parte, sus periodistas no hicieron.<br>Duele que un medio respetable, con trayectoria, tenga el descaro de copiar frases enteras sin atribuirlas a sus autoras pensando quiz\u00e1 que no se dar\u00e1n cuenta, que podr\u00e1n salir impunes. Resulta a\u00fan m\u00e1s grave por tratarse, el nuestro, de un proyecto al que nos sumamos por solidaridad con las y los colegas v\u00edctimas de asesinato y desaparici\u00f3n, con el objetivo de dignificar unas vidas que fueron arrebatadas, aqu\u00ed s\u00ed, impunemente.<br>Nada glorioso es tomar un texto ajeno y firmarlo como propio, escribi\u00f3 Gabriel Zaid en\u00a0Letras Libres: \u201cEs una confesi\u00f3n de impotencia\u201d. Ya que exhibimos sus plagios, les demandamos que honren su profesi\u00f3n y retiren de\u00a0Sin Embargo\u00a0el reportaje para que procedan a reelaborarlo con su investigaci\u00f3n y sus recursos. As\u00ed podremos leerlo con renovado \u2014y recuperado\u2014 inter\u00e9s.\u00a0\u00a0\u00a0<br>\u00a0<br>Atentamente,<br>\u00a0<br>Alina Navarrete Fern\u00e1ndez\u00a0\u00a0\u00a0\u00a0\u00a0\u00a0\u00a0\u00a0\u00a0\u00a0\u00a0\u00a0\u00a0\u00a0\u00a0\u00a0\u00a0\u00a0\u00a0\u00a0\u00a0\u00a0\u00a0\u00a0\u00a0\u00a0\u00a0\u00a0\u00a0\u00a0\u00a0\u00a0\u00a0\u00a0\u00a0\u00a0\u00a0\u00a0\u00a0\u00a0\u00a0\u00a0\u00a0\u00a0\u00a0\u00a0\u00a0\u00a0\u00a0\u00a0\u00a0\u00a0\u00a0\u00a0\u00a0\u00a0\u00a0\u00a0\u00a0\u00a0 Nora Gabriela Lira\u00a0\u00a0<br>Alma Celia San Mart\u00edn Cruz\u00a0\u00a0\u00a0\u00a0\u00a0\u00a0\u00a0\u00a0\u00a0\u00a0\u00a0\u00a0\u00a0\u00a0\u00a0\u00a0\u00a0\u00a0\u00a0\u00a0\u00a0\u00a0\u00a0\u00a0\u00a0\u00a0\u00a0\u00a0\u00a0\u00a0\u00a0\u00a0\u00a0\u00a0\u00a0\u00a0\u00a0\u00a0\u00a0\u00a0\u00a0\u00a0\u00a0\u00a0\u00a0\u00a0\u00a0\u00a0\u00a0\u00a0\u00a0\u00a0\u00a0\u00a0\u00a0\u00a0\u00a0\u00a0\u00a0 Patricia N\u00fa\u00f1ez<br>Aranzaz\u00fa Ayala Mart\u00ednez\u00a0\u00a0\u00a0\u00a0\u00a0\u00a0\u00a0\u00a0\u00a0\u00a0\u00a0\u00a0\u00a0\u00a0\u00a0\u00a0\u00a0\u00a0\u00a0\u00a0\u00a0\u00a0\u00a0\u00a0\u00a0\u00a0\u00a0\u00a0\u00a0\u00a0\u00a0\u00a0\u00a0\u00a0\u00a0\u00a0\u00a0\u00a0\u00a0\u00a0\u00a0\u00a0\u00a0\u00a0\u00a0\u00a0\u00a0\u00a0\u00a0\u00a0\u00a0\u00a0\u00a0\u00a0\u00a0\u00a0\u00a0\u00a0\u00a0\u00a0\u00a0\u00a0\u00a0 Paulina Mart\u00ednez<br>Brisa G\u00f3mez\u00a0\u00a0\u00a0\u00a0\u00a0\u00a0\u00a0\u00a0\u00a0\u00a0\u00a0\u00a0\u00a0\u00a0\u00a0\u00a0\u00a0\u00a0\u00a0\u00a0\u00a0\u00a0\u00a0\u00a0\u00a0\u00a0\u00a0\u00a0\u00a0\u00a0\u00a0\u00a0\u00a0\u00a0\u00a0\u00a0\u00a0\u00a0\u00a0\u00a0\u00a0\u00a0\u00a0\u00a0\u00a0\u00a0\u00a0\u00a0\u00a0\u00a0\u00a0\u00a0\u00a0\u00a0\u00a0\u00a0\u00a0\u00a0\u00a0\u00a0\u00a0\u00a0\u00a0\u00a0\u00a0\u00a0\u00a0\u00a0\u00a0\u00a0\u00a0\u00a0\u00a0\u00a0\u00a0\u00a0\u00a0\u00a0\u00a0\u00a0\u00a0\u00a0\u00a0\u00a0\u00a0\u00a0\u00a0\u00a0 Peniley Ram\u00edrez<br>Camelia Mu\u00f1oz\u00a0\u00a0\u00a0\u00a0\u00a0\u00a0\u00a0\u00a0\u00a0\u00a0\u00a0\u00a0\u00a0\u00a0\u00a0\u00a0\u00a0\u00a0\u00a0\u00a0\u00a0\u00a0\u00a0\u00a0\u00a0\u00a0\u00a0\u00a0\u00a0\u00a0\u00a0\u00a0\u00a0\u00a0\u00a0\u00a0\u00a0\u00a0\u00a0\u00a0\u00a0\u00a0\u00a0\u00a0\u00a0\u00a0\u00a0\u00a0\u00a0\u00a0\u00a0\u00a0\u00a0\u00a0\u00a0\u00a0\u00a0\u00a0\u00a0\u00a0\u00a0\u00a0\u00a0\u00a0\u00a0\u00a0\u00a0\u00a0\u00a0\u00a0\u00a0\u00a0\u00a0\u00a0\u00a0\u00a0\u00a0\u00a0\u00a0\u00a0\u00a0\u00a0 Primavera T\u00e9llez Gir\u00f3n Garc\u00eda<br>Citlalli L\u00f3pez V\u00e1zquez\u00a0\u00a0\u00a0\u00a0\u00a0\u00a0\u00a0\u00a0\u00a0\u00a0\u00a0\u00a0\u00a0\u00a0\u00a0\u00a0\u00a0\u00a0\u00a0\u00a0\u00a0\u00a0\u00a0\u00a0\u00a0\u00a0\u00a0\u00a0\u00a0\u00a0\u00a0\u00a0\u00a0\u00a0\u00a0\u00a0\u00a0\u00a0\u00a0\u00a0\u00a0\u00a0\u00a0\u00a0\u00a0\u00a0\u00a0\u00a0\u00a0\u00a0\u00a0\u00a0\u00a0\u00a0\u00a0\u00a0\u00a0\u00a0\u00a0\u00a0\u00a0\u00a0\u00a0\u00a0\u00a0\u00a0\u00a0\u00a0\u00a0\u00a0 Rosalba Ram\u00edrez Hern\u00e1ndez<br>Denisse Sandoval\u00a0\u00a0\u00a0\u00a0\u00a0\u00a0\u00a0\u00a0\u00a0\u00a0\u00a0\u00a0\u00a0\u00a0\u00a0\u00a0\u00a0\u00a0\u00a0\u00a0\u00a0\u00a0\u00a0\u00a0\u00a0\u00a0\u00a0\u00a0\u00a0\u00a0\u00a0\u00a0\u00a0\u00a0\u00a0\u00a0\u00a0\u00a0\u00a0\u00a0\u00a0\u00a0\u00a0\u00a0\u00a0\u00a0\u00a0\u00a0\u00a0\u00a0\u00a0\u00a0\u00a0\u00a0\u00a0\u00a0\u00a0\u00a0\u00a0\u00a0\u00a0\u00a0\u00a0\u00a0\u00a0\u00a0\u00a0\u00a0\u00a0\u00a0\u00a0\u00a0\u00a0\u00a0\u00a0\u00a0\u00a0\u00a0 Rosario Garc\u00eda Orozco<br>Deyra M. Guerrero Linares\u00a0\u00a0\u00a0\u00a0\u00a0\u00a0\u00a0\u00a0\u00a0\u00a0\u00a0\u00a0\u00a0\u00a0\u00a0\u00a0\u00a0\u00a0\u00a0\u00a0\u00a0\u00a0\u00a0\u00a0\u00a0\u00a0\u00a0\u00a0\u00a0\u00a0\u00a0\u00a0\u00a0\u00a0\u00a0\u00a0\u00a0\u00a0\u00a0\u00a0\u00a0\u00a0\u00a0\u00a0\u00a0\u00a0\u00a0\u00a0\u00a0\u00a0\u00a0\u00a0\u00a0\u00a0\u00a0\u00a0\u00a0\u00a0\u00a0\u00a0 Scarlett Arias\u00a0\u00a0<br>Dunia Rodr\u00edguez Garc\u00eda\u00a0\u00a0\u00a0\u00a0\u00a0\u00a0\u00a0\u00a0\u00a0\u00a0\u00a0\u00a0\u00a0\u00a0\u00a0\u00a0\u00a0\u00a0\u00a0\u00a0\u00a0\u00a0\u00a0\u00a0\u00a0\u00a0\u00a0\u00a0\u00a0\u00a0\u00a0\u00a0\u00a0\u00a0\u00a0\u00a0\u00a0\u00a0\u00a0\u00a0\u00a0\u00a0\u00a0\u00a0\u00a0\u00a0\u00a0\u00a0\u00a0\u00a0\u00a0\u00a0\u00a0\u00a0\u00a0\u00a0\u00a0\u00a0\u00a0\u00a0\u00a0\u00a0\u00a0\u00a0\u00a0\u00a0\u00a0 Silvia Isabel G\u00e1mez<br>Elsa Leonor \u00c1ngeles Vera\u00a0\u00a0\u00a0\u00a0\u00a0\u00a0\u00a0\u00a0\u00a0\u00a0\u00a0\u00a0\u00a0\u00a0\u00a0\u00a0\u00a0\u00a0\u00a0\u00a0\u00a0\u00a0\u00a0\u00a0\u00a0\u00a0\u00a0\u00a0\u00a0\u00a0\u00a0\u00a0\u00a0\u00a0\u00a0\u00a0\u00a0\u00a0\u00a0\u00a0\u00a0\u00a0\u00a0\u00a0\u00a0\u00a0\u00a0\u00a0\u00a0\u00a0\u00a0\u00a0\u00a0\u00a0\u00a0\u00a0\u00a0\u00a0\u00a0\u00a0\u00a0\u00a0\u00a0 Vania Pigeonutt<br>Erika Cervantes P\u00e9rez\u00a0\u00a0\u00a0\u00a0\u00a0\u00a0\u00a0\u00a0\u00a0\u00a0\u00a0\u00a0\u00a0\u00a0\u00a0\u00a0\u00a0\u00a0\u00a0\u00a0\u00a0\u00a0\u00a0\u00a0\u00a0\u00a0\u00a0\u00a0\u00a0\u00a0\u00a0\u00a0\u00a0\u00a0\u00a0\u00a0\u00a0\u00a0\u00a0\u00a0\u00a0\u00a0\u00a0\u00a0\u00a0\u00a0\u00a0\u00a0\u00a0\u00a0\u00a0\u00a0\u00a0\u00a0\u00a0\u00a0\u00a0\u00a0\u00a0\u00a0\u00a0\u00a0\u00a0\u00a0\u00a0\u00a0\u00a0\u00a0\u00a0\u00a0 Ver\u00f3nica Galicia Castro<br>Estrella Pedroza\u00a0\u00a0\u00a0\u00a0\u00a0\u00a0\u00a0\u00a0\u00a0\u00a0\u00a0\u00a0\u00a0\u00a0\u00a0\u00a0\u00a0\u00a0\u00a0\u00a0\u00a0\u00a0\u00a0\u00a0\u00a0\u00a0\u00a0\u00a0\u00a0\u00a0\u00a0\u00a0\u00a0\u00a0\u00a0\u00a0\u00a0\u00a0\u00a0\u00a0\u00a0\u00a0\u00a0\u00a0\u00a0\u00a0\u00a0\u00a0\u00a0\u00a0\u00a0\u00a0\u00a0\u00a0\u00a0\u00a0\u00a0\u00a0\u00a0\u00a0\u00a0\u00a0\u00a0\u00a0\u00a0\u00a0\u00a0\u00a0\u00a0\u00a0\u00a0\u00a0\u00a0\u00a0\u00a0\u00a0\u00a0\u00a0\u00a0\u00a0\u00a0 Violeta A. Santiago H.<br>Gabriela P\u00e9rez Negr\u00f3n Nieto\u00a0\u00a0\u00a0\u00a0\u00a0\u00a0\u00a0\u00a0\u00a0\u00a0\u00a0\u00a0\u00a0\u00a0\u00a0\u00a0\u00a0\u00a0\u00a0\u00a0\u00a0\u00a0\u00a0\u00a0\u00a0\u00a0\u00a0\u00a0\u00a0\u00a0\u00a0\u00a0\u00a0\u00a0\u00a0\u00a0\u00a0\u00a0\u00a0\u00a0\u00a0\u00a0\u00a0\u00a0\u00a0\u00a0\u00a0\u00a0\u00a0\u00a0\u00a0\u00a0\u00a0\u00a0\u00a0\u00a0 Yolox\u00f3chitl Casas<br>Gabriela Soto\u00a0\u00a0\u00a0\u00a0\u00a0\u00a0\u00a0\u00a0\u00a0\u00a0\u00a0\u00a0\u00a0\u00a0\u00a0\u00a0\u00a0\u00a0\u00a0\u00a0\u00a0\u00a0\u00a0\u00a0\u00a0\u00a0\u00a0\u00a0\u00a0\u00a0\u00a0\u00a0\u00a0\u00a0\u00a0\u00a0\u00a0\u00a0\u00a0\u00a0\u00a0\u00a0\u00a0\u00a0\u00a0\u00a0\u00a0\u00a0\u00a0\u00a0\u00a0\u00a0\u00a0\u00a0\u00a0\u00a0\u00a0\u00a0\u00a0\u00a0\u00a0\u00a0\u00a0\u00a0\u00a0\u00a0\u00a0\u00a0\u00a0\u00a0\u00a0\u00a0\u00a0\u00a0\u00a0\u00a0\u00a0\u00a0\u00a0\u00a0\u00a0\u00a0\u00a0\u00a0\u00a0\u00a0 Yuridia Torres Guzm\u00e1n<br>Georgina Montalvo<br>Gloria L\u00f3pez<br>Guadalupe R\u00edos<br>Hena Carolina Vel\u00e1zquez Vargas<br>Hercilia Castro Balderas<br>Irma Santander Vera<br>Itzel Loranca<br>Juana Garc\u00eda S\u00e1nchez<br>Julieta Riveroll<br>Karen Rojas Kauffmann y Linares<br>Karina Cancino<br>Karla Casillas Berm\u00fadez<br>Laura Barranco P\u00e9rez<br>Laura Castellanos<br>Lizbeth Hern\u00e1ndez<br>Magda Guardiola<br>Mar\u00eda Medrano<br>Mariana Mart\u00ednez<br>Mariana Morales<br>Marta Dur\u00e1n de Huerta<br>Martha Olivia L\u00f3pez<br>Melissa del Pozo<br>Miriam Ram\u00edrez<br>Nathalie G\u00f3mez Cort\u00e9s<\/p>\n\n\n\n<p class=\"wp-block-paragraph\">Aqu\u00ed la carta: <\/p>\n\n\n\n<figure class=\"wp-block-image size-large\"><img loading=\"lazy\" decoding=\"async\" width=\"616\" height=\"808\" src=\"https:\/\/redsemlac.com\/semmexico\/wp-content\/uploads\/2020\/09\/Captura-de-Pantalla-2020-09-09-a-las-21.21.44.png\" alt=\"\" class=\"wp-image-25436\"\/><\/figure>\n\n\n\n<figure class=\"wp-block-image size-large\"><img loading=\"lazy\" decoding=\"async\" width=\"594\" height=\"832\" src=\"https:\/\/redsemlac.com\/semmexico\/wp-content\/uploads\/2020\/09\/Captura-de-Pantalla-2020-09-09-a-las-21.21.52.png\" alt=\"\" class=\"wp-image-25437\"\/><\/figure>\n\n\n\n<p class=\"wp-block-paragraph\">Esta fue la respuesta del medio. <\/p>\n\n\n\n<figure class=\"wp-block-image size-large\"><img loading=\"lazy\" decoding=\"async\" width=\"706\" height=\"780\" src=\"https:\/\/redsemlac.com\/semmexico\/wp-content\/uploads\/2020\/09\/Captura-de-Pantalla-2020-09-09-a-las-21.21.07.png\" alt=\"\" class=\"wp-image-25435\"\/><\/figure>\n","protected":false},"excerpt":{"rendered":"<p>Un grupo de periodistas, Reporteras en Guardia, hizo del conocimiento p\u00fablico la siguiente carta: Jorge Zepeda Patterson, fundador y miembro del consejo de administraci\u00f3n de\u00a0Sin EmbargoAlejandro P\u00e1ez Varela, director general de\u00a0Sin Embargo\u00a0Estimados se\u00f1ores:Le\u00edmos con inter\u00e9s el reportaje\u00a0Estas son las 133 historias de 133 periodistas asesinados en M\u00e9xico, de 2000 a 2020, solo por informar\u00a0(https:\/\/www.sinembargo.mx\/19-07-2020\/3802893), firmado [&hellip;]<\/p>\n","protected":false},"author":3,"featured_media":25438,"comment_status":"open","ping_status":"open","sticky":false,"template":"","format":"standard","meta":{"_monsterinsights_skip_tracking":false,"footnotes":""},"categories":[691,55],"tags":[],"class_list":["post-25434","post","type-post","status-publish","format-standard","has-post-thumbnail","category-691","category-periodistas"],"_links":{"self":[{"href":"https:\/\/redsemlac.com\/semmexico\/wp-json\/wp\/v2\/posts\/25434","targetHints":{"allow":["GET"]}}],"collection":[{"href":"https:\/\/redsemlac.com\/semmexico\/wp-json\/wp\/v2\/posts"}],"about":[{"href":"https:\/\/redsemlac.com\/semmexico\/wp-json\/wp\/v2\/types\/post"}],"author":[{"embeddable":true,"href":"https:\/\/redsemlac.com\/semmexico\/wp-json\/wp\/v2\/users\/3"}],"replies":[{"embeddable":true,"href":"https:\/\/redsemlac.com\/semmexico\/wp-json\/wp\/v2\/comments?post=25434"}],"version-history":[{"count":0,"href":"https:\/\/redsemlac.com\/semmexico\/wp-json\/wp\/v2\/posts\/25434\/revisions"}],"wp:featuredmedia":[{"embeddable":true,"href":"https:\/\/redsemlac.com\/semmexico\/wp-json\/wp\/v2\/media\/25438"}],"wp:attachment":[{"href":"https:\/\/redsemlac.com\/semmexico\/wp-json\/wp\/v2\/media?parent=25434"}],"wp:term":[{"taxonomy":"category","embeddable":true,"href":"https:\/\/redsemlac.com\/semmexico\/wp-json\/wp\/v2\/categories?post=25434"},{"taxonomy":"post_tag","embeddable":true,"href":"https:\/\/redsemlac.com\/semmexico\/wp-json\/wp\/v2\/tags?post=25434"}],"curies":[{"name":"wp","href":"https:\/\/api.w.org\/{rel}","templated":true}]}}