{"id":25412,"date":"2020-09-09T19:30:44","date_gmt":"2020-09-09T19:30:44","guid":{"rendered":"https:\/\/redsemlac.com\/semmexico\/?p=25412"},"modified":"2023-07-21T16:30:17","modified_gmt":"2023-07-21T21:30:17","slug":"especial-mexico-cedaw-2020-una-serie-de-notas-de-semmexico","status":"publish","type":"post","link":"https:\/\/redsemlac.com\/semmexico\/especial-mexico-cedaw-2020-una-serie-de-notas-de-semmexico\/","title":{"rendered":"CEDAW 2020: M\u00e9xico tiene 73 Recomendaciones, la mitad sobre violencia"},"content":{"rendered":"\n<h5 class=\"has-text-color wp-block-heading\" style=\"color:#ab1579\"><em>ESPECIAL: M\u00e9xico, CEDAW 2020 una serie de notas de  SemM\u00e9xico<\/em><\/h5>\n\n\n\n<ul class=\"wp-block-list\"><li><strong>\u00bfQu\u00e9 va a informar? si no ha cumplido<\/strong><\/li><\/ul>\n\n\n\n<ul class=\"wp-block-list\"><li><strong>\u00bfDe qu\u00e9 hablamos? Algunas respuestas para saber<\/strong><\/li><\/ul>\n\n\n\n<ul class=\"wp-block-list\"><li><strong>12 a\u00f1os en espera de justicia para el asesinato de Pilar Arg\u00fcello Trujillo: una de las recomendaciones<\/strong><\/li><\/ul>\n\n\n\n<p class=\"wp-block-paragraph\"><strong>Sara Lovera <\/strong><\/p>\n\n\n\n<p class=\"wp-block-paragraph\"><strong><em>Primera Parte<\/em><\/strong><\/p>\n\n\n\n<p class=\"wp-block-paragraph\">SemM\u00e9xico. Cd. de M\u00e9xico. 9 de septiembre de 2020.- El gobierno Mexicano, en breve deber\u00e1 rendir cuentas sobre 73 observaciones que le hizo el Comit\u00e9 de la Convenci\u00f3n&nbsp;&nbsp;para la Eliminaci\u00f3n de la Discriminaci\u00f3n Contra las Mujeres y las Ni\u00f1as CEDAW, organismo que supervisa y valora la aplicaci\u00f3n de la Convenci\u00f3n que es obligatoria para el gobierno&nbsp;&nbsp;y que en M\u00e9xico&nbsp;se firm\u00f3 en 1981.<\/p>\n\n\n\n<p class=\"wp-block-paragraph\">La Convenci\u00f3n es considerada como la Constituci\u00f3n de los Derechos de las Mujeres; existen miles de pendientes a los que el gobierno, con una mirada de g\u00e9nero, deb\u00eda responder. En los \u00faltimos 29 a\u00f1os, sin embargo las brechas se ensancharon; ahora, en los \u00faltimos dos a\u00f1os se abandon\u00f3 la ruta: no se ha publicado el Programa Nacional de Igualdad ni el de Violencia, ambos los revisa la Secretar\u00eda de Hacienda.<\/p>\n\n\n\n<p class=\"wp-block-paragraph\">En 21 meses se redujeron los presupuestos; no se han armonizado todas las leyes, se abandonaron las campa\u00f1as de igualdad y no existe un C\u00f3digo Penal \u00danico, como ha solicitado, insistentemente el comit\u00e9 de la CEDAW y no disminuyeron las cifras de violencia. Demanda urgente de ese organismo.&nbsp;&nbsp;<\/p>\n\n\n\n<figure class=\"wp-block-image size-large\"><img decoding=\"async\" src=\"https:\/\/redsemlac.com\/semmexico\/wp-content\/uploads\/2020\/07\/violencia-1024x469.jpg\" alt=\"\" class=\"wp-image-22850\"\/><\/figure>\n\n\n\n<p class=\"wp-block-paragraph\">Esta vez, en lo que se llama informe de Medio Paso, el gobierno de la 4T deber\u00e1 responder a las observaciones, 73, donde m\u00e1s de la mitad fueron de car\u00e1cter urgente, al conocido como 9\u00ba. Informe, entregado a la nueva administraci\u00f3n&nbsp;&nbsp;en diciembre de 2018,<\/p>\n\n\n\n<p class=\"wp-block-paragraph\">Las respuestas deben ser del Estado Mexicano,&nbsp;&nbsp;conminado a reforzar acciones y acelerar el paso hacia la igualdad. Hasta ahora, seg\u00fan la consulta que hizo SemM\u00e9xico, ning\u00fan convenio se ha renovado con los Gobiernos de los Estados; ni con otras instancias;&nbsp;&nbsp;tampoco se han resuelto problemas acuciantes como la pobreza de g\u00e9nero, ni se avanz\u00f3 en la cultura de g\u00e9nero, en la educaci\u00f3n ni en los medios de comunicaci\u00f3n donde persisten los estereotipos.<\/p>\n\n\n\n<p class=\"wp-block-paragraph\">Las observaciones piden actuar&nbsp;&nbsp;especialmente sobre&nbsp;&nbsp;la violencia de g\u00e9nero, el feminicidio, las violaciones sexuales,&nbsp;&nbsp;la prostituci\u00f3n, la trata de mujeres, la seguridad, y piden realizar medidas urgentes.&nbsp;<\/p>\n\n\n\n<p class=\"wp-block-paragraph\">Estas observaciones fueron conocidas y examinadas por la actual administraci\u00f3n, en una reuni\u00f3n en Inmujeres en diciembre de 2018. Con la presencia de la Secretaria de Gobernaci\u00f3n, Olga S\u00e1nchez Cordero, la senadora Martha Luc\u00eda Micher Camarena, la totalidad de las consejeras de Inmujeres, pero, todav\u00eda, sin la presencia del gobierno federal que tom\u00f3 protesta hasta el 1\u00ba. de diciembre de ese a\u00f1o.<\/p>\n\n\n\n<p class=\"wp-block-paragraph\">Entonces se cre\u00f3 una Comisi\u00f3n de Seguimiento de las Observaciones del Comit\u00e9 para la Eliminaci\u00f3n de la Discriminaci\u00f3n contra la Mujer de las Naciones Unidas.<a><sup>[1]<\/sup><\/a>&nbsp;La Comisi\u00f3n presidida por la SRE como responsable de implementar el Sistema para el Seguimiento de Recomendaciones Internacionales en materia de Derechos Humanos.&nbsp;<\/p>\n\n\n\n<p class=\"wp-block-paragraph\"><strong>ANTECEDENTES<\/strong><\/p>\n\n\n\n<p class=\"wp-block-paragraph\">El \u00faltimo informe que present\u00f3 M\u00e9xico ante la CEDAW en 2017, el noveno, tuvo la muy relevante caracter\u00edstica de que logr\u00f3 que en \u00e9l participaran los tres poderes, las entidades federativas y pr\u00e1cticamente toda la Administraci\u00f3n P\u00fablica Federal, incluyendo a los organismos aut\u00f3nomos, en un ejercicio de rendici\u00f3n de cuentas.&nbsp;<\/p>\n\n\n\n<p class=\"wp-block-paragraph\">La sustentaci\u00f3n de ese informe en 2018 cont\u00f3 con la participaci\u00f3n de primer nivel de las y los responsables de instrumentar las pol\u00edticas p\u00fablicas m\u00e1s relevantes de igualdad y de combate a la violencia contra las mujeres, de representantes del poder legislativo y judicial que mostraron el camino emprendido y los avances alcanzados, pero sobre todo los retos pendientes y los enormes desaf\u00edos que M\u00e9xico enfrenta a\u00fan. Esta sustentaci\u00f3n fue acompa\u00f1ada por muchas organizaciones de la sociedad civil, vigilantes de la agenda de g\u00e9nero. Hoy no son tomadas en cuenta.<\/p>\n\n\n\n<p class=\"wp-block-paragraph\">El Comit\u00e9 de la CEDAW, organismo que supervisa y valora la aplicaci\u00f3n de la Convenci\u00f3n&nbsp;&nbsp;&nbsp;para la eliminaci\u00f3n de la discriminaci\u00f3n contra las mujeres y las ni\u00f1as, emiti\u00f3 73 observaciones al Estado mexicano con la finalidad de que \u00e9ste reforzar\u00e1 acciones y acelerar\u00e1 el paso.<\/p>\n\n\n\n<p class=\"wp-block-paragraph\">El Informe de M\u00e9xico y su sustentaci\u00f3n mostraron que la Agenda de la Igualdad entre Mujeres y Hombres hab\u00eda cobrado un renovado y muy sano dinamismo, que ten\u00eda cada vez m\u00e1s aliados que mostraban sus compromisos con objetivos claros, acciones y metas, que abarcaba todas las esferas de preocupaci\u00f3n no solo de la CEDAW, sino de la Plataforma de Acci\u00f3n de Beijing y de la convenci\u00f3n&nbsp;&nbsp;Bel\u00e9m do Par\u00e1, e incid\u00eda claramente en las pol\u00edticas p\u00fablicas, pero tambi\u00e9n en la esfera privada con \u00e9nfasis en prevenir y atender la violencia contra mujeres y ni\u00f1as, y redistribuir la enorme carga de los cuidados y el trabajo dom\u00e9stico no remunerado mediante pol\u00edticas e incentivos p\u00fablicos para garantizar la igualdad de oportunidades entre mujeres y hombres.<\/p>\n\n\n\n<p class=\"wp-block-paragraph\">Dada la importancia del tema, en el marco del Sistema Nacional para la Igualdad entre Mujeres y Hombres, -que s\u00f3lo se ha reunido dos veces en dos a\u00f1os- a finales de 2018 se instal\u00f3 la Comisi\u00f3n de Seguimiento de las Observaciones del Comit\u00e9 para la Eliminaci\u00f3n de la Discriminaci\u00f3n contra la Mujer de las Naciones Unidas.<a><sup> <\/sup><\/a>Comisi\u00f3n presidida por la SRE y responsable de implementar el Sistema para el Seguimiento de Recomendaciones Internacionales en materia de Derechos Humanos. Su objetivo: integrar los avances en relaci\u00f3n con el cumplimiento de la agenda de igualdad internacional y, sobre todo, en la prevenci\u00f3n, atenci\u00f3n y sanci\u00f3n de las m\u00faltiples violencias contra mujeres y ni\u00f1as.<\/p>\n\n\n\n<p class=\"wp-block-paragraph\">En este contexto M\u00e9xico tiene la obligaci\u00f3n de presentar en 2020 el llamado Informe de Medio Camino para dar cuenta de las acciones emprendidas para atender el grave problema de violencia contra las mujeres, rendir cuentas sobre los avances en dos de las recomendaciones m\u00e1s importantes de la CEDAW, la 19 y la 35, ambas centradas en prevenir, atender y sancionar la violencia contra las mujeres, con especial atenci\u00f3n en el feminicidio, sus protocolos de investigaci\u00f3n y su adecuada sanci\u00f3n.<\/p>\n\n\n\n<figure class=\"wp-block-image size-large\"><img loading=\"lazy\" decoding=\"async\" width=\"950\" height=\"475\" src=\"https:\/\/redsemlac.com\/semmexico\/wp-content\/uploads\/2020\/01\/VIOLENCIA-CONTRA-LAS-MUJERES.jpeg\" alt=\"\" class=\"wp-image-15851\"\/><\/figure>\n\n\n\n<p class=\"wp-block-paragraph\">El tema de las ni\u00f1as y las mujeres desaparecidas tambi\u00e9n deber\u00e1 ser integrado al Informe de Medio Camino, dando cuenta de los avances alcanzados en materia de b\u00fasqueda, rescate e impartici\u00f3n de justicia; en la Alerta AMBER y el Protocolo Alba; en la instrumentaci\u00f3n de pol\u00edticas p\u00fablicas para prevenir y enfrentar la trata de ni\u00f1as, adolescente y mujeres con fines de explotaci\u00f3n sexual y trabajo forzoso. En este tema, la CEDAW establece que la Comisi\u00f3n Ejecutiva de Atenci\u00f3n a V\u00edctimas CEAV tiene que fortalecer la perspectiva de g\u00e9nero en todos sus procesos, as\u00ed como sus protocolos.&nbsp;<\/p>\n\n\n\n<p class=\"wp-block-paragraph\">Tambi\u00e9n es objeto del Informe de Medio Camino la Alerta de Violencia de G\u00e9nero y particularmente la resoluci\u00f3n del caso de Pilar Arg\u00fcello Trujillo, pendiente y atorado hasta ahora.<\/p>\n\n\n\n<p class=\"wp-block-paragraph\">Se entiende que ante la Pandemia del Covid-19 la elaboraci\u00f3n del Informe de Medio Camino quiz\u00e1 se retrase, pero lo que no sabemos es qu\u00e9 acciones se realizaron, cu\u00e1les son los avances y c\u00f3mo se est\u00e1 integrando este informe.<\/p>\n\n\n\n<p class=\"wp-block-paragraph\">Adem\u00e1s, es relevante conocer con detalle el trabajo realizado y los resultados alcanzados por la Comisi\u00f3n de Seguimiento de las Observaciones del Comit\u00e9 para la Eliminaci\u00f3n de la Discriminaci\u00f3n contra la Mujer de las Naciones Unidas. As\u00ed como los resultados alcanzados en esta administraci\u00f3n en el marco del Sistema Nacional para la Igualdad.<\/p>\n\n\n\n<p class=\"wp-block-paragraph\"><strong>CASO PILAR ARG\u00dcELLO TRUJILLO<\/strong><\/p>\n\n\n\n<p class=\"wp-block-paragraph\">La informaci\u00f3n m\u00e1s reciente -3 de junio 2020-, seg\u00fan texto de la reportera&nbsp;<strong>Ana Alicia Osorio&nbsp;se\u00f1ala:&nbsp;<\/strong>&#8211; M\u00e9xico a\u00fan tiene pendiente alcanzar la justicia para Pilar Arg\u00fcello Trujillo asesinada hace ocho a\u00f1os y cuyo caso fue llevado al Comit\u00e9 para la Eliminaci\u00f3n de la Discriminaci\u00f3n de la Mujer (CEDAW).&nbsp;<\/p>\n\n\n\n<p class=\"wp-block-paragraph\">Adriana Fuentes Manzo, abogada de la asociaci\u00f3n civil Equifon\u00eda que present\u00f3 el caso ante la CEDAW, explic\u00f3 que actualmente contin\u00faan dos v\u00edas paralelas: una comunicaci\u00f3n enviada al Estado mexicano para que llevara a cabo acciones y recomendaciones espec\u00edficas por el caso entregadas en el examen que se hace a M\u00e9xico. Del asunto no ha pasado nada.<\/p>\n\n\n\n<figure class=\"wp-block-image size-large\"><img loading=\"lazy\" decoding=\"async\" width=\"878\" height=\"528\" src=\"https:\/\/redsemlac.com\/semmexico\/wp-content\/uploads\/2020\/09\/feminicidios-1.jpg\" alt=\"\" class=\"wp-image-25414\"\/><\/figure>\n\n\n\n<p class=\"wp-block-paragraph\">Se\u00f1al\u00f3 que el Estado ha realizado algunas reuniones con el pap\u00e1 y la mam\u00e1 de Pilar, pero hasta el momento no ha dado todas las resoluciones al respecto.&nbsp;\u201cSe ha tenido acercamiento con el padre y con la madre de Pilar, han realizado las investigaciones, pero nosotras quisi\u00e9ramos saber por ejemplo c\u00f3mo ha impactado esta recomendaci\u00f3n en otros procesos\u201d, dijo la abogada.&nbsp;<\/p>\n\n\n\n<p class=\"wp-block-paragraph\">Pilar ten\u00eda 20 a\u00f1os y viv\u00eda en Coscomatepec al centro de Veracruz. El 2 de septiembre del 2012 camin\u00f3 hacia el centro de la ciudad y fue encontrada asesinada unas horas despu\u00e9s.&nbsp;Su novio, el presunto agresor, fue detenido y \u00e9l confes\u00f3 el crimen, pero pese a ello fue liberado.&nbsp;<\/p>\n\n\n\n<p class=\"wp-block-paragraph\">A partir de all\u00ed comenz\u00f3 una batalla legal para intentar brindar justicia a Pilar Trujillo y a todos los otros que existen en la entidad y en el pa\u00eds.&nbsp;<\/p>\n\n\n\n<p class=\"wp-block-paragraph\">\u201cDe manera paralela se est\u00e1n haciendo cortes, se est\u00e1 se\u00f1alando lo que se ha avanzado en la investigaci\u00f3n y digamos que de manera contextual en la atenci\u00f3n de v\u00edctimas indirectas (\u2026) todas est\u00e1n como haciendo, tal vez no todo lo que se quisiera en este momento, pero estamos en espera tambi\u00e9n con el otro informe de las recomendaciones de CEDAW que el Estado mexicano presente lo que hasta este momento se ha realizado\u201d<\/p>\n\n\n\n<p class=\"wp-block-paragraph\">Adriana Fuentes Manzo agreg\u00f3: \u201cLa Unidad de An\u00e1lisis y Contexto, lo que nosotros dec\u00edamos es: perfecto ya tienes una Unidad de An\u00e1lisis y Contexto, pero necesitamos saber c\u00f3mo esto ha impactado no solamente en el tema de Pilar sino tambi\u00e9n en los dem\u00e1s, s\u00ed creemos que necesitamos tener m\u00e1s informaci\u00f3n de la implementaci\u00f3n de esta Unidad\u201d, pero hasta el 9 de septiembre de 2020 no se sabe nada.<\/p>\n\n\n\n<hr class=\"wp-block-separator\"\/>\n\n\n\n<p class=\"has-small-font-size wp-block-paragraph\"><a><sup>[1]<\/sup><\/a>&nbsp;El Sistema cuenta con cinco Comisiones, cada una tiene definidos sus integrantes, objetivos, procesos y su Plan de Trabajo. Las otras cuatro Comisiones son: De Vinculaci\u00f3n con el Sistema Nacional para Prevenir, Atender, Sancionar y Erradicar la Violencia contra las Mujeres. La de Vinculaci\u00f3n con el Poder Legislativo; la de Vinculaci\u00f3n con las Entidades Federativas del Sistema Nacional para la Igualdad entre Mujeres y Hombres y la de Seguimiento de la Pol\u00edtica Nacional en Materia de Igualdad entre Mujeres y Hombres.<\/p>\n\n\n\n<p class=\"has-small-font-size wp-block-paragraph\">\u00a0<\/p>\n","protected":false},"excerpt":{"rendered":"<p>12 a\u00f1os en espera de justicia para el asesinato de Pilar Trujillo: una de las recomendaciones<\/p>\n","protected":false},"author":3,"featured_media":25413,"comment_status":"open","ping_status":"open","sticky":false,"template":"","format":"standard","meta":{"_monsterinsights_skip_tracking":false,"footnotes":""},"categories":[691,51,59],"tags":[],"class_list":["post-25412","post","type-post","status-publish","format-standard","has-post-thumbnail","category-691","category-ejecutivo","category-investigaciones"],"_links":{"self":[{"href":"https:\/\/redsemlac.com\/semmexico\/wp-json\/wp\/v2\/posts\/25412","targetHints":{"allow":["GET"]}}],"collection":[{"href":"https:\/\/redsemlac.com\/semmexico\/wp-json\/wp\/v2\/posts"}],"about":[{"href":"https:\/\/redsemlac.com\/semmexico\/wp-json\/wp\/v2\/types\/post"}],"author":[{"embeddable":true,"href":"https:\/\/redsemlac.com\/semmexico\/wp-json\/wp\/v2\/users\/3"}],"replies":[{"embeddable":true,"href":"https:\/\/redsemlac.com\/semmexico\/wp-json\/wp\/v2\/comments?post=25412"}],"version-history":[{"count":0,"href":"https:\/\/redsemlac.com\/semmexico\/wp-json\/wp\/v2\/posts\/25412\/revisions"}],"wp:featuredmedia":[{"embeddable":true,"href":"https:\/\/redsemlac.com\/semmexico\/wp-json\/wp\/v2\/media\/25413"}],"wp:attachment":[{"href":"https:\/\/redsemlac.com\/semmexico\/wp-json\/wp\/v2\/media?parent=25412"}],"wp:term":[{"taxonomy":"category","embeddable":true,"href":"https:\/\/redsemlac.com\/semmexico\/wp-json\/wp\/v2\/categories?post=25412"},{"taxonomy":"post_tag","embeddable":true,"href":"https:\/\/redsemlac.com\/semmexico\/wp-json\/wp\/v2\/tags?post=25412"}],"curies":[{"name":"wp","href":"https:\/\/api.w.org\/{rel}","templated":true}]}}