{"id":25408,"date":"2020-09-09T19:19:16","date_gmt":"2020-09-09T19:19:16","guid":{"rendered":"https:\/\/redsemlac.com\/semmexico\/?p=25408"},"modified":"2023-07-21T16:30:17","modified_gmt":"2023-07-21T21:30:17","slug":"onu-insta-a-sancionar-los-ataques-contra-consorcio-oaxaca-y-soledad-jarquin","status":"publish","type":"post","link":"https:\/\/redsemlac.com\/semmexico\/onu-insta-a-sancionar-los-ataques-contra-consorcio-oaxaca-y-soledad-jarquin\/","title":{"rendered":"ONU insta a sancionar los ataques contra Consorcio Oaxaca y Soledad Jarqu\u00edn"},"content":{"rendered":"\n<ul class=\"wp-block-list\"><li><strong>Personas expertas de la organizaci\u00f3n internacional emiten una Acci\u00f3n Urgente<\/strong><\/li><\/ul>\n\n\n\n<ul class=\"wp-block-list\"><li><strong>Expresan preocupaci\u00f3n por impunidad en caso de feminicidio de Mar\u00eda del Sol Cruz Jarqu\u00edn<\/strong><\/li><\/ul>\n\n\n\n<p class=\"wp-block-paragraph\"><strong>Redacci\u00f3n<\/strong><\/p>\n\n\n\n<p class=\"wp-block-paragraph\">SemM\u00e9xico, 9 de septiembre, 2020.- Cuatro Relatores Especiales y un Grupo de Trabajo de la ONU hacen p\u00fablica la Acci\u00f3n Urgente UA MEX 7\/2020, misma que enviaron al Estado Mexicano luego de las intimidaciones y de la amenaza de muerte colocada en la puerta de las oficinas de la organizaci\u00f3n feminista Consorcio Oaxaca el pasado 15 de junio 2020.<\/p>\n\n\n\n<p class=\"wp-block-paragraph\">Cabe recordar que estos ataques se dieron en el contexto de la campa\u00f1a #HastaQueLaJusticiaLlegue, iniciada por la periodista y defensora Soledad Jarqu\u00edn Edgar para exigir justicia por el feminicidio de su hija, Mar\u00eda del Sol Cruz Jarqu\u00edn, asesinada el 2 de junio de 2018 en Juchit\u00e1n de Zaragoza, se\u00f1ala un comunicado emitido por la organizaci\u00f3n Consorcio Oaxaca.<\/p>\n\n\n\n<p class=\"wp-block-paragraph\">En su Acci\u00f3n Urgente los Expertos expresaron su preocupaci\u00f3n por la vida de las defensoras atacadas, as\u00ed como por la impunidad en el caso del feminicidio de Mar\u00eda del Sol Cruz Jarqu\u00edn.<\/p>\n\n\n\n<p class=\"wp-block-paragraph\">\u201cNos preocupa que dicha impunidad socave la lucha contra la violencia de g\u00e9nero y el feminicidio en Oaxaca e impida aprender de lo ocurrido para asegurar que los hechos no se vuelvan a repetir.\u201d<\/p>\n\n\n\n<p class=\"wp-block-paragraph\">En este sentido solicitaron al Estado mexicano informaci\u00f3n sobre los avances en las investigaciones no s\u00f3lo de los ataques contra Consorcio Oaxaca y Soledad Jarqu\u00edn, pero tambi\u00e9n en el caso del feminicidio de Mar\u00eda del Sol Cruz Jarqu\u00edn y pidieron al Estado Mexicano que informe sobre medidas espec\u00edficas adoptadas para garantizar la protecci\u00f3n de estas defensoras.<\/p>\n\n\n\n<p class=\"wp-block-paragraph\">Finalmente, instaron al Estado mexicano a tomar todas las medidas necesarias para castigar a los responsables y generar garant\u00edas de no repetici\u00f3n.<\/p>\n\n\n\n<p class=\"wp-block-paragraph\">La Acci\u00f3n Urgente UA MEX 7\/2020 fue suscrita por Mary Lawlor, Relatora Especial sobre la situaci\u00f3n de las personas defensoras de derechos humanos, Dubravka \u0160imonovi\u0107, Relatora Especial sobre la violencia contra la mujer; Agnes Callamard, Relatora Especial sobre ejecuciones extrajudiciales, sumarias o arbitrarias; Clement Nyaletsossi Voule, Relator Especial sobre el derecho a la libertad de reuni\u00f3n pac\u00edfica y de asociaci\u00f3n y Elizabeth Broderick, Presidenta del Grupo de Trabajo sobre la discriminaci\u00f3n contra las mujeres y las ni\u00f1as. Disponible para la consulta en:<\/p>\n\n\n\n<p class=\"wp-block-paragraph\">Acci\u00f3n Urgente UA MEX 7\/2020 suscrita por Mary Lawlor, Relatora Especial sobre la situaci\u00f3n de las personas defensoras de derechos humanos, Dubravka \u0160imonovi\u0107, Relatora Especial sobre la violencia contra la mujer; Agnes Callamard, Relatora Especial sobre ejecuciones extrajudiciales, sumarias o arbitrarias; Clement Nyaletsossi Voule, Relator Especial sobre el derecho a la libertad de reuni\u00f3n pac\u00edfica y de asociaci\u00f3n y Elizabeth Broderick, Presidenta del Grupo de Trabajo sobre la discriminaci\u00f3n contra las mujeres y las ni\u00f1as.&nbsp;Disponible para la consulta en:<\/p>\n\n\n\n<p class=\"wp-block-paragraph\"><a href=\"https:\/\/spcommreports.ohchr.org\/TMResultsBase\/DownLoadPublicCommunicationFile?gId=25372\">https:\/\/spcommreports.ohchr.org\/TMResultsBase\/DownLoadPublicCommunicationFile?gId=25372<\/a><\/p>\n\n\n\n<p class=\"wp-block-paragraph\">SEM\/gr<\/p>\n","protected":false},"excerpt":{"rendered":"<p>Expresan preocupaci\u00f3n por impunidad en caso de feminicidio de Mar\u00eda del Sol Cruz Jarqu\u00edn<\/p>\n","protected":false},"author":3,"featured_media":25409,"comment_status":"open","ping_status":"open","sticky":false,"template":"","format":"standard","meta":{"_monsterinsights_skip_tracking":false,"footnotes":""},"categories":[691,54],"tags":[],"class_list":["post-25408","post","type-post","status-publish","format-standard","has-post-thumbnail","category-691","category-mujeres"],"_links":{"self":[{"href":"https:\/\/redsemlac.com\/semmexico\/wp-json\/wp\/v2\/posts\/25408","targetHints":{"allow":["GET"]}}],"collection":[{"href":"https:\/\/redsemlac.com\/semmexico\/wp-json\/wp\/v2\/posts"}],"about":[{"href":"https:\/\/redsemlac.com\/semmexico\/wp-json\/wp\/v2\/types\/post"}],"author":[{"embeddable":true,"href":"https:\/\/redsemlac.com\/semmexico\/wp-json\/wp\/v2\/users\/3"}],"replies":[{"embeddable":true,"href":"https:\/\/redsemlac.com\/semmexico\/wp-json\/wp\/v2\/comments?post=25408"}],"version-history":[{"count":0,"href":"https:\/\/redsemlac.com\/semmexico\/wp-json\/wp\/v2\/posts\/25408\/revisions"}],"wp:featuredmedia":[{"embeddable":true,"href":"https:\/\/redsemlac.com\/semmexico\/wp-json\/wp\/v2\/media\/25409"}],"wp:attachment":[{"href":"https:\/\/redsemlac.com\/semmexico\/wp-json\/wp\/v2\/media?parent=25408"}],"wp:term":[{"taxonomy":"category","embeddable":true,"href":"https:\/\/redsemlac.com\/semmexico\/wp-json\/wp\/v2\/categories?post=25408"},{"taxonomy":"post_tag","embeddable":true,"href":"https:\/\/redsemlac.com\/semmexico\/wp-json\/wp\/v2\/tags?post=25408"}],"curies":[{"name":"wp","href":"https:\/\/api.w.org\/{rel}","templated":true}]}}