{"id":25399,"date":"2020-09-09T17:35:53","date_gmt":"2020-09-09T17:35:53","guid":{"rendered":"https:\/\/redsemlac.com\/semmexico\/?p=25399"},"modified":"2023-07-21T16:30:17","modified_gmt":"2023-07-21T21:30:17","slug":"falta-de-acceso-de-la-justicia-en-veracruz-y-omisiones-por-parte-del-gobierno-mexicano","status":"publish","type":"post","link":"https:\/\/redsemlac.com\/semmexico\/falta-de-acceso-de-la-justicia-en-veracruz-y-omisiones-por-parte-del-gobierno-mexicano\/","title":{"rendered":"Falta de acceso de la justicia en Veracruz y omisiones por parte del gobierno mexicano"},"content":{"rendered":"\n<ul class=\"wp-block-list\"><li><strong>De enero a julio del 2020 hay registro de 2440 mujeres asesinadas en M\u00e9xico, as\u00ed como 123 927 delitos relacionados con la violencia familiar, aun con este panorama, desde gobierno federal insisten en invisibilizar la situaci\u00f3n<\/strong><\/li><\/ul>\n\n\n\n<p class=\"wp-block-paragraph\"><strong>Por: Myriam Lagunes Mar\u00edn<\/strong><\/p>\n\n\n\n<p class=\"wp-block-paragraph\">SemM\u00e9xico\/Presencia. Veracruz. 9 de septiembre 2020.- \u200bDesde hace unos d\u00edas las instalaciones de la Comisi\u00f3n Nacional de Derechos Humanos fueron tomadas por grupos feministas y familiares de v\u00edctimas de diversos delitos entre los que se incluyen abuso sexual y desaparici\u00f3n forzada, esto ante la aparente inacci\u00f3n de las autoridades encargadas de impartir justicia en nuestro pa\u00eds, sin embargo hay muchas personas que descalifican este tipo de acciones, incluido el presidente mismo, pero, \u00bfen realidad tienen raz\u00f3n para actuar as\u00ed? Vamos a hacer un breve repaso de la situaci\u00f3n en la que se encuentra nuestro pa\u00eds y nuestro Estado.<\/p>\n\n\n\n<p class=\"wp-block-paragraph\">De enero a julio del 2020 hay registro de 2440 mujeres asesinadas en M\u00e9xico, as\u00ed como 123 927 delitos relacionados con la violencia familiar, aun con este panorama, desde gobierno federal insisten en invisibilizar la situaci\u00f3n, en sus dos informes el presidente Andr\u00e9s Manuel L\u00f3pez Obrador no ha dedicado una sola palabra a las acciones para erradicar la violencia contra las mujeres, es mentira que las cifras de feminicidios van a la baja, aun as\u00ed decidieron recortar el 75% del presupuesto destinado al Instituto Nacional de las mujeres y han calificado tanto al movimiento feminista como a los colectivos de b\u00fasqueda de personas desaparecidas como conservadores en busca de desestabilizar el pa\u00eds.<\/p>\n\n\n\n<p class=\"wp-block-paragraph\">En Veracruz hay registro de 1464 denuncias por violencia de g\u00e9nero presentadas entre 2018 y 2019 solo hubo acci\u00f3n penal en 78, equivalente \u00fanicamente al 5.32%, lo cual quiere decir que en el 94.68% restante hay a\u00fan impunidad, menos de la mitad de las v\u00edctimas cuentan con asesor\u00eda jur\u00eddica, lo que por ley es su derecho; de enero a julio del 2020 hay registro del 167 desapariciones de ni\u00f1as, adolescentes y mujeres, as\u00ed como 350 agresiones, 50 feminicidios y 57 homicidios, la mayor\u00eda de ellos durante el periodo de cuarentena, en el cual no se present\u00f3 ning\u00fan plan emergente para atender las crecientes cifras de violencia contra las mujeres; del 2015 al 2019 hay registro de 456 casos de feminicidios en la entidad, solo 33 llegaron a una sentencia, los otros 423 siguen sin resolverse.<\/p>\n\n\n\n<p class=\"wp-block-paragraph\">Desde mayo del 2019 no hay directora del Instituto Veracruzano de las Mujeres a pesar de que la convocatoria para titular fue entregada por los consejos social y consultivo desde mayo del a\u00f1o pasado, este es un claro acto de violencia institucional contra todas las mujeres del Estado, ya que desde el mismo gobierno obstaculizan nuestra participaci\u00f3n en los puestos estrat\u00e9gicos de toma de decisiones.<\/p>\n\n\n\n<p class=\"wp-block-paragraph\">La situaci\u00f3n que vivimos no solo en Veracruz sino en todo M\u00e9xico en materia de falta de atenci\u00f3n a la violencia de g\u00e9nero es grave, no es para menos la toma de la CNDH, las marchas y las pintas feministas, son las \u00fanicas opciones que dejan las mismas autoridades al hacer caso omiso de la demanda de igualdad, el fortalecimiento de las instituciones encargadas de procurar justicia es de vital importancia si queremos cambiar esta realidad, las pol\u00edticas de austeridad no aplican cuando el llevarlas a cabo se traducen en la comisi\u00f3n de omisiones contra las v\u00edctimas de violencia, \u00bfQu\u00e9 m\u00e1s tenemos que hacer para que nos escuchen?<\/p>\n","protected":false},"excerpt":{"rendered":"<p>De enero a julio del 2020 hay registro de 2440 mujeres asesinadas en M\u00e9xico, as\u00ed como 123 927 delitos relacionados con la violencia familiar,<\/p>\n","protected":false},"author":3,"featured_media":25400,"comment_status":"open","ping_status":"open","sticky":false,"template":"","format":"standard","meta":{"_monsterinsights_skip_tracking":false,"footnotes":""},"categories":[691,82,35],"tags":[],"class_list":["post-25399","post","type-post","status-publish","format-standard","has-post-thumbnail","category-691","category-la-opinion","category-opinion"],"_links":{"self":[{"href":"https:\/\/redsemlac.com\/semmexico\/wp-json\/wp\/v2\/posts\/25399","targetHints":{"allow":["GET"]}}],"collection":[{"href":"https:\/\/redsemlac.com\/semmexico\/wp-json\/wp\/v2\/posts"}],"about":[{"href":"https:\/\/redsemlac.com\/semmexico\/wp-json\/wp\/v2\/types\/post"}],"author":[{"embeddable":true,"href":"https:\/\/redsemlac.com\/semmexico\/wp-json\/wp\/v2\/users\/3"}],"replies":[{"embeddable":true,"href":"https:\/\/redsemlac.com\/semmexico\/wp-json\/wp\/v2\/comments?post=25399"}],"version-history":[{"count":0,"href":"https:\/\/redsemlac.com\/semmexico\/wp-json\/wp\/v2\/posts\/25399\/revisions"}],"wp:featuredmedia":[{"embeddable":true,"href":"https:\/\/redsemlac.com\/semmexico\/wp-json\/wp\/v2\/media\/25400"}],"wp:attachment":[{"href":"https:\/\/redsemlac.com\/semmexico\/wp-json\/wp\/v2\/media?parent=25399"}],"wp:term":[{"taxonomy":"category","embeddable":true,"href":"https:\/\/redsemlac.com\/semmexico\/wp-json\/wp\/v2\/categories?post=25399"},{"taxonomy":"post_tag","embeddable":true,"href":"https:\/\/redsemlac.com\/semmexico\/wp-json\/wp\/v2\/tags?post=25399"}],"curies":[{"name":"wp","href":"https:\/\/api.w.org\/{rel}","templated":true}]}}