{"id":25340,"date":"2020-09-08T15:37:13","date_gmt":"2020-09-08T15:37:13","guid":{"rendered":"https:\/\/redsemlac.com\/semmexico\/?p=25340"},"modified":"2023-07-21T16:30:19","modified_gmt":"2023-07-21T21:30:19","slug":"periodistas-3","status":"publish","type":"post","link":"https:\/\/redsemlac.com\/semmexico\/periodistas-3\/","title":{"rendered":"Impulsan Ley de Seguridad social para periodistas en M\u00e9xico"},"content":{"rendered":"\n<p class=\"wp-block-paragraph\"><strong>Redacci\u00f3n\u00a0<\/strong><\/p>\n\n\n\n<p class=\"wp-block-paragraph\">SemM\u00e9xico. Puebla. 8 de septiembre, 2020.- Derivado de una propuesta de J. Leticia Garc\u00eda Polo, Presidenta de la Asociaci\u00f3n de Mujeres Periodistas y Escritoras de Puebla&nbsp;<strong>(AMPEP<\/strong>) surge la Iniciativa ciudadana para modificar la Ley del Seguro Social y se incluya en esta prestaci\u00f3n a las y los periodistas independientes.&nbsp;<\/p>\n\n\n\n<p class=\"wp-block-paragraph\">Esta Iniciativa ya fue registrada en la Gaceta Parlamentaria de la C\u00e1mara de Diputados,\u00a0\u00a0ser\u00e1 propuesta para su an\u00e1lisis y discusi\u00f3n en Comisiones por\u00a0la diputada federal Maiella G\u00f3mez Maldonado\u00a0representante de Movimiento Ciudadano (MC).\u00a0<\/p>\n\n\n\n<p class=\"wp-block-paragraph\">Al presentar el contenido de la propuesta de reforma de Ley, ante los representantes de los medios en una video conferencia la diputada federal Maiella G\u00f3mez dijo que con esta iniciativa se busca establecer en la Ley del Seguro Social, la definici\u00f3n de periodista como sujeto de este derecho y la obligaci\u00f3n del Estado Mexicano, para subsidiar una parte de la cuota por concepto de afiliaci\u00f3n voluntaria al r\u00e9gimen obligatorio del IMSS en beneficio del sector y as\u00ed otorgarles todas las prestaciones que conlleva la seguridad social, a aquellos periodistas que hasta el momento no cuentan con ella.<\/p>\n\n\n\n<p class=\"wp-block-paragraph\">Los servicios que abarcar\u00eda esta protecci\u00f3n social son:&nbsp;<strong>prestaciones del seguro de enfermedades y maternidad; seguro de invalidez y vida; retiro y vejez<\/strong>. La legisladora federal enfatiz\u00f3 que la iniciativa se present\u00f3 el pasado 3 de septiembre en la C\u00e1mara de Diputados, esperando se turne a comisiones para su an\u00e1lisis y discusi\u00f3n, por lo que inst\u00f3 a los integrantes de las asociaciones de periodistas a sumar esfuerzos y a socializar la iniciativa, con el fin de darla a conocer a la poblaci\u00f3n.&nbsp;<\/p>\n\n\n\n<p class=\"wp-block-paragraph\">En la sesi\u00f3n informativa participaron&nbsp;Marisol C\u00f3rdoba Torres, integrante de la&nbsp;Red de Periodistas de Puebla;&nbsp;Valent\u00edn Paredes Presidente de la Asociaci\u00f3n de Periodistas, Reporteros Gr\u00e1ficos y Comunicadores de Puebla (ASPEC); y&nbsp;Omar Espinosa Presidente de la Asociaci\u00f3n Nacional de Locutores de M\u00e9xico, A.C., delegaci\u00f3n Puebla, coincidieron en la necesidad de atender este vac\u00edo que hay en los derechos sociales del gremio que de manera injusta se ha dejado de largo, aun cuando muchos periodistas han dedicado toda su vida al servicio informativo y al final de sus vida carecen de servicios m\u00e9dicos, seguro de invalidez, retiro y vejez. Incluso muchos mueren en el anonimato y la pobreza, sin contar con ning\u00fan elemento de apoyo social o servicio m\u00e9dico, m\u00e1s que el del propio gremio que se organiza y apoya al compa\u00f1ero comunicador\/ra&nbsp;&nbsp;en la enfermedad o llegado el caso a sus&nbsp;&nbsp;deudos.&nbsp;&nbsp;<\/p>\n\n\n\n<p class=\"wp-block-paragraph\">La diputada federal Maiella G\u00f3mez Maldonado, reconoci\u00f3 a las organizaciones de periodistas y comunicadores de Puebla, que se han unido para sumar esfuerzos en beneficio de su gremio, por ello les pidi\u00f3 \u201csocializar la iniciativa, con el fin de darla a conocer con sus afiliados y entre la poblaci\u00f3n para que logre el respaldo y obtengan el beneficio que se busca, alcanzar la justicia social para las y los periodistas mexicanos\u201d.<\/p>\n\n\n\n<p class=\"wp-block-paragraph\">\u00a0La Presidenta de la AMPEP, Leticia Garc\u00eda Polo y la Diputada federal Maiella G\u00f3mez Maldonado de MC, reconocieron la importante participaci\u00f3n del Abogado\u00a0Jorge Jim\u00e9nez Alonso,\u00a0Secretario General\u00a0\u00a0de la Academia Mexicana de Derecho del Trabajo,\u00a0quien asesor\u00f3 de manera inicial los trabajo de esta iniciativa de Ley.<\/p>\n","protected":false},"excerpt":{"rendered":"<p>Surge la Iniciativa ciudadana para modificar la Ley del Seguro Social y se incluya en esta prestaci\u00f3n a las y los periodistas independientes. <\/p>\n","protected":false},"author":3,"featured_media":25341,"comment_status":"open","ping_status":"open","sticky":false,"template":"","format":"standard","meta":{"_monsterinsights_skip_tracking":false,"footnotes":""},"categories":[691,55],"tags":[],"class_list":["post-25340","post","type-post","status-publish","format-standard","has-post-thumbnail","category-691","category-periodistas"],"_links":{"self":[{"href":"https:\/\/redsemlac.com\/semmexico\/wp-json\/wp\/v2\/posts\/25340","targetHints":{"allow":["GET"]}}],"collection":[{"href":"https:\/\/redsemlac.com\/semmexico\/wp-json\/wp\/v2\/posts"}],"about":[{"href":"https:\/\/redsemlac.com\/semmexico\/wp-json\/wp\/v2\/types\/post"}],"author":[{"embeddable":true,"href":"https:\/\/redsemlac.com\/semmexico\/wp-json\/wp\/v2\/users\/3"}],"replies":[{"embeddable":true,"href":"https:\/\/redsemlac.com\/semmexico\/wp-json\/wp\/v2\/comments?post=25340"}],"version-history":[{"count":0,"href":"https:\/\/redsemlac.com\/semmexico\/wp-json\/wp\/v2\/posts\/25340\/revisions"}],"wp:featuredmedia":[{"embeddable":true,"href":"https:\/\/redsemlac.com\/semmexico\/wp-json\/wp\/v2\/media\/25341"}],"wp:attachment":[{"href":"https:\/\/redsemlac.com\/semmexico\/wp-json\/wp\/v2\/media?parent=25340"}],"wp:term":[{"taxonomy":"category","embeddable":true,"href":"https:\/\/redsemlac.com\/semmexico\/wp-json\/wp\/v2\/categories?post=25340"},{"taxonomy":"post_tag","embeddable":true,"href":"https:\/\/redsemlac.com\/semmexico\/wp-json\/wp\/v2\/tags?post=25340"}],"curies":[{"name":"wp","href":"https:\/\/api.w.org\/{rel}","templated":true}]}}