{"id":25338,"date":"2020-09-08T15:34:28","date_gmt":"2020-09-08T15:34:28","guid":{"rendered":"https:\/\/redsemlac.com\/semmexico\/?p=25338"},"modified":"2023-07-21T16:30:19","modified_gmt":"2023-07-21T21:30:19","slug":"opinion-564","status":"publish","type":"post","link":"https:\/\/redsemlac.com\/semmexico\/opinion-564\/","title":{"rendered":"Venganza, temor, abuso de poder"},"content":{"rendered":"\n<p class=\"wp-block-paragraph\"><strong>Mois\u00e9s S\u00e1nchez Lim\u00f3n<\/strong><\/p>\n\n\n\n<p class=\"wp-block-paragraph\"><strong>Del tama\u00f1o del rencor es el de la venganza.<\/strong><\/p>\n\n\n\n<p class=\"wp-block-paragraph\">SemM\u00e9xico. Cd. de M\u00e9xico. 8 de septiembre, 2020.- Y el inquilino de Palacio la sabore\u00f3 el s\u00e1bado \u00faltimo. Apoltronado bajo la sombra del cedro que debe tener 67 a\u00f1os de haber sido plantado en ese rancho llamado \u201cLa Chingada\u201d, sito en el municipio de Palenque, Chiapas, festej\u00f3 el fracaso pol\u00edtico de Felipe Calder\u00f3n, a quien tiene especial odio y rencor desde 2006.<\/p>\n\n\n\n<p class=\"wp-block-paragraph\">S\u00ed, odio y rencor que se refleja en cada palabra que dedica a Calder\u00f3n Hinojosa lo mismo en sus homil\u00edas de las ma\u00f1aneras palaciegas que en los mensajes improvisados en actos p\u00fablicos, en su periplo de campa\u00f1a permanente que, sin duda, tienen ese condimento del temor de perder el poder.<\/p>\n\n\n\n<p class=\"wp-block-paragraph\">El licenciado L\u00f3pez Obrador presume que su pecho no es bodega y dice lo que siente, pero igual sus rencores no tienen dique, por m\u00e1s que insista en asumirse cristiano y comulgar con la palabra del papa Francisco, aunque falaz como ha sido cuando oculta su riqueza y se asume austero juarista, pero sus trajes bien cortados, aunque mal portados, lo denuncian machuch\u00f3n de lavanda. &nbsp;<\/p>\n\n\n\n<p class=\"wp-block-paragraph\">Pero, vaya, estaba con el festejo sabatino, desplegado sin rubor porque el Instituto Nacional Electoral neg\u00f3 el registro de partido pol\u00edtico a la organizaci\u00f3n M\u00e9xico Libre, comandada por Felipe Calder\u00f3n Hinojosa y su esposa Margarita Zavala, quien luego puntualizar\u00eda que ella y s\u00f3lo ella encabeza a M\u00e9xico Libre.<\/p>\n\n\n\n<p class=\"wp-block-paragraph\">Andr\u00e9s Manuel y su sonrisa de malicia insultante, aderezada con iron\u00eda recomend\u00f3 a Calder\u00f3n proceder como \u00e9l en 2006 y emprender la lucha por el registro de M\u00e9xico Libre, incluso que acudiera a la OEA donde tiene amigos de la derecha y, vaya, hasta los empresarios que identific\u00f3 como sus apoyadores en aquellos comicios de hace 14 a\u00f1os.<\/p>\n\n\n\n<p class=\"wp-block-paragraph\">Pero, la recomendaci\u00f3n entra\u00f1a mucho del voluntarismo del se\u00f1orpresidente y el alto nivel protagonista y dictatorial con el que se ha conducido desde el mismo momento en que lleg\u00f3 a la conclusi\u00f3n de que la jefatura de Gobierno del entonces Distrito Federal, lo mismo que la presidencia del PRD le hab\u00edan quedados chicos y lo suyo, lo suyo, era la Presidencia de la Rep\u00fablica.<\/p>\n\n\n\n<p class=\"wp-block-paragraph\">Proceder como L\u00f3pez Obrador en julio de 2006 con la arenga \u201cvoto por voto, casilla por casilla\u201d, ser\u00eda un desprop\u00f3sito de la pareja Calder\u00f3n-Zavala. Le platico.<\/p>\n\n\n\n<p class=\"wp-block-paragraph\">Cuando el domingo 30 de julio de 2006 en consulta entre simpatizantes y fundamentalistas, es decir, sin posibilidad de hacerse a un lado y menos perderse entre la muchedumbre que gritaba \u201c\u00a1voto por voto!, \u00a1casilla por casilla!\u201d, &nbsp;Andr\u00e9s Manuel L\u00f3pez Obrador logr\u00f3 respaldo a su personal propuesta, no del PRD, el partido que lo hab\u00eda nominado candidato a la Presidencia de la Rep\u00fablica, para iniciar ah\u00ed, en el Z\u00f3calo capitalino, un plant\u00f3n que luego se extender\u00eda a Paseo de la Reforma durante 45 d\u00edas.<\/p>\n\n\n\n<p class=\"wp-block-paragraph\">Mire usted, despu\u00e9s del 2 de julio de ese a\u00f1o, con una votaci\u00f3n re\u00f1ida en la que Felipe Calder\u00f3n logr\u00f3 35.91 por ciento de la votaci\u00f3n, es decir, 14.91 millones de sufragios contra 14.68 millones obtenidos por Andr\u00e9s Manuel (candidato presidencial de la coalici\u00f3n Por el bien de todos), que implicaban 35.29 por ciento de los votos, la reacci\u00f3n del tabasque\u00f1o fue exigir el famoso recuento.<\/p>\n\n\n\n<p class=\"wp-block-paragraph\">Pero, como el entonces Instituto Federal Electoral, el Partido Acci\u00f3n Nacional y por supuesto Felipe Calder\u00f3n se negaron a la exigencia, entonces la reacci\u00f3n fue una protesta que se disfraz\u00f3 de resistencia civil y que, durante 47 d\u00edas puso de cabeza a la capital del pa\u00eds, en perjuicio de todo el mundo, empleados p\u00fablicos y del sector privado, pero en especial de comerciantes y prestadores de servicios tur\u00edsticos en el Paseo de la Reforma y la zona perimetral.&nbsp;<\/p>\n\n\n\n<p class=\"wp-block-paragraph\">Y la decisi\u00f3n, reitero, fue apoyada a mano alzada por simpatizantes y seguidores de Andr\u00e9s Manuel. \u201cLes propongo que nos quedemos aqu\u00ed, en asamblea permanente (\u2026) que permanezcamos aqu\u00ed, d\u00eda y noche, hasta que se cuenten los votos y tengamos un presidente electo con la legalidad m\u00ednima que nos merecemos los mexicanos\u00bb, plante\u00f3 ese d\u00eda el licenciado L\u00f3pez Obrador.<\/p>\n\n\n\n<p class=\"wp-block-paragraph\">Pero el plant\u00f3n se extendi\u00f3 y dur\u00f3 hasta el 15 de septiembre de ese 2006, diez d\u00edas despu\u00e9s de que los magistrados del Tribunal Electoral del Poder Judicial de la Federaci\u00f3n entregaron a Felipe Calder\u00f3n la constancia de mayor\u00eda que lo nombraba Presidente Electo de los Estados Unidos Mexicanos.<\/p>\n\n\n\n<p class=\"wp-block-paragraph\">Ese 5 de septiembre, de hace 14 a\u00f1os, cientos de simpatizantes de Andr\u00e9s Manuel rodearon el edificio sede del TEPJF en la avenida Carlota Armero y, con insultos y una lluvia de huevos, agredieron a los magistrados y reporteros que cubr\u00edamos ese acto de unci\u00f3n del candidato del PAN.&nbsp;<\/p>\n\n\n\n<p class=\"wp-block-paragraph\">\u00bfCu\u00e1nto cost\u00f3 en dinero contante y sonante esa decisi\u00f3n de Andr\u00e9s Manuel de presionar y chantajear a la autoridad electoral (al IFE de entonces y al TEPJF)?&nbsp;<\/p>\n\n\n\n<p class=\"wp-block-paragraph\">Las p\u00e9rdidas que dej\u00f3 el plant\u00f3n fueron cuantiosas. Para prestadores de servicios tur\u00edsticos y alimentarios, se registra que en 16 d\u00edas el plant\u00f3n hab\u00eda provocado p\u00e9rdidas por 3 mil millones de pesos; para el PRD no fue una bicoca la p\u00e9rdida econ\u00f3mica.<\/p>\n\n\n\n<p class=\"wp-block-paragraph\">De acuerdo con la sentencia de un Tribunal Colegiado que ratific\u00f3 la Suprema Corte de Justicia de la Naci\u00f3n, seg\u00fan consta en archivos, el PRD fue obligado a pagar 25 millones 134 mil 634 pesos por facturas de insumos diversos, log\u00edstica y prestaciones de servicios otorgados durante el plant\u00f3n en el Paseo de la Reforma.<\/p>\n\n\n\n<p class=\"wp-block-paragraph\">\u00bfUstedes estuvieron de acuerdo con ese plant\u00f3n?, pregunt\u00e9 hace poco a Jes\u00fas Zambrano Grijalva, hoy dirigente Nacional del PRD.<\/p>\n\n\n\n<p class=\"wp-block-paragraph\">\u201cNo, nunca estuvimos de acuerdo. Le dijimos a Andr\u00e9s Manuel que era un desprop\u00f3sito realizar ese plant\u00f3n, que el partido no ten\u00eda dinero para sufragar ese gasto. Pero Andr\u00e9s Manuel impuso su voluntad y ahora arrastramos deudas producto de ese plant\u00f3n\u201d, respondi\u00f3 Zambrano.<\/p>\n\n\n\n<p class=\"wp-block-paragraph\">Adem\u00e1s, Zambrano me record\u00f3 hace unos d\u00edas que quien administraba todos los recursos que recib\u00eda el PRD, los oficiales y las donaciones de cientos de millones de pesos, era \u00fanica y exclusivamente L\u00f3pez Obrador. \u00a1Ah! Andr\u00e9s Manuel ya no era el dirigente del PRD cuando, en mayo de 2013, la Corte orden\u00f3 el pago de la deuda contra\u00edda en 2006 por el plant\u00f3n.<\/p>\n\n\n\n<p class=\"wp-block-paragraph\">\u00bfCalder\u00f3n tomar\u00eda el Paseo de la Reforma? El se\u00f1orpresidente, en pleno abuso del poder porque lo usa para mofarse del contrincante, insultarlo y estigmatizarlo impunemente, recomend\u00f3 a Felipe:<\/p>\n\n\n\n<p class=\"wp-block-paragraph\"><strong><em>\u201cQue convoque a sus amigos de antes, de las c\u00e1maras empresariales, ah\u00ed est\u00e1 Claudio X. Gonz\u00e1lez, a las televisoras, a los medios de comunicaci\u00f3n, que le ayuden y que salgan a la calle a protestar pac\u00edficamente y que si no hay justicia en M\u00e9xico, que vayan al extranjero, a Washington, ah\u00ed est\u00e1 la OEA, que no vaya a Nueva York porque aunque ah\u00ed est\u00e1 la ONU, all\u00e1 est\u00e1 (Genaro) Garc\u00eda Luna, pero s\u00ed puede ir a Washington con sus amigos de la OEA para ver si les ayuda, pero que siga luchando como lo hicimos nosotros, no hay que rendirse\u201d.<\/em><\/strong><\/p>\n\n\n\n<p class=\"wp-block-paragraph\">\u00bfEs un triunfo del pueblo de M\u00e9xico la negativa del INE de otorgar registro como partido pol\u00edtico a M\u00e9xico Libre como argument\u00f3 Andr\u00e9s Manuel? Es una tomadura de pelo; quiso lavarse las manos de este golpe de venganza.&nbsp;<\/p>\n\n\n\n<p class=\"wp-block-paragraph\">El licenciado presidente aludi\u00f3 a aquella convocatoria de 2006 a manifestaciones&nbsp;contra la resoluci\u00f3n del Tribunal Electoral del Poder Judicial de la Federaci\u00f3n luego de que perdiera la presidencia. Hoy tiene el poder y lo usa para el cobro de facturas y amagar; sin duda influye en el \u00e1nimo de los magistrados que habr\u00e1n de atender las quejas de quienes fueron bateados por los consejeros electorales con la negativa de registro como partido a sus organizaciones pol\u00edticas.<\/p>\n\n\n\n<p class=\"wp-block-paragraph\">Quiz\u00e1 haya algo en este proceder de los consejeros electorales respecto de lo ocurrido en la votaci\u00f3n del s\u00e1bado \u00faltimo. Declaraciones de la consejera Adriana Favela Herrera, am\u00e9n de la reuni\u00f3n de Lorenzo C\u00f3rdova y Mario Delgado generaron suspicacias. Es el sospechosismo que nunca se ir\u00e1 de la praxis pol\u00edtica.<\/p>\n\n\n\n<p class=\"wp-block-paragraph\">\u00bfA qu\u00e9 le teme Andr\u00e9s Manuel? S\u00ed, del tama\u00f1o del rencor es el de la venganza pero el miedo a perder el poder lleva a cometer excesos y no son menores en un gobernante perseguido por los fantasmas que pretende exorcizar todas las ma\u00f1anas despu\u00e9s de persignarse frente al espejo. Conste.<\/p>\n\n\n\n<p class=\"wp-block-paragraph\"><a href=\"mailto:sanchezlimon@gmail.com\" target=\"_blank\" rel=\"noreferrer noopener\">sanchezlimon@gmail.com<\/a><\/p>\n\n\n\n<p class=\"wp-block-paragraph\"><a href=\"http:\/\/www.entresemana.mx\/\" target=\"_blank\" rel=\"noreferrer noopener\">www.entresemana.mx<\/a><\/p>\n\n\n\n<p class=\"wp-block-paragraph\">@msanchezlimon<\/p>\n","protected":false},"excerpt":{"rendered":"<p>Del tama\u00f1o del rencor es el de la venganza.<\/p>\n","protected":false},"author":3,"featured_media":15805,"comment_status":"open","ping_status":"open","sticky":false,"template":"","format":"standard","meta":{"_monsterinsights_skip_tracking":false,"footnotes":""},"categories":[691,105,83,35],"tags":[],"class_list":["post-25338","post","type-post","status-publish","format-standard","has-post-thumbnail","category-691","category-entresemana","category-moises-sanchez-limon","category-opinion"],"_links":{"self":[{"href":"https:\/\/redsemlac.com\/semmexico\/wp-json\/wp\/v2\/posts\/25338","targetHints":{"allow":["GET"]}}],"collection":[{"href":"https:\/\/redsemlac.com\/semmexico\/wp-json\/wp\/v2\/posts"}],"about":[{"href":"https:\/\/redsemlac.com\/semmexico\/wp-json\/wp\/v2\/types\/post"}],"author":[{"embeddable":true,"href":"https:\/\/redsemlac.com\/semmexico\/wp-json\/wp\/v2\/users\/3"}],"replies":[{"embeddable":true,"href":"https:\/\/redsemlac.com\/semmexico\/wp-json\/wp\/v2\/comments?post=25338"}],"version-history":[{"count":0,"href":"https:\/\/redsemlac.com\/semmexico\/wp-json\/wp\/v2\/posts\/25338\/revisions"}],"wp:featuredmedia":[{"embeddable":true,"href":"https:\/\/redsemlac.com\/semmexico\/wp-json\/wp\/v2\/media\/15805"}],"wp:attachment":[{"href":"https:\/\/redsemlac.com\/semmexico\/wp-json\/wp\/v2\/media?parent=25338"}],"wp:term":[{"taxonomy":"category","embeddable":true,"href":"https:\/\/redsemlac.com\/semmexico\/wp-json\/wp\/v2\/categories?post=25338"},{"taxonomy":"post_tag","embeddable":true,"href":"https:\/\/redsemlac.com\/semmexico\/wp-json\/wp\/v2\/tags?post=25338"}],"curies":[{"name":"wp","href":"https:\/\/api.w.org\/{rel}","templated":true}]}}