{"id":25331,"date":"2020-09-08T00:32:27","date_gmt":"2020-09-08T00:32:27","guid":{"rendered":"https:\/\/redsemlac.com\/semmexico\/?p=25331"},"modified":"2023-07-21T16:30:19","modified_gmt":"2023-07-21T21:30:19","slug":"elecciones-20-21","status":"publish","type":"post","link":"https:\/\/redsemlac.com\/semmexico\/elecciones-20-21\/","title":{"rendered":"Arranca proceso electoral 20\/21 en un contexto complejo: violencia contra las mujeres y la garant\u00eda de la paridad"},"content":{"rendered":"\n<ul class=\"wp-block-list\"><li><strong>Lorenzo C\u00f3rdova Vianello llam\u00f3 a todas y todos los involucrados a ajustarse a la ley<\/strong><\/li><li><strong>M\u00e1s de 21 mil puestos de elecci\u00f3n popular, la mitad ser\u00e1n jugados por las mujeres<\/strong><\/li><\/ul>\n\n\n\n<p class=\"wp-block-paragraph\"><strong>Elda Montiel<\/strong><\/p>\n\n\n\n<p class=\"wp-block-paragraph\">SemM\u00e9xico. Ciudad de M\u00e9xico. 7 de septiembre 2020.- El proceso electoral es un parteaguas, un desaf\u00edo que pondr\u00e1 a prueba la consistencia de la democracia mexicana, inicia en un contexto complejo por la desigualdad, la pobreza, la inseguridad, los feminicidios, la intolerancia, el cr\u00edtico descontento de la sociedad con los partidos y con la clase pol\u00edtica y, por si lo anterior no fuera poco, el efecto disruptivo en t\u00e9rminos sociales y econ\u00f3micos de la pandemia.<\/p>\n\n\n\n<p class=\"wp-block-paragraph\">As\u00ed lo expres\u00f3 el consejero presidente del Instituto Nacional Electoral (INE) Lorenzo C\u00f3rdova Vianello &nbsp;al encabezar la ceremonia de honores a la bandera con motivo del inicio del Proceso Electoral Federal 2020-2021, el cual implicar\u00e1 la renovaci\u00f3n m\u00e1s grande del poder p\u00fablico en la historia del pa\u00eds.<\/p>\n\n\n\n<p class=\"wp-block-paragraph\">En la explanada del INE, el consejero presidente subray\u00f3 que los comicios del 2021 ser\u00e1n un parteaguas y desaf\u00edo para la democracia en M\u00e9xico.<\/p>\n\n\n\n<p class=\"wp-block-paragraph\">Habl\u00f3 en presencia de consejeras, consejeros y representantes de los partidos pol\u00edticos; del Poder Legislativo, donde convoc\u00f3 a trabajar para que las elecciones del 2021 se conviertan en el mayor espacio de tolerancia e inclusi\u00f3n y la renovaci\u00f3n de los poderes p\u00fablicos en paz.<\/p>\n\n\n\n<p class=\"wp-block-paragraph\">Esperan que transcurran con libertad, tolerancia, respeto a las reglas, como la paridad y en condiciones de higiene que aseguren el derecho a la salud y el ejercicio libre de todas las personas involucradas. Las elecciones de junio pr\u00f3ximo deber\u00e1n ser recordadas como el ejemplo de la madurez pol\u00edtica de la sociedad mexicana, agreg\u00f3 C\u00f3rdova Vianello.<\/p>\n\n\n\n<p class=\"wp-block-paragraph\">Esta fue una sesi\u00f3n extraordinaria del arranque formal del proceso electoral y dijo que ya est\u00e1 dispuesta la entera estructura del INE para hacer posibles todos los procedimientos, todas las etapas previstas en la legislaci\u00f3n y todas las actividades necesarias para que el pr\u00f3ximo 6 de junio de 2021, millones de mexicanas y mexicanos acudan a las urnas a ejercer el derecho al sufragio efectivo, libre, secreto e informado<\/p>\n\n\n\n<p class=\"wp-block-paragraph\">Tambi\u00e9n llam\u00f3 a partidos pol\u00edticos y contendientes a que respeten las reglas de la competencia, a las autoridades de los tres niveles de gobierno, a que se abstengan de utilizar los recursos p\u00fablicos con fines electorales y a la sociedad y sus organizaciones a que se informen, se apropien de la elecci\u00f3n y participen el pr\u00f3ximo 6 de junio.<\/p>\n\n\n\n<p class=\"wp-block-paragraph\">A nombre de las consejeras y consejeros, el presidente del INE reconoci\u00f3 la capacidad T\u00e9cnica de cada una y cada uno de los profesionales que integran el Instituto Nacional Electoral y les reiter\u00f3 p\u00fablicamente que su trabajo no s\u00f3lo es un trabajo burocr\u00e1tico, sino una causa, \u201cuna contribuci\u00f3n para evitar que los discursos de odio y la polarizaci\u00f3n que, en ocasiones buscan imponerse, da\u00f1en a\u00fan m\u00e1s el tejido social de nuestro pa\u00eds\u201d.<\/p>\n\n\n\n<p class=\"wp-block-paragraph\">Asimismo indic\u00f3 que de cara al 2021, son muchos los desaf\u00edos por enfrentar: la desigualdad, la pobreza, la inseguridad, los feminicidios, la intolerancia a la cr\u00edtica, el descontento de la sociedad con los partidos y con la clase pol\u00edtica y, por si lo anterior no fuera poco, el efecto disruptivo en t\u00e9rminos sociales y econ\u00f3micos de la pandemia.<\/p>\n\n\n\n<p class=\"wp-block-paragraph\">Explic\u00f3 que desde hace meses, el Instituto Nacional Electoral se ha venido preparando para ello tomando una serie de acuerdos, emitiendo lineamientos, dise\u00f1ando y aprobado estrategias, protocolos y directrices para enfrentar el mayor reto electoral en t\u00e9rminos t\u00e9cnicos y operativos en el marco de uno de los contextos pol\u00edticos sociales y econ\u00f3micos m\u00e1s complicados que hayamos vivido.<\/p>\n\n\n\n<p class=\"wp-block-paragraph\">Para estas elecciones, ser\u00e1n convocados a votar alrededor de 95 millones de electores registrados, m\u00e1s de 5 millones de persona m\u00e1s que en 2018. Se prev\u00e9 la instalaci\u00f3n de 164 mil 550 casillas, 8 mil m\u00e1s que en la \u00faltima elecci\u00f3n federal; se visitar\u00e1n a casi 12 millones y medio de ciudadanas y ciudadanos durante las etapas de capacitaci\u00f3n electoral para poder reclutar a cerca de 1 mill\u00f3n y medio de funcionarias y funcionarios de casilla para que reciban, cuenten y garanticen el voto de sus vecinos. Se renovar\u00e1n m\u00e1s de 21 mil cargos de elecci\u00f3n popular a nivel federal y en las 32 entidades federativas.<\/p>\n\n\n\n<p class=\"wp-block-paragraph\">Destac\u00f3 que los grandes problemas nacionales siguen presentes y contin\u00faan erosionando el tejido social y, en consecuencia, la convivencia democr\u00e1tica.<\/p>\n\n\n\n<p class=\"wp-block-paragraph\">Consider\u00f3 que arranca el proceso, se le debe ver como un momento de respiro, un episodio en el que todas y todos somos iguales ante las urnas, pues todas y todos, sin importar nuestra condici\u00f3n, tenemos el mismo e indeclinable derecho al sufragio.<\/p>\n\n\n\n<p class=\"wp-block-paragraph\">Las elecciones del 6 de junio de 2021 representan, adem\u00e1s, la posibilidad de conformar una nueva C\u00e1mara de Diputados, un privilegiado espacio de pluralidad democr\u00e1tica. Al votar por 500 diputadas y diputados, se renovar\u00e1 la representaci\u00f3n popular de la naci\u00f3n, una de las dos c\u00e1maras que hacen posible la divisi\u00f3n de poderes consagrada en la Constituci\u00f3n como forma de gobierno y modelo de convivencia pac\u00edfica.<\/p>\n\n\n\n<p class=\"wp-block-paragraph\">Previno finalmente al se\u00f1alar que se ve de manera preocupante la profundizaci\u00f3n de la polarizaci\u00f3n aderezada con dosis muy altas de intolerancia; y advirti\u00f3 que el valor antidemocr\u00e1tico por excelencia, y al antagonista pol\u00edtico, al contendiente, pasa por v\u00e9rsele como un enemigo, alguien que no merece respeto. Manifest\u00f3 que debe abandonarse la descalificaci\u00f3n del otro o la otra. Hay que dejar atr\u00e1s las pr\u00e1cticas antidemocr\u00e1ticas porque son caldo de cultivo del autoritarismo totalitario. Celebr\u00f3 que ahora se ir\u00e1 al proceso en paridad en todo el pa\u00eds y en todas las elecciones.<\/p>\n","protected":false},"excerpt":{"rendered":"<p>Lorenzo C\u00f3rdova Vianello llam\u00f3 a todas y todos los involucrados a ajustarse a la ley<\/p>\n","protected":false},"author":3,"featured_media":25332,"comment_status":"open","ping_status":"open","sticky":false,"template":"","format":"standard","meta":{"_monsterinsights_skip_tracking":false,"footnotes":""},"categories":[691,141],"tags":[],"class_list":["post-25331","post","type-post","status-publish","format-standard","has-post-thumbnail","category-691","category-elecciones-2020-2021"],"_links":{"self":[{"href":"https:\/\/redsemlac.com\/semmexico\/wp-json\/wp\/v2\/posts\/25331","targetHints":{"allow":["GET"]}}],"collection":[{"href":"https:\/\/redsemlac.com\/semmexico\/wp-json\/wp\/v2\/posts"}],"about":[{"href":"https:\/\/redsemlac.com\/semmexico\/wp-json\/wp\/v2\/types\/post"}],"author":[{"embeddable":true,"href":"https:\/\/redsemlac.com\/semmexico\/wp-json\/wp\/v2\/users\/3"}],"replies":[{"embeddable":true,"href":"https:\/\/redsemlac.com\/semmexico\/wp-json\/wp\/v2\/comments?post=25331"}],"version-history":[{"count":0,"href":"https:\/\/redsemlac.com\/semmexico\/wp-json\/wp\/v2\/posts\/25331\/revisions"}],"wp:featuredmedia":[{"embeddable":true,"href":"https:\/\/redsemlac.com\/semmexico\/wp-json\/wp\/v2\/media\/25332"}],"wp:attachment":[{"href":"https:\/\/redsemlac.com\/semmexico\/wp-json\/wp\/v2\/media?parent=25331"}],"wp:term":[{"taxonomy":"category","embeddable":true,"href":"https:\/\/redsemlac.com\/semmexico\/wp-json\/wp\/v2\/categories?post=25331"},{"taxonomy":"post_tag","embeddable":true,"href":"https:\/\/redsemlac.com\/semmexico\/wp-json\/wp\/v2\/tags?post=25331"}],"curies":[{"name":"wp","href":"https:\/\/api.w.org\/{rel}","templated":true}]}}